{"id":11040,"date":"2017-07-07T07:00:05","date_gmt":"2017-07-07T05:00:05","guid":{"rendered":"http:\/\/www.friedenkoeln.de\/?p=11040"},"modified":"2017-07-06T22:06:28","modified_gmt":"2017-07-06T20:06:28","slug":"samstag-8-juli-2017-friedensfahne-der-mayors-for-peace-weht-in-koeln","status":"publish","type":"post","link":"https:\/\/www.friedenkoeln.de\/?p=11040","title":{"rendered":"Samstag, 8. Juli 2017: Friedensfahne der\u00a0&#8222;Mayors for Peace&#8220; weht in K\u00f6ln"},"content":{"rendered":"<p>K\u00f6ln. Am 8. Juli 2017 wird die Friedensfahne auf dem <strong>Alter Markt hinter dem Rathaus<\/strong> und vor dem <strong>Bezirksrathaus in M\u00fclheim<\/strong> wehen. Mit dem Hissen der Flagge des weltweiten B\u00fcndnisses der &#8222;<a href=\"http:\/\/www.mayorsforpeace.org\/english\/\">Mayors for Peace<\/a>&#8220; appelliert die K\u00f6lner Oberb\u00fcrgermeisterin Henriette Reker an die Staaten der Welt, Atomwaffen endg\u00fcltig abzuschaffen. In einem Schreiben an die DFG-VK Gruppe K\u00f6ln vom 23. M\u00e4rz 2017 schrieb Frau Reker:<!--more--><\/p>\n<blockquote><p>Als B\u00fcrgermeisterin f\u00fcr den Frieden \u2013 Mayor for Peace \u2013 setzte ich mich daf\u00fcr ein, Atomwaffen weltweit abzuschaffen, insbesondere auch die Atombomben beim Jagdbombergeschwader 33 aus B\u00fcchel abzuziehen.<\/p>\n<p>Massenvernichtungswaffen richten sich vor allem gegen Zivilisten, ihr Einsatz ist ein Verbrechen gegen die Menschheit. Daher w\u00fcnsche ich den Verhandlungen f\u00fcr ein Atomwaffenverbot, die am 27. Marz 2017 in New York beginnen, viel Erfolg und der Auftaktveranstaltung zu 20 Wochen Aktonspr\u00e4senz in B\u00fcchel einen guten Verlauf.<\/p><\/blockquote>\n<div id=\"attachment_10483\" style=\"width: 353px\" class=\"wp-caption alignright\"><img loading=\"lazy\" decoding=\"async\" aria-describedby=\"caption-attachment-10483\" class=\" wp-image-10483\" src=\"http:\/\/www.friedenkoeln.de\/wp-content\/uploads\/2017\/03\/IMG_20160708_111037-e1490542251820-1024x691.jpg\" alt=\"Die Mayors-for-Peace-Flagge tr\u00e4gt eine gr\u00fcne Aufschrift auf wei\u00dfem Grund. Hier flattert sich vor dem K\u00f6lner Rathausturm. Das Foto ist von unten aufgenommen, sodass man den blauen Himmel und wei\u00dfe W\u00f6lkchen im Hintergrund sieht.\" width=\"343\" height=\"231\" srcset=\"https:\/\/www.friedenkoeln.de\/wp-content\/uploads\/2017\/03\/IMG_20160708_111037-e1490542251820-1024x691.jpg 1024w, https:\/\/www.friedenkoeln.de\/wp-content\/uploads\/2017\/03\/IMG_20160708_111037-e1490542251820-768x518.jpg 768w\" sizes=\"auto, (max-width: 343px) 100vw, 343px\" \/><p id=\"caption-attachment-10483\" class=\"wp-caption-text\">Flagge der Mayors for Peace vor dem Rathausturm K\u00f6ln. 8.7.2016. Foto: Stefanie Intveen<\/p><\/div>\n<p>Die B\u00fcrgermeister f\u00fcr den Frieden sind sehr besorgt, dass immer noch rund 15.000 Atomsprengk\u00f6pfe auf der Welt existieren. Einer Welt, die zunehmend von zahllosen gewaltt\u00e4tigen Konflikten, kriegerischen Auseinandersetzungen und Terrorismus gepr\u00e4gt ist. Einer Welt, die aus den Fugen zu geraten scheint. Vor dem Hintergrund der geplanten Stationierung neuer, technisch aufger\u00fcsteter Atomwaffen in Europa, darunter nur 115 km vom K\u00f6lner Rathaus entfernt in B\u00fcchel\/Eifel, ist es daher umso wichtiger, am heutigen Flaggentag auf das Ziel einer atomwaffenfreien Welt hinzuweisen<\/p>\n<div id=\"attachment_10685\" style=\"width: 308px\" class=\"wp-caption alignleft\"><img loading=\"lazy\" decoding=\"async\" aria-describedby=\"caption-attachment-10685\" class=\" wp-image-10685\" src=\"http:\/\/www.friedenkoeln.de\/wp-content\/uploads\/2017\/04\/20170415-_DSC2277-1024x683.jpeg\" alt=\"\" width=\"298\" height=\"199\" srcset=\"https:\/\/www.friedenkoeln.de\/wp-content\/uploads\/2017\/04\/20170415-_DSC2277-1024x683.jpeg 1024w, https:\/\/www.friedenkoeln.de\/wp-content\/uploads\/2017\/04\/20170415-_DSC2277-768x512.jpeg 768w, https:\/\/www.friedenkoeln.de\/wp-content\/uploads\/2017\/04\/20170415-_DSC2277.jpeg 1280w\" sizes=\"auto, (max-width: 298px) 100vw, 298px\" \/><p id=\"caption-attachment-10685\" class=\"wp-caption-text\">Michael S\u00fcnner am 15.4.2017 in K\u00f6ln. Foto: Herbert Sauerwein<\/p><\/div>\n<p>\u00dcber 200 St\u00e4dte nehmen in diesem Jahr an der deutschlandweiten Aktion teil. Sie erinnert an ein Rechtsgutachten des Internationalen Gerichtshofs in Den Haag \u2013 des Hauptrechtsprechungsorgans der Vereinten Nationen \u2013 vom 8. Juli 1996. Darin hei\u00dft es, dass die Androhung und der Einsatz von Atomwaffen generell mit den Regeln des humanit\u00e4ren Kriegsv\u00f6lkerrechts unvereinbar seien. Das Gutachten ist zwar nicht bindend, aber dennoch von gro\u00dfer Bedeutung: die Staaten der Weltgemeinschaft werden an ihre \u201ev\u00f6lkerrechtliche Verpflichtung\u201c gemahnt, ernsthafte Verhandlungen zur Beseitigung von Kernwaffen aufzunehmen.<\/p>\n<div id=\"attachment_10873\" style=\"width: 238px\" class=\"wp-caption alignright\"><img loading=\"lazy\" decoding=\"async\" aria-describedby=\"caption-attachment-10873\" class=\" wp-image-10873\" src=\"http:\/\/www.friedenkoeln.de\/wp-content\/uploads\/2017\/05\/DSC_0288-683x1024.jpg\" alt=\"Im Vordergrund sind wei\u00dfe Bl\u00fctendolden und Gr\u00e4ser im morgendlichen Sonnenlicht - im schattigen Hintergrund der hohe Sicherheitszaun und das Heck eines dahinter patrouillierenden Milit\u00e4rfahrzeugs.\" width=\"228\" height=\"342\" srcset=\"https:\/\/www.friedenkoeln.de\/wp-content\/uploads\/2017\/05\/DSC_0288-683x1024.jpg 683w, https:\/\/www.friedenkoeln.de\/wp-content\/uploads\/2017\/05\/DSC_0288-768x1152.jpg 768w\" sizes=\"auto, (max-width: 228px) 100vw, 228px\" \/><p id=\"caption-attachment-10873\" class=\"wp-caption-text\">Fr\u00fchlingsblumen in der Morgensonne vor dem Atombombenlager in B\u00fcchel \/ Eifel. Foto: Stefanie Intveen.<\/p><\/div>\n<p>Dies ist im Rahmen der UN auf Beschluss von rund 130 Staaten geschehen. Ein internationales Verbot von Atomwaffen r\u00fcckt in greifbare N\u00e4he. Der erste offizielle Vertragsentwurf wurde nun bei den Vereinten Nationen in Genf ver\u00f6ffentlicht. Die Pr\u00e4sidentin der Verhandlungen, Elayne Whyte G\u00f3mez aus Costa Rica, hat am 23. M\u00e4rz 2017 einen Entwurf f\u00fcr einen Verbotsvertrag vorgelegt. Laut dem Entwurf w\u00fcrden sich die Unterzeichnerstaaten verpflichten, unter keinen Umst\u00e4nden Atomwaffen zu entwickeln, herzustellen, anderweitig zu beschaffen, zu besitzen oder zu lagern. Auch der Transfer sowie die Weitergabe der Verf\u00fcgungsgewalt werden umfassend verboten, sodass auch die nukleare Teilhabe innerhalb der NATO nicht vertragskonform w\u00e4re. Der Einsatz von Atomwaffen wird ebenfalls untersagt. Zudem d\u00fcrfen die Vertragsparteien keiner anderen Partei helfen, diese verbotenen Aktivit\u00e4ten durchzuf\u00fchren.<\/p>\n<p>F\u00fcr Deutschland ist insbesondere Absatz 2a des Artikels 1 wichtig, wonach jegliche Stationierung von Atomwaffen untersagt wird. Diese Bestimmung bedeutet, dass die US-Atomwaffen in B\u00fcchel abgezogen werden m\u00fcssen, bevor Deutschland unterzeichnen kann.<\/p>\n<p>Die Bundesregierung hat sich wie die atomwaffenbesitzenden Staaten bisher nicht an den Verhandlungen im Rahmen der UN beteiligt. Sie verpasst damit im Widerspruch zur Mehrheitsmeinung die Chance, sich konstruktiv in einen Prozess einzubringen, der die Perspektive einer Welt ohne Atomwaffen er\u00f6ffnet.<\/p>\n<p><b>Die Drohung mit Atomwaffen spielt mit dem Ende des h\u00f6heren Lebens auf unserem Planeten und ist der schlimmste Terrorismus, der denkbar ist.<\/b><\/p>\n<p>Aufgrund des Christopher Street Day findet die Kundgebung in diesem Jahr<\/p>\n<p style=\"text-align: center;\"><b>am Samstag, den 8. Juli 2017, um 11.00 Uhr<\/b><\/p>\n<p style=\"text-align: center;\"><b>vor dem Bezirksrathaus K\u00f6ln-M\u00fclheim, Wiener Platz <\/b><\/p>\n<p>statt<b>.<\/b><\/p>\n<p>Begr\u00fc\u00dfung: <b>Bezirksb\u00fcrgermeister Norbert Fuchs<\/b><br \/>\nModeration\/Rede:<b> Harald Fuchs, Sprecher DFG-VK Gruppe K\u00f6ln<\/b><br \/>\nMusik:<b> Blue Flowers<\/b><\/p>\n<p>Weitere Informationen: <a href=\"https:\/\/www.hannover.de\/Leben-in-der-Region-Hannover\/Politik\/Politische-Gremien\/Mayors-for-Peace\">www.mayorsforpeace.de<\/a>, <a href=\"http:\/\/www.atomwaffenfrei.de\/\">www.atomwaffenfrei.de<\/a><br \/>\nV.i.S.d.P.: H. Fuchs, Buchheimer Str. 46, 51063 K\u00f6ln<\/p>\n","protected":false},"excerpt":{"rendered":"<p>K\u00f6ln. Am 8. Juli 2017 wird die Friedensfahne auf dem Alter Markt hinter dem Rathaus und vor dem Bezirksrathaus in M\u00fclheim wehen. Mit dem Hissen der Flagge des weltweiten B\u00fcndnisses der &#8222;Mayors for Peace&#8220;&#46;&#46;&#46;<\/p>\n","protected":false},"author":110,"featured_media":0,"comment_status":"open","ping_status":"open","sticky":false,"template":"","format":"standard","meta":{"footnotes":""},"categories":[2],"tags":[42,33,68,61,3,73],"class_list":["post-11040","post","type-post","status-publish","format-standard","hentry","category-aktionen","tag-abruestung","tag-atomwaffen","tag-bundesregierung","tag-kommunale-friedensarbeit","tag-pazifismus","tag-vereinte-nationen"],"_links":{"self":[{"href":"https:\/\/www.friedenkoeln.de\/index.php?rest_route=\/wp\/v2\/posts\/11040","targetHints":{"allow":["GET"]}}],"collection":[{"href":"https:\/\/www.friedenkoeln.de\/index.php?rest_route=\/wp\/v2\/posts"}],"about":[{"href":"https:\/\/www.friedenkoeln.de\/index.php?rest_route=\/wp\/v2\/types\/post"}],"author":[{"embeddable":true,"href":"https:\/\/www.friedenkoeln.de\/index.php?rest_route=\/wp\/v2\/users\/110"}],"replies":[{"embeddable":true,"href":"https:\/\/www.friedenkoeln.de\/index.php?rest_route=%2Fwp%2Fv2%2Fcomments&post=11040"}],"version-history":[{"count":1,"href":"https:\/\/www.friedenkoeln.de\/index.php?rest_route=\/wp\/v2\/posts\/11040\/revisions"}],"predecessor-version":[{"id":11041,"href":"https:\/\/www.friedenkoeln.de\/index.php?rest_route=\/wp\/v2\/posts\/11040\/revisions\/11041"}],"wp:attachment":[{"href":"https:\/\/www.friedenkoeln.de\/index.php?rest_route=%2Fwp%2Fv2%2Fmedia&parent=11040"}],"wp:term":[{"taxonomy":"category","embeddable":true,"href":"https:\/\/www.friedenkoeln.de\/index.php?rest_route=%2Fwp%2Fv2%2Fcategories&post=11040"},{"taxonomy":"post_tag","embeddable":true,"href":"https:\/\/www.friedenkoeln.de\/index.php?rest_route=%2Fwp%2Fv2%2Ftags&post=11040"}],"curies":[{"name":"wp","href":"https:\/\/api.w.org\/{rel}","templated":true}]}}