{"id":11042,"date":"2017-07-07T23:05:18","date_gmt":"2017-07-07T21:05:18","guid":{"rendered":"http:\/\/www.friedenkoeln.de\/?p=11042"},"modified":"2017-07-07T23:06:10","modified_gmt":"2017-07-07T21:06:10","slug":"gute-nachricht-atomwaffen-endlich-verboten-un-beschliessen-historisches-abkommen","status":"publish","type":"post","link":"https:\/\/www.friedenkoeln.de\/?p=11042","title":{"rendered":"Gute Nachricht: Atomwaffen endlich verboten! UN beschlie\u00dfen historisches Abkommen"},"content":{"rendered":"<p>ICAN Deutschland schreibt in der heutigen Pressemitteilung:<!--more--><\/p>\n<blockquote><p>7.<em> Juli 2017<\/em>\u00a0122 Staaten haben am Freitagmorgen bei den Vereinten Nationen in New York einen Vertrag zum Verbot von Atomwaffen verabschiedet. Nach Jahrzehnten stockender Abr\u00fcstung senden sie eine klare Botschaft an die Atomwaffenstaaten: die internationale Staatengemeinschaft akzeptiert den bisherigen Sonderstatus der Atomm\u00e4chte nicht l\u00e4nger. Das v\u00f6lkerrechtlich verbindliche Abkommen verbietet neben der Herstellung, dem Einsatz und Besitz auch die Drohung mit einem Nuklearschlag sowie die Stationierung von Atomwaffen in anderen Staaten. Damit handelt k\u00fcnftig auch die Bundesregierung mit der nuklearen Teilhabe in der NATO und der Verf\u00fcgung \u00fcber US-Atomwaffen in Deutschland gegen geltendes V\u00f6lkerrecht. Die Bundesregierung blieb aus diesem Grund und auf Druck der USA den Verhandlungen fern.<\/p>\n<p>Friedensaktivisten sehen in dem Vertrag einen Durchbruch. \u201eDas Verbot schlie\u00dft eine v\u00f6lkerrechtliche L\u00fccke, die trotz Ende des Kalten Krieges \u00fcber Jahrzehnte offen klaffte\u201c, sagt Sascha Hach von ICAN Deutschland. \u201eBio- und Chemiewaffen sind schon lange verboten, doch der Besitz von Atomwaffen war bis heute erlaubt. Dieses Paradox haben die atomwaffenfreien L\u00e4nder nun beendet, indem sie den Aufstand gegen die Atomm\u00e4chte gewagt haben.\u201c<\/p><\/blockquote>\n<p>Der weitere Text ist <a href=\"https:\/\/www.icanw.de\/neuigkeiten\/atomwaffen-endlich-verboten\/\">hier<\/a> zu lesen.<\/p>\n<p>Das International Peace Bureau berichtet in einem Rundschreiben \u00fcber die Abstimmung bei den Vereinten Nationen, der Vertrag sei mit 122 Ja-Stimmen, einer Nein-Stimme (Niederlande) und einer Enthaltung (Singapur) angenommen worden:<\/p>\n<blockquote><p>The president of the Conference Ambassador Whyte asked if consensus was reached. The answer was standing ovations. Nevertheless, the Netherlands asked for voting. The Treaty was adopted by 122 yes votes, 1 no (Netherlands) and 1 abstention (Singapore). Then the delegations started to give their statements. (&#8230;)<\/p>\n<p>This is a great success for all those who were fighting for this moment. We all will continue until we reach nuclear disarmament.<\/p><\/blockquote>\n<p>Eine Zusammenfassung des Vertrags und die n\u00e4chsten Schritte f\u00fcr die Umsetzung des Verbotsvertrags finden sich <a href=\"https:\/\/www.icanw.de\/neuigkeiten\/faq-zur-verabschiedung-der-vertrages\/\">hier<\/a>. Der Vertragstext selbst ist <a href=\"http:\/\/www.undocs.org\/en\/a\/conf.229\/2017\/L.3\/Rev.1\">hier<\/a>.<\/p>\n<div id=\"attachment_9473\" style=\"width: 317px\" class=\"wp-caption alignright\"><img loading=\"lazy\" decoding=\"async\" aria-describedby=\"caption-attachment-9473\" class=\" wp-image-9473\" src=\"http:\/\/www.friedenkoeln.de\/wp-content\/uploads\/2016\/06\/RTEmagicC_atomwaffenfrei2016_farb300x200.jpg.jpg\" alt=\"\" width=\"307\" height=\"204\" \/><p id=\"caption-attachment-9473\" class=\"wp-caption-text\">B\u00fcchel ist \u00fcberall! atomwaffenfrei.jetzt<\/p><\/div>\n<p>Das kann in K\u00f6ln morgen beim <a href=\"http:\/\/www.friedenkoeln.de\/?p=11040\">Hissen der Flagge der B\u00fcrgermeister*innen f\u00fcr den Frieden<\/a>\u00a0und am deutschen Atombombenstandort B\u00fcchel\/Eifel am 15. Juli 2017, dem zentralen <a href=\"https:\/\/buechel-atombombenfrei.jimdo.com\/selbstverpflichtung\/konstantin-wecker\/\">Aktionstag mit US-Friedensaktivist*innen und Konzert mit Konstantin Wecker und Bands aus der Region<\/a> gefeiert werden!<\/p>\n","protected":false},"excerpt":{"rendered":"<p>ICAN Deutschland schreibt in der heutigen Pressemitteilung:<\/p>\n","protected":false},"author":110,"featured_media":0,"comment_status":"open","ping_status":"open","sticky":false,"template":"","format":"standard","meta":{"footnotes":""},"categories":[2],"tags":[42,33,48,31,3,73],"class_list":["post-11042","post","type-post","status-publish","format-standard","hentry","category-aktionen","tag-abruestung","tag-atomwaffen","tag-bundeswehr","tag-konferenzen","tag-pazifismus","tag-vereinte-nationen"],"_links":{"self":[{"href":"https:\/\/www.friedenkoeln.de\/index.php?rest_route=\/wp\/v2\/posts\/11042","targetHints":{"allow":["GET"]}}],"collection":[{"href":"https:\/\/www.friedenkoeln.de\/index.php?rest_route=\/wp\/v2\/posts"}],"about":[{"href":"https:\/\/www.friedenkoeln.de\/index.php?rest_route=\/wp\/v2\/types\/post"}],"author":[{"embeddable":true,"href":"https:\/\/www.friedenkoeln.de\/index.php?rest_route=\/wp\/v2\/users\/110"}],"replies":[{"embeddable":true,"href":"https:\/\/www.friedenkoeln.de\/index.php?rest_route=%2Fwp%2Fv2%2Fcomments&post=11042"}],"version-history":[{"count":4,"href":"https:\/\/www.friedenkoeln.de\/index.php?rest_route=\/wp\/v2\/posts\/11042\/revisions"}],"predecessor-version":[{"id":11046,"href":"https:\/\/www.friedenkoeln.de\/index.php?rest_route=\/wp\/v2\/posts\/11042\/revisions\/11046"}],"wp:attachment":[{"href":"https:\/\/www.friedenkoeln.de\/index.php?rest_route=%2Fwp%2Fv2%2Fmedia&parent=11042"}],"wp:term":[{"taxonomy":"category","embeddable":true,"href":"https:\/\/www.friedenkoeln.de\/index.php?rest_route=%2Fwp%2Fv2%2Fcategories&post=11042"},{"taxonomy":"post_tag","embeddable":true,"href":"https:\/\/www.friedenkoeln.de\/index.php?rest_route=%2Fwp%2Fv2%2Ftags&post=11042"}],"curies":[{"name":"wp","href":"https:\/\/api.w.org\/{rel}","templated":true}]}}