{"id":11047,"date":"2017-07-12T07:00:52","date_gmt":"2017-07-12T05:00:52","guid":{"rendered":"http:\/\/www.friedenkoeln.de\/?p=11047"},"modified":"2017-07-13T10:14:42","modified_gmt":"2017-07-13T08:14:42","slug":"markus-liegl-friedensvertrag-fuer-korea-aushandeln","status":"publish","type":"post","link":"https:\/\/www.friedenkoeln.de\/?p=11047","title":{"rendered":"Markus Liegl: Friedensvertrag f\u00fcr Korea aushandeln!"},"content":{"rendered":"<p>Nordkoreas Nuklearwaffenprogramm ist auch eine Botschaft an die Vereinigten Staaten von Amerika: Pj\u00f6ngjang will Washington auf Augenh\u00f6he begegnen, um neben der formalen Anerkennung Nordkoreas auch \u00fcber einen Friedensvertrag zu verhandeln.<!--more--><\/p>\n<div id=\"attachment_11050\" style=\"width: 211px\" class=\"wp-caption alignleft\"><img loading=\"lazy\" decoding=\"async\" aria-describedby=\"caption-attachment-11050\" class=\" wp-image-11050\" src=\"http:\/\/www.friedenkoeln.de\/wp-content\/uploads\/2017\/07\/DSC_0092-683x1024.jpg\" alt=\"\" width=\"201\" height=\"302\" srcset=\"https:\/\/www.friedenkoeln.de\/wp-content\/uploads\/2017\/07\/DSC_0092-683x1024.jpg 683w, https:\/\/www.friedenkoeln.de\/wp-content\/uploads\/2017\/07\/DSC_0092-768x1152.jpg 768w\" sizes=\"auto, (max-width: 201px) 100vw, 201px\" \/><p id=\"caption-attachment-11050\" class=\"wp-caption-text\">Markus Liegl am 1.6.2017 in der Kart\u00e4userkirche K\u00f6ln. Foto: Stefanie Intveen<\/p><\/div>\n<p>Darauf wies der Friedens- und Konfliktforscher Markus Liegl in seinem\u00a0Vortrag am 1. Juni 2017 in K\u00f6ln hin. Seiner Ansicht nach sei die Lage h\u00f6chst gef\u00e4hrlich, da die nordkoreanische Regierung bereit sei, milit\u00e4risch hoch zu pokern, um Bewegung in die festgefahrene und f\u00fcr Nordkorea ung\u00fcnstige Lage zu bringen. Um die Spannungen abzubauen, m\u00fcssten die Vereinigten Staaten \u00fcber ihren Schatten springen und einen grunds\u00e4tzlichen Politikwechsel vollbringen; aus Sicht der USA best\u00fcnde das Risiko eines Statusverlustes durch das Eingest\u00e4ndnis, dass die bisherige Koreapolitik der USA nicht erfolgreich gewesen sei. Auch m\u00fcssten S\u00fcdkorea und die VR China Verhandlungsbereitschaft zeigen, um die Konfrontation friedlich zu beenden.<\/p>\n<p>Den <a href=\"https:\/\/www.youtube.com\/watch?v=t6mxTqHvSRU\">kompletten Vortrag<\/a>, der einen guten \u00dcberblick \u00fcber die unterschiedlichen Perspektiven der Konfliktbeteiligten und Szenarien des weiteren Konfliktverlaufs bietet, gibt es jetzt auf dem DFG-VK YouTube-Kanal.<\/p>\n<p>Wir geh\u00f6rten zu den Veranstaltern des Doppelvortrags unter dem Titel &#8222;<a href=\"http:\/\/www.friedenkoeln.de\/?p=10779\">Antimilitarismus und Kriegsdienstverweigerung in einem geteilten Land<\/a>&#8222;.<\/p>\n<p><em>Leicht korrigierte Fassung vom 13.7.2017, 10:15.<\/em><\/p>\n","protected":false},"excerpt":{"rendered":"<p>Nordkoreas Nuklearwaffenprogramm ist auch eine Botschaft an die Vereinigten Staaten von Amerika: Pj\u00f6ngjang will Washington auf Augenh\u00f6he begegnen, um neben der formalen Anerkennung Nordkoreas auch \u00fcber einen Friedensvertrag zu verhandeln.<\/p>\n","protected":false},"author":110,"featured_media":0,"comment_status":"open","ping_status":"open","sticky":false,"template":"","format":"standard","meta":{"footnotes":""},"categories":[2],"tags":[33,73,4],"class_list":["post-11047","post","type-post","status-publish","format-standard","hentry","category-aktionen","tag-atomwaffen","tag-vereinte-nationen","tag-zivile-konfliktloesung"],"_links":{"self":[{"href":"https:\/\/www.friedenkoeln.de\/index.php?rest_route=\/wp\/v2\/posts\/11047","targetHints":{"allow":["GET"]}}],"collection":[{"href":"https:\/\/www.friedenkoeln.de\/index.php?rest_route=\/wp\/v2\/posts"}],"about":[{"href":"https:\/\/www.friedenkoeln.de\/index.php?rest_route=\/wp\/v2\/types\/post"}],"author":[{"embeddable":true,"href":"https:\/\/www.friedenkoeln.de\/index.php?rest_route=\/wp\/v2\/users\/110"}],"replies":[{"embeddable":true,"href":"https:\/\/www.friedenkoeln.de\/index.php?rest_route=%2Fwp%2Fv2%2Fcomments&post=11047"}],"version-history":[{"count":7,"href":"https:\/\/www.friedenkoeln.de\/index.php?rest_route=\/wp\/v2\/posts\/11047\/revisions"}],"predecessor-version":[{"id":11091,"href":"https:\/\/www.friedenkoeln.de\/index.php?rest_route=\/wp\/v2\/posts\/11047\/revisions\/11091"}],"wp:attachment":[{"href":"https:\/\/www.friedenkoeln.de\/index.php?rest_route=%2Fwp%2Fv2%2Fmedia&parent=11047"}],"wp:term":[{"taxonomy":"category","embeddable":true,"href":"https:\/\/www.friedenkoeln.de\/index.php?rest_route=%2Fwp%2Fv2%2Fcategories&post=11047"},{"taxonomy":"post_tag","embeddable":true,"href":"https:\/\/www.friedenkoeln.de\/index.php?rest_route=%2Fwp%2Fv2%2Ftags&post=11047"}],"curies":[{"name":"wp","href":"https:\/\/api.w.org\/{rel}","templated":true}]}}