{"id":11060,"date":"2017-07-09T13:16:14","date_gmt":"2017-07-09T11:16:14","guid":{"rendered":"http:\/\/www.friedenkoeln.de\/?p=11060"},"modified":"2017-07-16T15:11:03","modified_gmt":"2017-07-16T13:11:03","slug":"harald-fuchs-entweder-wir-schaffen-die-atomwaffen-ab-oder-sie-werden-eines-tages-uns-abschaffen","status":"publish","type":"post","link":"https:\/\/www.friedenkoeln.de\/?p=11060","title":{"rendered":"Harald Fuchs: Entweder wir schaffen die Atomwaffen ab, oder sie werden eines Tages uns abschaffen!"},"content":{"rendered":"<div class=\"page\" title=\"Page 1\">\n<div class=\"layoutArea\">\u00a0Am 8. Juli war der Flaggentag der &#8222;Mayors for Peace&#8220;, der B\u00fcrgermeister*innen, die sich f\u00fcr Frieden und atomare Abr\u00fcstung einsetzen. Auch Oberb\u00fcrgermeisterin Henriette Reker steht f\u00fcr diese Forderung.<\/div>\n<div class=\"layoutArea\">\n<div class=\"column\">\n<div id=\"attachment_11065\" style=\"width: 408px\" class=\"wp-caption alignright\"><img loading=\"lazy\" decoding=\"async\" aria-describedby=\"caption-attachment-11065\" class=\"wp-image-11065 \" src=\"http:\/\/www.friedenkoeln.de\/wp-content\/uploads\/2017\/07\/20170708-_DSC4790-1024x624.jpeg\" alt=\"Im Vordergrund stehen zwei Mitglieder der Friedensinitiative K\u00f6ln-M\u00fclheim in dunkelblauen Vereins-T-Shirts, der Bezirksb\u00fcrgermeister Norbert Fuchs und Harald Fuchs vom Hiroshima-Nagasaki-Arbeitskreis im K\u00f6lner Friedensforum. Im Hintergrund ist der untere Teil der Friedensfahne zu sehen: &quot;B\u00fcrgermeister f\u00fcr den Frieden&quot; in gr\u00fcner Schrift auf wei\u00dfem Grund.\" width=\"398\" height=\"242\" srcset=\"https:\/\/www.friedenkoeln.de\/wp-content\/uploads\/2017\/07\/20170708-_DSC4790-1024x624.jpeg 1024w, https:\/\/www.friedenkoeln.de\/wp-content\/uploads\/2017\/07\/20170708-_DSC4790-768x468.jpeg 768w, https:\/\/www.friedenkoeln.de\/wp-content\/uploads\/2017\/07\/20170708-_DSC4790-80x50.jpeg 80w, https:\/\/www.friedenkoeln.de\/wp-content\/uploads\/2017\/07\/20170708-_DSC4790.jpeg 1280w\" sizes=\"auto, (max-width: 398px) 100vw, 398px\" \/><p id=\"caption-attachment-11065\" class=\"wp-caption-text\">Bezirksb\u00fcrgermeister Norbert Fuchs spricht f\u00fcr die &#8222;B\u00fcrgermeister f\u00fcr den Frieden&#8220;. 8. Juli 2017 in K\u00f6ln-M\u00fclheim. Foto: Herbert Sauerwein.<\/p><\/div>\n<p>Die zentrale Kundgebung mit dem feierlichen Hissen der Flagge der &#8222;Mayors for Peace&#8220; fand dieses Jahr vor dem Bezirksrathaus K\u00f6ln-M\u00fclheim statt. Bezirksb\u00fcrgermeister Norbert Fuchs hob in seiner Ansprache die starke Tradition des friedlichen Nebeneinander und Miteinander der etwa 180 in K\u00f6ln lebenden Nationalit\u00e4ten hervor. Die Stadtgesellschaft &#8211; gerade auch im Stadtbezirk M\u00fclheim &#8211; verf\u00fcge \u00fcber viel Erfahrung, wie Konflikte mit friedlichen Mitteln gel\u00f6st werden k\u00f6nnten.<\/p>\n<p>Harald Fuchs, der f\u00fcr den Hiroshima-Nagasaki-Arbeitskreis im K\u00f6lner Friedensforum sprach, skizzierte die existienzielle Gefahr, die von Atomwaffen f\u00fcr das \u00dcberleben der Menschheit ausgehe, berichtete von der erfolgreichen Verabschiedung des Atomwaffenverbotsvertrags am Vortag und forderte die Bundesregierung auf, die sogenannte Nukleare Teilhabe Deutschlands an den US-Atombomben zu beenden und dem \u00a0Atomwaffenverbotsvertrag beizutreten.<\/p>\n<p>Es folgt der Wortlaut der Rede von Harald Fuchs:<\/p>\n<blockquote><p>Seit dem 6. 8. 1945, dem Tag des Abwurfs der Hiroshima-Bombe, ist die Menschheit in ein Zeitalter eingetreten, in dem die technische M\u00f6glichkeit zur Selbstvernichtung der eigenen Gattung sowie allen h\u00f6heren Lebens auf unserer Erde bereitstehen.<\/p>\n<p>Seitdem gilt:<br \/>\nEntweder wir schaffen die Atomwaffen ab, oder sie werden eines Tages uns abschaffen!<\/p>\n<p>Ungef\u00e4hr 20 mal in der Geschichte war es schon kurz davor, dass das nukleare Inferno \u00fcber uns hereinbrach: Sei es durch Zuspitzung politischer Krisen, sei es durch technische Fehler. Ich erinnere an die Kuba-Krise, ich weise auf die Gefahr eines bewaffneten Zusammensto\u00dfes zwischen USA und Russland in Syrien hin.<\/p>\n<p>Die gegenseitige nukleare Abschreckung wird schon deshalb nicht auf Dauer funktionieren, weil sie die Rationalit\u00e4t aller beteiligten Entscheidungstr\u00e4ger voraussetzt. Sie wird auch deshalb nicht auf Dauer funktionieren, weil Milit\u00e4rs und R\u00fcstungsproduzenten flei\u00dfig daran basteln, den Atomkrieg doch irgendwie vermeintlich f\u00fchrbar und gewinnbar zu machen.<br \/>\nWer aber mit Atomwaffen droht, droht mit Handlungen, die in meinen Augen noch schlimmer sind als die verbrecherischen Selbstmordattentate der Terroristen.<\/p>\n<p>Es gibt aber auch Lichtblicke in diesem d\u00fcsteren Bild:<\/p>\n<ul>\n<li>Bereits am 8. 7. 1996 erkl\u00e4rte der Internationale Gerichtshof in Den Haag den Einsatz von Atomwaffen in einem Rechtsgutachten f\u00fcr v\u00f6lkerrechtswidrig.<\/li>\n<li>Gestern, am 7. 7. 17, wurden Verhandlungen von \u00fcber 130 Staaten im Rahmen der UN-Vollversammlung \u00fcber ein umfassendes Verbot der Atomwaffen erfolgreich abgeschlossen. Nach dem Vorbild der Chemie- und Bio-Waffen werden darin der Bau, der Transport, die Lagerung und der Einsatz von Atomwaffen als Verbrechen gegen die Menschlichkeit v\u00f6lkerrechtlich verboten.<\/li>\n<\/ul>\n<p>Dies sind wichtige Schritte zur Delegitimierung der Atomwaffen, die letztlich wesentlich dazu beitragen werden, dass gen\u00fcgend politischer Druck zur weltweiten Abschaffung der Atomwaffen aufgebaut werden kann.<\/p>\n<p>Die Bundesregierung ist entgegen dem Willen der Mehrheit der W\u00e4hler*innen den Verhandlungen \u00fcber das Atomwaffenverbot fern geblieben. Sie begr\u00fcndet dies damit, dass die Atomwaffenstaaten ebenfalls ferngeblieben sind und dass der Nichtweiterverbreitungsvertrag durch ein Atomwaffenverbot \u201egeschw\u00e4cht\u201c w\u00fcrde. Damit st\u00e4rkt sie den Atomwaffenstaaten den R\u00fccken, die schon seit 1968 ihrer Verpflichtung aus dem Nichtweiterverbreitungsvertrag eben nicht nachkommen, die Atomwaffen weltweit abzuschaffen. Die Bundesregierung setzt sich so dem Verdacht aus, dass sie sich infolge der nuklearen Teilhabe der Bundeswehr selbst als Atommacht f\u00fchlt und danach strebt, im Rahmen der EU-Streitmacht eines Tages selbst Verf\u00fcgungsgewalt \u00fcber Atomwaffen zu bekommen.<\/p>\n<p>Wir fordern die weltweite Abr\u00fcstung aller Atomwaffen. Deutschland soll die nukleare Teilhabe beenden und aufh\u00f6ren, mit Bombern der Bundeswehr den Einsatz von Atombomben \u00fcben zu lassen (B\u00fcchel). Wir fordern den Abzug der amerikanischen Atombomben aus Deutschland. Die Konvention zum Atomwaffenverbot muss von Deutschland unterst\u00fctzt werden!<\/p>\n<p>Nur so k\u00f6nnen wir wirklich in Sicherheit vor der nuklearen Selbstvernichtung leben.<\/p><\/blockquote>\n<p>Weitere Fotos\u00a0von Herbert Sauerwein (HS) und Klaus M\u00fcller (KM) sind <a href=\"https:\/\/goo.gl\/photos\/yZVs5f7egVuNuBtR9\">hier<\/a>.<\/p>\n<\/div>\n<\/div>\n<\/div>\n","protected":false},"excerpt":{"rendered":"<p>\u00a0Am 8. Juli war der Flaggentag der &#8222;Mayors for Peace&#8220;, der B\u00fcrgermeister*innen, die sich f\u00fcr Frieden und atomare Abr\u00fcstung einsetzen. Auch Oberb\u00fcrgermeisterin Henriette Reker steht f\u00fcr diese Forderung. Die zentrale Kundgebung mit dem feierlichen&#46;&#46;&#46;<\/p>\n","protected":false},"author":110,"featured_media":0,"comment_status":"open","ping_status":"open","sticky":false,"template":"","format":"standard","meta":{"footnotes":""},"categories":[2],"tags":[42,33,68,73,4],"class_list":["post-11060","post","type-post","status-publish","format-standard","hentry","category-aktionen","tag-abruestung","tag-atomwaffen","tag-bundesregierung","tag-vereinte-nationen","tag-zivile-konfliktloesung"],"_links":{"self":[{"href":"https:\/\/www.friedenkoeln.de\/index.php?rest_route=\/wp\/v2\/posts\/11060","targetHints":{"allow":["GET"]}}],"collection":[{"href":"https:\/\/www.friedenkoeln.de\/index.php?rest_route=\/wp\/v2\/posts"}],"about":[{"href":"https:\/\/www.friedenkoeln.de\/index.php?rest_route=\/wp\/v2\/types\/post"}],"author":[{"embeddable":true,"href":"https:\/\/www.friedenkoeln.de\/index.php?rest_route=\/wp\/v2\/users\/110"}],"replies":[{"embeddable":true,"href":"https:\/\/www.friedenkoeln.de\/index.php?rest_route=%2Fwp%2Fv2%2Fcomments&post=11060"}],"version-history":[{"count":5,"href":"https:\/\/www.friedenkoeln.de\/index.php?rest_route=\/wp\/v2\/posts\/11060\/revisions"}],"predecessor-version":[{"id":11097,"href":"https:\/\/www.friedenkoeln.de\/index.php?rest_route=\/wp\/v2\/posts\/11060\/revisions\/11097"}],"wp:attachment":[{"href":"https:\/\/www.friedenkoeln.de\/index.php?rest_route=%2Fwp%2Fv2%2Fmedia&parent=11060"}],"wp:term":[{"taxonomy":"category","embeddable":true,"href":"https:\/\/www.friedenkoeln.de\/index.php?rest_route=%2Fwp%2Fv2%2Fcategories&post=11060"},{"taxonomy":"post_tag","embeddable":true,"href":"https:\/\/www.friedenkoeln.de\/index.php?rest_route=%2Fwp%2Fv2%2Ftags&post=11060"}],"curies":[{"name":"wp","href":"https:\/\/api.w.org\/{rel}","templated":true}]}}