{"id":11080,"date":"2017-07-11T10:03:06","date_gmt":"2017-07-11T08:03:06","guid":{"rendered":"http:\/\/www.friedenkoeln.de\/?p=11080"},"modified":"2017-07-11T10:03:06","modified_gmt":"2017-07-11T08:03:06","slug":"mossul-straftatbestand-nach-%c2%a7-11-voelkerstrafgesetzbuch","status":"publish","type":"post","link":"https:\/\/www.friedenkoeln.de\/?p=11080","title":{"rendered":"Mossul: Straftatbestand nach \u00a7 11 V\u00f6lkerstrafgesetzbuch?"},"content":{"rendered":"<div class=\"jnheader\">\n<div class=\"header\">\u00a0Zunehmend wird in den Medien dar\u00fcber berichtet, dass die US-gef\u00fchrte &#8222;Internationale Allianz&#8220;, welcher die Bundesrepublik Deutschland angeh\u00f6rt, Kriegsverbrechen begangen haben k\u00f6nnte.<\/div>\n<\/div>\n<div class=\"jnheader\">\n<p>Amnesty International hat heute einen auf englisch und arabisch verf\u00fcgbaren <a href=\"https:\/\/www.amnesty.org\/download\/Documents\/MDE1466102017ENGLISH.PDF\">f\u00fcnfzigseitigen Bericht<\/a> ver\u00f6ffentlicht, der Verbrechen an Zivilisten in Mossul dokumentiert. Die <a href=\"http:\/\/www.faz.net\/aktuell\/politik\/ausland\/amnesty-prangert-verbrechen-an-zivilisten-in-mossul-an-15100796.html\">S\u00fcddeutsche Zeitung<\/a> fasst die Ergebnisse in einem heute erschienen Bericht zusammen:<\/p>\n<\/div>\n<p><!--more--><\/p>\n<blockquote>\n<div class=\"jnheader\">\n<ul>\n<li>Die Menschenrechtsorganisation Amnesty International wirft irakischen Truppen und der US-Gef\u00fchrten Allianz gegen den &#8222;IS&#8220; m\u00f6gliche Kriegsverbrechen vor.<\/li>\n<li>Bei der Befreiung Mossuls seien unverh\u00e4ltnism\u00e4\u00dfig schwere Waffen eingesetzt worden.<\/li>\n<li>Die Tatsache, dass die Tarnorganisation Bewohner als Schutzschilde missbrauche, entbinde die Gegenseite nicht von der Pflicht, Zivilisten zu schonen.<\/li>\n<\/ul>\n<\/div>\n<\/blockquote>\n<div class=\"jnheader\">\n<p>Das in Deutschland seit 2002 in Kraft befindliche V\u00f6lkerstrafgesetzbuch (<a href=\"http:\/\/www.gesetze-im-internet.de\/vstgb\/__11.html\">VStGB<\/a>) regelt in \u00a7 11 das &#8222;Kr<span class=\"jnentitel\">iegsverbrechen des Einsatzes verbotener Methoden der Kriegsf\u00fchrung&#8220;. Hier hei\u00dft es unter anderem:\u00a0<\/span><\/p>\n<\/div>\n<div>\n<div class=\"jnhtml\">\n<blockquote>\n<p class=\"jurAbsatz\">(1) Wer im Zusammenhang mit einem internationalen oder nichtinternationalen bewaffneten Konflikt<\/p>\n<dl>\n<dt>1. mit milit\u00e4rischen Mitteln einen Angriff gegen die Zivilbev\u00f6lkerung als solche oder gegen einzelne Zivilpersonen richtet, die an den Feindseligkeiten nicht unmittelbar teilnehmen,<\/dt>\n<dt>2. mit milit\u00e4rischen Mitteln einen Angriff gegen zivile Objekte richtet, solange sie durch das humanit\u00e4re V\u00f6lkerrecht als solche gesch\u00fctzt sind, namentlich Geb\u00e4ude, die dem Gottesdienst, der Erziehung, der Kunst, der Wissenschaft oder der Wohlt\u00e4tigkeit gewidmet sind, geschichtliche Denkm\u00e4ler, Krankenh\u00e4user und Sammelpl\u00e4tze f\u00fcr Kranke und Verwundete, unverteidigte St\u00e4dte, D\u00f6rfer, Wohnst\u00e4tten oder Geb\u00e4ude oder entmilitarisierte Zonen sowie Anlagen und Einrichtungen, die gef\u00e4hrliche Kr\u00e4fte enthalten, [oder]<\/dt>\n<dt>3. mit milit\u00e4rischen Mitteln einen Angriff durchf\u00fchrt und dabei als sicher erwartet, dass der Angriff die T\u00f6tung oder Verletzung von Zivilpersonen oder die Besch\u00e4digung ziviler Objekte in einem Ausma\u00df verursachen wird, das au\u00dfer Verh\u00e4ltnis zu dem insgesamt erwarteten konkreten und unmittelbaren milit\u00e4rischen Vorteil steht,<\/dt>\n<dt>(&#8230;)<\/dt>\n<dt>wird mit Freiheitsstrafe nicht unter drei Jahren bestraft. In minder schweren F\u00e4llen der Nummer 2 ist die Strafe Freiheitsstrafe nicht unter einem Jahr.<\/dt>\n<\/dl>\n<div class=\"jurAbsatz\">(2) Verursacht der T\u00e4ter durch eine Tat nach Absatz 1 Nr. 1 bis 6 den Tod oder die schwere Verletzung einer Zivilperson (\u00a7 226 des Strafgesetzbuches) oder einer nach dem humanit\u00e4ren V\u00f6lkerrecht zu sch\u00fctzenden Person, wird er mit Freiheitsstrafe nicht unter f\u00fcnf Jahren bestraft. F\u00fchrt der T\u00e4ter den Tod vors\u00e4tzlich herbei, ist die Strafe lebenslange Freiheitsstrafe oder Freiheitsstrafe nicht unter zehn Jahren.<\/div>\n<\/blockquote>\n<div>Die Tagesschau meldete am 18. Oktober 2016 mit Bezug auf dpa:<\/div>\n<blockquote>\n<div>Die Luftangriffe auf IS-Stellungen im Irak und in Syrien unterst\u00fctzt die Bundeswehr unter anderem mit <strong>&#8222;Tornado&#8220;-Aufkl\u00e4rungsjets<\/strong> von der t\u00fcrkischen Luftwaffenbasis Incirlik aus. Die Flugzeuge k\u00f6nnen auch Bilder f\u00fcr den Kampf um Mossul liefern.<\/div>\n<\/blockquote>\n<div>\n<div id=\"attachment_8586\" style=\"width: 188px\" class=\"wp-caption alignleft\"><img loading=\"lazy\" decoding=\"async\" aria-describedby=\"caption-attachment-8586\" class=\"size-full wp-image-8586\" src=\"http:\/\/www.friedenkoeln.de\/wp-content\/uploads\/2015\/07\/52.jpeg\" alt=\"\" width=\"178\" height=\"178\" srcset=\"https:\/\/www.friedenkoeln.de\/wp-content\/uploads\/2015\/07\/52.jpeg 178w, https:\/\/www.friedenkoeln.de\/wp-content\/uploads\/2015\/07\/52-150x150.jpeg 150w, https:\/\/www.friedenkoeln.de\/wp-content\/uploads\/2015\/07\/52-65x65.jpeg 65w\" sizes=\"auto, (max-width: 178px) 100vw, 178px\" \/><p id=\"caption-attachment-8586\" class=\"wp-caption-text\">&#8222;Krieg ist Terror&#8220;. Graffito in K\u00f6ln. Foto: Philipp Arens.<\/p><\/div>\n<p>Geh\u00f6rt die Bundeswehr, die innerhalb der &#8222;Internationalen Allianz&#8220; unter anderem die Funktion der milit\u00e4rischen Aufkl\u00e4rung \u00fcbernimmt, zu denjenigen Truppeneinheiten, die \u00fcber den besten \u00dcberblick \u00fcber das Kriegsgeschehen verf\u00fcgen? Haben Bundeswehrsoldat*innen versucht, m\u00f6glicherweise bevorstehende Kriegsverbrechen zu verhindern? H\u00e4tten Bundeswehrsoldat*innen nach deutschem Recht Befehle verweigern m\u00fcssen?<\/p>\n<\/div>\n<\/div>\n<\/div>\n<div>Amnesty International fordert in seinem Bericht die beteiligten Staaten auf, unabh\u00e4ngige Untersuchungen \u00fcber m\u00f6gliche Kriegsverbrechen durchzuf\u00fchren, die Schuldigen zu bestrafen und die Opfer zu entsch\u00e4digen.<\/div>\n<div><\/div>\n","protected":false},"excerpt":{"rendered":"<p>\u00a0Zunehmend wird in den Medien dar\u00fcber berichtet, dass die US-gef\u00fchrte &#8222;Internationale Allianz&#8220;, welcher die Bundesrepublik Deutschland angeh\u00f6rt, Kriegsverbrechen begangen haben k\u00f6nnte. Amnesty International hat heute einen auf englisch und arabisch verf\u00fcgbaren f\u00fcnfzigseitigen Bericht ver\u00f6ffentlicht,&#46;&#46;&#46;<\/p>\n","protected":false},"author":110,"featured_media":0,"comment_status":"open","ping_status":"open","sticky":false,"template":"","format":"standard","meta":{"footnotes":""},"categories":[2],"tags":[70,68,49,48,85],"class_list":["post-11080","post","type-post","status-publish","format-standard","hentry","category-aktionen","tag-auslandseinsaetze-der-bundeswehr","tag-bundesregierung","tag-bundestag","tag-bundeswehr","tag-kriegsverbrechen"],"_links":{"self":[{"href":"https:\/\/www.friedenkoeln.de\/index.php?rest_route=\/wp\/v2\/posts\/11080","targetHints":{"allow":["GET"]}}],"collection":[{"href":"https:\/\/www.friedenkoeln.de\/index.php?rest_route=\/wp\/v2\/posts"}],"about":[{"href":"https:\/\/www.friedenkoeln.de\/index.php?rest_route=\/wp\/v2\/types\/post"}],"author":[{"embeddable":true,"href":"https:\/\/www.friedenkoeln.de\/index.php?rest_route=\/wp\/v2\/users\/110"}],"replies":[{"embeddable":true,"href":"https:\/\/www.friedenkoeln.de\/index.php?rest_route=%2Fwp%2Fv2%2Fcomments&post=11080"}],"version-history":[{"count":6,"href":"https:\/\/www.friedenkoeln.de\/index.php?rest_route=\/wp\/v2\/posts\/11080\/revisions"}],"predecessor-version":[{"id":11086,"href":"https:\/\/www.friedenkoeln.de\/index.php?rest_route=\/wp\/v2\/posts\/11080\/revisions\/11086"}],"wp:attachment":[{"href":"https:\/\/www.friedenkoeln.de\/index.php?rest_route=%2Fwp%2Fv2%2Fmedia&parent=11080"}],"wp:term":[{"taxonomy":"category","embeddable":true,"href":"https:\/\/www.friedenkoeln.de\/index.php?rest_route=%2Fwp%2Fv2%2Fcategories&post=11080"},{"taxonomy":"post_tag","embeddable":true,"href":"https:\/\/www.friedenkoeln.de\/index.php?rest_route=%2Fwp%2Fv2%2Ftags&post=11080"}],"curies":[{"name":"wp","href":"https:\/\/api.w.org\/{rel}","templated":true}]}}