{"id":11099,"date":"2017-07-18T08:52:55","date_gmt":"2017-07-18T06:52:55","guid":{"rendered":"http:\/\/www.friedenkoeln.de\/?p=11099"},"modified":"2017-07-18T08:52:55","modified_gmt":"2017-07-18T06:52:55","slug":"hiroshima-nagasaki-tag-in-koeln-aktionen-am-5-6-august-2017","status":"publish","type":"post","link":"https:\/\/www.friedenkoeln.de\/?p=11099","title":{"rendered":"Hiroshima-Nagasaki-Tag in K\u00f6ln: Aktionen am 5. + 6. August 2017"},"content":{"rendered":"<p>Der Arbeitskreis Hiroshima-Nagasaki im K\u00f6lner Friedensforum l\u00e4dt anl\u00e4sslich des allj\u00e4hrlichen Gedenkens der Atombombenabw\u00fcrfe auf die japanischen St\u00e4dte Hiroshima und Nagasaki im Jahr 1945 herzlich zur Teilnahme an Aktionen in K\u00f6ln ein: <!--more-->Am 5. August 2017 startet die Friedensfahrradtour NRW mit einer Kundgebung um 11:00 Uhr auf dem Bahnhofsvorplatz K\u00f6ln, und am 6. August beginnt eine Gedenkfeier um 19:00 Uhr im Hiroshima-Nagasaki-Park K\u00f6ln. Anschlie\u00dfend, gegen 21:00 Uhr werden nach japanischer Tradition Lichter auf den Aachener Weiher gesetzt: &#8222;Lichter flie\u00dfen lassen&#8220;.<\/p>\n<p>In diesem Jahr gibt es einen wunderbaren Grund zu feiern: am 7. Juli 2017 verabschiedeten die Vereinten Nationen mit einer \u00fcberw\u00e4ltigenden Stimmenmehrheit von 122 Staaten einen Atomwaffenverbotsvertrag. Im Gegensatz zur Bundesregierung unterst\u00fctzt die K\u00f6lner Oberb\u00fcrgermeisterin Henriette Reker als &#8222;Mayor for Peace&#8220;, B\u00fcrgermeisterin f\u00fcr den Frieden, das Verbot und Schritte zur vollst\u00e4ndigen weltweiten Abr\u00fcstung der Kernwaffen.<\/p>\n<p><img loading=\"lazy\" decoding=\"async\" class=\"alignnone size-large wp-image-11100\" src=\"http:\/\/www.friedenkoeln.de\/wp-content\/uploads\/2017\/07\/Hiro-Flyer-K\u00f6ln_2017_Seite_01-1024x724.jpg\" alt=\"\" width=\"639\" height=\"452\" srcset=\"https:\/\/www.friedenkoeln.de\/wp-content\/uploads\/2017\/07\/Hiro-Flyer-K\u00f6ln_2017_Seite_01-1024x724.jpg 1024w, https:\/\/www.friedenkoeln.de\/wp-content\/uploads\/2017\/07\/Hiro-Flyer-K\u00f6ln_2017_Seite_01-768x543.jpg 768w, https:\/\/www.friedenkoeln.de\/wp-content\/uploads\/2017\/07\/Hiro-Flyer-K\u00f6ln_2017_Seite_01.jpg 1754w\" sizes=\"auto, (max-width: 639px) 100vw, 639px\" \/> <img loading=\"lazy\" decoding=\"async\" class=\"alignnone size-large wp-image-11101\" src=\"http:\/\/www.friedenkoeln.de\/wp-content\/uploads\/2017\/07\/Hiro-Flyer-K\u00f6ln_2017_Seite_02-1024x724.jpg\" alt=\"\" width=\"639\" height=\"452\" srcset=\"https:\/\/www.friedenkoeln.de\/wp-content\/uploads\/2017\/07\/Hiro-Flyer-K\u00f6ln_2017_Seite_02-1024x724.jpg 1024w, https:\/\/www.friedenkoeln.de\/wp-content\/uploads\/2017\/07\/Hiro-Flyer-K\u00f6ln_2017_Seite_02-768x543.jpg 768w, https:\/\/www.friedenkoeln.de\/wp-content\/uploads\/2017\/07\/Hiro-Flyer-K\u00f6ln_2017_Seite_02.jpg 1754w\" sizes=\"auto, (max-width: 639px) 100vw, 639px\" \/><\/p>\n<p>Hier sind <a href=\"http:\/\/www.friedenkoeln.de\/wp-content\/uploads\/2017\/07\/Hiro-Flyer-K\u00f6ln_2017_Seite_01.jpg\" data-rel=\"lightbox-image-0\" data-rl_title=\"\" data-rl_caption=\"\" title=\"\">Seite 1<\/a> und <a href=\"http:\/\/www.friedenkoeln.de\/wp-content\/uploads\/2017\/07\/Hiro-Flyer-K\u00f6ln_2017_Seite_02.jpg\" data-rel=\"lightbox-image-1\" data-rl_title=\"\" data-rl_caption=\"\" title=\"\">Seite 2<\/a> des Flyers zum Download.<\/p>\n<p>&nbsp;<\/p>\n","protected":false},"excerpt":{"rendered":"<p>Der Arbeitskreis Hiroshima-Nagasaki im K\u00f6lner Friedensforum l\u00e4dt anl\u00e4sslich des allj\u00e4hrlichen Gedenkens der Atombombenabw\u00fcrfe auf die japanischen St\u00e4dte Hiroshima und Nagasaki im Jahr 1945 herzlich zur Teilnahme an Aktionen in K\u00f6ln ein:<\/p>\n","protected":false},"author":110,"featured_media":0,"comment_status":"open","ping_status":"open","sticky":false,"template":"","format":"standard","meta":{"footnotes":""},"categories":[2],"tags":[42,33,68,61,73],"class_list":["post-11099","post","type-post","status-publish","format-standard","hentry","category-aktionen","tag-abruestung","tag-atomwaffen","tag-bundesregierung","tag-kommunale-friedensarbeit","tag-vereinte-nationen"],"_links":{"self":[{"href":"https:\/\/www.friedenkoeln.de\/index.php?rest_route=\/wp\/v2\/posts\/11099","targetHints":{"allow":["GET"]}}],"collection":[{"href":"https:\/\/www.friedenkoeln.de\/index.php?rest_route=\/wp\/v2\/posts"}],"about":[{"href":"https:\/\/www.friedenkoeln.de\/index.php?rest_route=\/wp\/v2\/types\/post"}],"author":[{"embeddable":true,"href":"https:\/\/www.friedenkoeln.de\/index.php?rest_route=\/wp\/v2\/users\/110"}],"replies":[{"embeddable":true,"href":"https:\/\/www.friedenkoeln.de\/index.php?rest_route=%2Fwp%2Fv2%2Fcomments&post=11099"}],"version-history":[{"count":1,"href":"https:\/\/www.friedenkoeln.de\/index.php?rest_route=\/wp\/v2\/posts\/11099\/revisions"}],"predecessor-version":[{"id":11102,"href":"https:\/\/www.friedenkoeln.de\/index.php?rest_route=\/wp\/v2\/posts\/11099\/revisions\/11102"}],"wp:attachment":[{"href":"https:\/\/www.friedenkoeln.de\/index.php?rest_route=%2Fwp%2Fv2%2Fmedia&parent=11099"}],"wp:term":[{"taxonomy":"category","embeddable":true,"href":"https:\/\/www.friedenkoeln.de\/index.php?rest_route=%2Fwp%2Fv2%2Fcategories&post=11099"},{"taxonomy":"post_tag","embeddable":true,"href":"https:\/\/www.friedenkoeln.de\/index.php?rest_route=%2Fwp%2Fv2%2Ftags&post=11099"}],"curies":[{"name":"wp","href":"https:\/\/api.w.org\/{rel}","templated":true}]}}