{"id":11147,"date":"2017-08-04T18:30:32","date_gmt":"2017-08-04T16:30:32","guid":{"rendered":"http:\/\/www.friedenkoeln.de\/?p=11147"},"modified":"2017-08-04T18:30:32","modified_gmt":"2017-08-04T16:30:32","slug":"auf-achse-fuer-frieden-und-abruestung-koelner-oberbuergermeisterin-henriette-reker-unterstuetzt-friedensfahrradtour-nrw-2017","status":"publish","type":"post","link":"https:\/\/www.friedenkoeln.de\/?p=11147","title":{"rendered":"Auf Achse f\u00fcr Frieden und Abr\u00fcstung: K\u00f6lner Oberb\u00fcrgermeisterin Henriette Reker unterst\u00fctzt Friedensfahrradtour NRW 2017"},"content":{"rendered":"<p>Die K\u00f6lner Oberb\u00fcrgermeisterin Henriette Reker begr\u00fc\u00dft die <a href=\"http:\/\/nrw.dfg-vk.de\/dokumente\/DFG-VK%20-%20Flyer%20Friedensfahrradtour%20v02%20-%20web.pdf\">Friedensfahrradtour NRW<\/a>, die am 5. August in K\u00f6ln startet und am 12. August in Bielefeld endet. In Kooperation mit der agenda21ratingen und dem Forum Ziviler Friedensdienst, K\u00f6ln veranstaltet die Deutsche Friedensgesellschaft \u2013 Vereinigte KriegsdienstgegnerInnen e. V. (DFG-VK) NRW die Tour durch Nordrhein-Westfalen, um <!--more-->\u201egemeinsam f\u00fcr eine andere Politik\u201c zu werben.<\/p>\n<div id=\"attachment_11150\" style=\"width: 272px\" class=\"wp-caption alignright\"><img loading=\"lazy\" decoding=\"async\" aria-describedby=\"caption-attachment-11150\" class=\" wp-image-11150\" src=\"http:\/\/www.friedenkoeln.de\/wp-content\/uploads\/2017\/08\/OB-Henriette-Reker_Pressefoto-Stadt-K\u00f6ln_36-1_2017-683x1024.png\" alt=\"Henriette Reker steht auf einer Treppe. Sie tr\u00e4gt eine dunkle gekn\u00f6pfte Jacke und eine schwarze Hose und l\u00e4chelt in die Kamera.\" width=\"262\" height=\"393\" srcset=\"https:\/\/www.friedenkoeln.de\/wp-content\/uploads\/2017\/08\/OB-Henriette-Reker_Pressefoto-Stadt-K\u00f6ln_36-1_2017-683x1024.png 683w, https:\/\/www.friedenkoeln.de\/wp-content\/uploads\/2017\/08\/OB-Henriette-Reker_Pressefoto-Stadt-K\u00f6ln_36-1_2017.png 742w\" sizes=\"auto, (max-width: 262px) 100vw, 262px\" \/><p id=\"caption-attachment-11150\" class=\"wp-caption-text\">Henriette Reker, Oberb\u00fcrgermeisterin der Stadt K\u00f6ln. Foto: Stadt K\u00f6ln<\/p><\/div>\n<p>Die Radlerinnen und Radler wollen auf milit\u00e4risch oder r\u00fcstungsindustriell genutzte Orte in NRW aufmerksam machen (\u201eKrieg beginnt hier!\u201c) und treten f\u00fcr die atomare Abr\u00fcstung, einen Stopp der R\u00fcstungsproduktion, die Beendigung der Kriegs- und Konfrontationspolitik und eine st\u00e4rkere staatliche F\u00f6rderung von Instrumenten der zivilen Konfliktbearbeitung ein. Sie betonen, dass 122 Staaten bei den Vereinten Nationen am 7. Juli 2017 einen v\u00f6lkerrechtlich verbindlichen Vertrag zum Verbot von Atomwaffen verabschiedet haben, und verlangen, dass Deutschland dem Vertrag beitritt.<\/p>\n<p>Den Teilnehmerinnen und Teilnehmern der Tour, welche ihren Urlaub mit politischem Engagement verbinden, <a href=\"http:\/\/www.friedenkoeln.de\/wp-content\/uploads\/2017\/08\/Henriette-Reker_Gru\u00dfwort-zur-Friedensfahrradtour-NRW_20170805.pdf\">schreibt die K\u00f6lner Oberb\u00fcrgermeisterin<\/a>:<\/p>\n<blockquote><p>Mit der Friedensfahrradtour NRW (&#8230;) setzen Sie alle ein wichtiges Zeichen. Sie demonstrieren daf\u00fcr, dass man auch ohne Waffen und ohne Gewalt gemeinsam zu einer friedlicheren Welt beitragen kann. Sp\u00e4testens seit 1945, mit den Abw\u00fcrfen von Atombomben auf Hiroshima und Nagasaki, ist unser \u00dcberleben nicht mehr im Gegeneinander, sondern nur noch im Miteinander m\u00f6glich.<\/p><\/blockquote>\n<p>Sie weist darauf hin, dass die Stadt K\u00f6ln seit 1985 dem Netzwerk \u201eMayors for Peace\u201c angeh\u00f6re, und schreibt weiter:<\/p>\n<blockquote><p>Die Sicherheit der B\u00fcrgerinnen und B\u00fcrger unserer Stadt ist mir ein gro\u00dfes Anliegen. Schlie\u00dflich richten sich Massenvernichtungswaffen vor allem gegen Zivilsten. Ihr Einsatz ist ein Verbrechen gegen die Menschheit. \u00dcber die wichtige Frage der Atomwaffen d\u00fcrfen wir aber auch die Kriege, die aktuell weltweit stattfinden und t\u00e4glich unz\u00e4hlige unschuldige Menschen das Leben kosten, nicht vergessen.<\/p>\n<p>Wir alle leben in einer Stadt, in der Menschen aus mehr als 180 Nationen friedlich zusammenleben. Toleranz, gegenseitige Achtung und Integration bilden die Grundlage f\u00fcr den Zusammenhalt unserer Gesellschaft und damit f\u00fcr den Frieden auch in unserer Stadt. Mit Aktionen gegen Krieg und Umweltzerst\u00f6rung wollen wir ein Zeichen setzen f\u00fcr den Frieden, f\u00fcr die weltweite Abschaffung von Atomwaffen, f\u00fcr eine Abr\u00fcstung und gegen Kriegseins\u00e4tze und R\u00fcstungsexporte!<\/p><\/blockquote>\n<p>Die Friedensfahrradtour findet jeweils im August statt und ist in Veranstaltungen eingebunden, welche an die Abw\u00fcrfe der beiden Atombomben auf die japanischen St\u00e4dte Hiroshima und Nagasaki am 6. und 8. August 1945 erinnern. In K\u00f6ln l\u00e4dt der Hiroshima-Nagasaki- Arbeitskreis im K\u00f6lner Friedensforum zu Kundgebungen und Gedenkfeiern am 5. und 6. August ein.<\/p>\n<hr \/>\n<p>Weitere Informationen:<\/p>\n<p><a href=\"http:\/\/www.friedenkoeln.de\/?p=11099\">Hiroshima-Nagasaki-Tag \/ Veranstaltungen am 5. und 6. August 2017 in K\u00f6ln<\/a><\/p>\n<p>Zum v\u00f6lkerrechtlichen Atomwaffenverbotsvertrag:<\/p>\n<p><a href=\"https:\/\/www.icanw.de\/neuigkeiten\/atomwaffen-endlich-verboten\/\">ican germany: Pressemitteilung vom 7. Juli 2017 \u201eAtomwaffen endlich verboten\u201c<\/a><\/p>\n<p>Kontakt:<\/p>\n<p>Joachim Schramm, Landesgesch\u00e4ftsf\u00fchrer der DFG-VK NRW, Tel. 0157 73729115<\/p>\n<p>&nbsp;<\/p>\n<p><em>Gemeinsame Pressemitteilung des Hiroshima-Nagasaki-Arbeitskreises im K\u00f6lner Friedensforum e. V. und der DFG-VK Gruppe K\u00f6ln vom 4.8.2017<\/em><\/p>\n","protected":false},"excerpt":{"rendered":"<p>Die K\u00f6lner Oberb\u00fcrgermeisterin Henriette Reker begr\u00fc\u00dft die Friedensfahrradtour NRW, die am 5. August in K\u00f6ln startet und am 12. August in Bielefeld endet. In Kooperation mit der agenda21ratingen und dem Forum Ziviler Friedensdienst, K\u00f6ln&#46;&#46;&#46;<\/p>\n","protected":false},"author":110,"featured_media":0,"comment_status":"open","ping_status":"open","sticky":false,"template":"","format":"standard","meta":{"footnotes":""},"categories":[2],"tags":[42,33,70,68,48,45,61,3,37,73,71,4],"class_list":["post-11147","post","type-post","status-publish","format-standard","hentry","category-aktionen","tag-abruestung","tag-atomwaffen","tag-auslandseinsaetze-der-bundeswehr","tag-bundesregierung","tag-bundeswehr","tag-geschichte","tag-kommunale-friedensarbeit","tag-pazifismus","tag-ruestungsexporte","tag-vereinte-nationen","tag-waffenhandel","tag-zivile-konfliktloesung"],"_links":{"self":[{"href":"https:\/\/www.friedenkoeln.de\/index.php?rest_route=\/wp\/v2\/posts\/11147","targetHints":{"allow":["GET"]}}],"collection":[{"href":"https:\/\/www.friedenkoeln.de\/index.php?rest_route=\/wp\/v2\/posts"}],"about":[{"href":"https:\/\/www.friedenkoeln.de\/index.php?rest_route=\/wp\/v2\/types\/post"}],"author":[{"embeddable":true,"href":"https:\/\/www.friedenkoeln.de\/index.php?rest_route=\/wp\/v2\/users\/110"}],"replies":[{"embeddable":true,"href":"https:\/\/www.friedenkoeln.de\/index.php?rest_route=%2Fwp%2Fv2%2Fcomments&post=11147"}],"version-history":[{"count":4,"href":"https:\/\/www.friedenkoeln.de\/index.php?rest_route=\/wp\/v2\/posts\/11147\/revisions"}],"predecessor-version":[{"id":11153,"href":"https:\/\/www.friedenkoeln.de\/index.php?rest_route=\/wp\/v2\/posts\/11147\/revisions\/11153"}],"wp:attachment":[{"href":"https:\/\/www.friedenkoeln.de\/index.php?rest_route=%2Fwp%2Fv2%2Fmedia&parent=11147"}],"wp:term":[{"taxonomy":"category","embeddable":true,"href":"https:\/\/www.friedenkoeln.de\/index.php?rest_route=%2Fwp%2Fv2%2Fcategories&post=11147"},{"taxonomy":"post_tag","embeddable":true,"href":"https:\/\/www.friedenkoeln.de\/index.php?rest_route=%2Fwp%2Fv2%2Ftags&post=11147"}],"curies":[{"name":"wp","href":"https:\/\/api.w.org\/{rel}","templated":true}]}}