{"id":11160,"date":"2017-08-06T08:02:07","date_gmt":"2017-08-06T06:02:07","guid":{"rendered":"http:\/\/www.friedenkoeln.de\/?p=11160"},"modified":"2017-08-06T08:02:07","modified_gmt":"2017-08-06T06:02:07","slug":"atomwaffenalarm-in-der-koelner-innenstadt","status":"publish","type":"post","link":"https:\/\/www.friedenkoeln.de\/?p=11160","title":{"rendered":"Atomwaffenalarm in der K\u00f6lner Innenstadt"},"content":{"rendered":"<div class=\"center\">\n<p>Friedensaktivistinnen und -aktivisten haben gestern eine spektakul\u00e4re Aktion in der K\u00f6lner Innenstadt durchgef\u00fchrt. Anlass war der Jahrestag der Atombombenabw\u00fcrfe auf Hiroshima und Nagasaki am 6. bzw. 9. August. Damit wollten die Aktivistinnen und Aktivisten auf die noch immer hohe Gefahr dur\u00ad\u00ad\u00adch Atomwaffen aufmerksam machen. Auch in Deutschland lagern noch 20 Atombomben. Organisiert wurde die Aktion von der Deutschen Friedensgesellschaft \u2013 Vereinigte KriegsdienstgegnerInnen (DFG-VK) und dem Netzwerk Friedenskooperative im Rahmen der Kampagne \u201eB\u00fcchel ist \u00fcberall! atomwaffenfrei.jetzt\u201c.<\/p>\n<p><a href=\"https:\/\/www.flickr.com\/photos\/atomwaffenfrei-jetzt\/albums\/72157684535804983\"><img loading=\"lazy\" decoding=\"async\" class=\"alignright\" src=\"https:\/\/lists.dfg-vk.de\/upload\/image\/2017-08-05_Atomwaffen-Alarm_Koeln-1.jpeg\" alt=\"\" width=\"291\" height=\"195\" \/><\/a><\/p>\n<p>Ausger\u00fcstet mit gelben Strahlenschutzanz\u00fcgen und Gasmasken zogen die rund 20 jungen Aktivistinnen und Aktivisten durch die Innenstadt von K\u00f6ln. Sie trugen eine Atombombe vom Typ \u201eB-61&#8243; in Originalgr\u00f6\u00dfe (etwa 3,50 m lang) durch die belebten Stra\u00dfen und stellten mit Strahlungsmessger\u00e4ten bei den vorbeilaufenden Passantinnen und Passanten die ausgetretene Strahlung fest.<\/p>\n<p>Obwohl sich erst k\u00fcrzlich 120 Staaten auf einen Vertrag zu einem generellen Verbot von Atomwaffen einigen konnten (Deutschland ist von den Verhandlungen ferngeblieben), lagern im Fliegerhorst B\u00fcchel in der Eifel weiterhin 20 US-Atomwaffen. Im Rahmen der sogenannten nuklearen Teilhabe der NATO stehen daf\u00fcr extra ausgebildete deutsche Soldatinnen und Soldaten f\u00fcr den Abwurf dieser Massenvernichtungswaffen bereit. \u201eEine solche Bombe k\u00f6nnte das Leben hunderttausender Menschen im Gro\u00dfraum K\u00f6ln innerhalb weniger Sekunden ausl\u00f6schen und die gesamte Region f\u00fcr unz\u00e4hlige Jahrzehnte unbewohnbar machen. Zudem macht radioaktive Strahlung nicht vor Orts- und Landesgrenzen Halt\u201c, erkl\u00e4rt Thorge Ott von der DFG-VK.<\/p>\n<p>Am 6. bzw. 9. August j\u00e4hren sich erneut die Atombombenabw\u00fcrfe auf Hiroshima und Nagasaki, die rund 280.000 Menschen das Leben gekostet haben. Auch 72 Jahre danach leiden die Menschen noch immer an den Folgen dieses schrecklichen Verbrechens.<\/p>\n<p>Die Gefahren, die von Atomwaffen ausgehen, sind noch l\u00e4ngst nicht gebannt. \u201eDie rund 15.000 Atomwaffen, die noch immer in den Arsenalen der Atomm\u00e4chte lagern, sind 15.000 zu viel. Mit unserer Aktion konnten wir viele Menschen auf die gro\u00dfe Gefahr, die von Atomwaffen ausgeht, aufmerksam machen. Zum Gl\u00fcck war es nur ein Stra\u00dfentheater und kein Ernstfall\u201c, sagt Kathi M\u00fcller, eine der Organisatorinnen der Protestaktion.<\/p>\n<p>Die Aktivistinnen und Aktivisten fordern schon lange den sofortigen Abzug aller Atomwaffen aus Deutschland und ein weltweites Verbot. Laut einer repr\u00e4sentativen Umfrage des Meinungsforschungsinstituts aus dem Jahr 2016 spricht sich daf\u00fcr auch eine \u00fcberw\u00e4ltigende Mehrheit der Deutschen aus. Diese Meinung spiegelte sich auch in den Reaktionen der Passantinnen und Passanten w\u00e4hrend der Aktion in K\u00f6ln.<\/p>\n<p>&nbsp;<\/p>\n<p>F\u00fcr Fragen zur gestrigen Aktion steht\u00a0Marvin Mendyka telefonisch unter 0157-56284015 sowie per Mail unter <a href=\"mailto:m.mendyka@friedenskooperative.de\">m.mendyka@friedenskooperative.de<\/a> zur Verf\u00fcgung.<\/p>\n<p><strong>Weitere Bilder von der Aktion sind\u00a0<a href=\"https:\/\/www.flickr.com\/photos\/atomwaffenfrei-jetzt\/albums\/72157684535804983\">hier<\/a>.<\/strong><\/p>\n<p><em>Pressemitteilung der Deutsche Friedensgesellschaft &#8211; Vereinigte KriegsdienstgegnerInnen &amp; Netzwerk Friedenskooperative, Stuttgart\/Bonn\/K\u00f6ln<\/em><\/p>\n<\/div>\n","protected":false},"excerpt":{"rendered":"<p>Friedensaktivistinnen und -aktivisten haben gestern eine spektakul\u00e4re Aktion in der K\u00f6lner Innenstadt durchgef\u00fchrt. Anlass war der Jahrestag der Atombombenabw\u00fcrfe auf Hiroshima und Nagasaki am 6. bzw. 9. August. Damit wollten die Aktivistinnen und Aktivisten&#46;&#46;&#46;<\/p>\n","protected":false},"author":110,"featured_media":0,"comment_status":"open","ping_status":"open","sticky":false,"template":"","format":"standard","meta":{"footnotes":""},"categories":[2],"tags":[42,33,68,48,45,61,85,73],"class_list":["post-11160","post","type-post","status-publish","format-standard","hentry","category-aktionen","tag-abruestung","tag-atomwaffen","tag-bundesregierung","tag-bundeswehr","tag-geschichte","tag-kommunale-friedensarbeit","tag-kriegsverbrechen","tag-vereinte-nationen"],"_links":{"self":[{"href":"https:\/\/www.friedenkoeln.de\/index.php?rest_route=\/wp\/v2\/posts\/11160","targetHints":{"allow":["GET"]}}],"collection":[{"href":"https:\/\/www.friedenkoeln.de\/index.php?rest_route=\/wp\/v2\/posts"}],"about":[{"href":"https:\/\/www.friedenkoeln.de\/index.php?rest_route=\/wp\/v2\/types\/post"}],"author":[{"embeddable":true,"href":"https:\/\/www.friedenkoeln.de\/index.php?rest_route=\/wp\/v2\/users\/110"}],"replies":[{"embeddable":true,"href":"https:\/\/www.friedenkoeln.de\/index.php?rest_route=%2Fwp%2Fv2%2Fcomments&post=11160"}],"version-history":[{"count":1,"href":"https:\/\/www.friedenkoeln.de\/index.php?rest_route=\/wp\/v2\/posts\/11160\/revisions"}],"predecessor-version":[{"id":11161,"href":"https:\/\/www.friedenkoeln.de\/index.php?rest_route=\/wp\/v2\/posts\/11160\/revisions\/11161"}],"wp:attachment":[{"href":"https:\/\/www.friedenkoeln.de\/index.php?rest_route=%2Fwp%2Fv2%2Fmedia&parent=11160"}],"wp:term":[{"taxonomy":"category","embeddable":true,"href":"https:\/\/www.friedenkoeln.de\/index.php?rest_route=%2Fwp%2Fv2%2Fcategories&post=11160"},{"taxonomy":"post_tag","embeddable":true,"href":"https:\/\/www.friedenkoeln.de\/index.php?rest_route=%2Fwp%2Fv2%2Ftags&post=11160"}],"curies":[{"name":"wp","href":"https:\/\/api.w.org\/{rel}","templated":true}]}}