{"id":11169,"date":"2017-08-17T07:00:26","date_gmt":"2017-08-17T05:00:26","guid":{"rendered":"http:\/\/www.friedenkoeln.de\/?p=11169"},"modified":"2017-08-16T21:40:14","modified_gmt":"2017-08-16T19:40:14","slug":"nachtrag-koelner-bezirksbuergermeister-norbert-fuchs-fordert-die-atomare-abruestung","status":"publish","type":"post","link":"https:\/\/www.friedenkoeln.de\/?p=11169","title":{"rendered":"Nachtrag: K\u00f6lner Bezirksb\u00fcrgermeister Norbert Fuchs fordert die atomare Abr\u00fcstung!"},"content":{"rendered":"<p>Nachtrag: Am Flaggentag der Mayors for Peace, der &#8222;B\u00fcrgermeister f\u00fcr den Frieden&#8220;, am 8. Juli 2017 sprach sich der K\u00f6lner Bezirksb\u00fcrgermeister Norbert Fuchs vor dem Rathaus K\u00f6ln-M\u00fclheim f\u00fcr die atomare Abr\u00fcstung aus:<\/p>\n<blockquote><p>Wir d\u00fcrfen nicht nachlassen, uns f\u00fcr die Beseitigung von Atomwaffen einzusetzen. Wir wollen eine Welt ohne Atomwaffen.<\/p><\/blockquote>\n<p>Am 20. September 2017 wird der am 7. Juli 2017 verabschiedete Atomwaffenverbotsvertrag der Vereinten Nationen <a href=\"http:\/\/us3.campaign-archive2.com\/?u=a30faa98819042a7fd16e1dd1&amp;id=72116d87e7\">zur Unterzeichnung freigegeben<\/a>. Zahlreiche Friedensgruppen<!--more-->, darunter die DFG-VK, fordern die Bundesregierung auf, den Vertrag zu unterst\u00fctzen und damit dem Wunsch der \u00fcberw\u00e4ltigenden Mehrheit der Bundesb\u00fcrger*innen zu entsprechen.<\/p>\n<p>Hier ist das vollst\u00e4ndige Gru\u00dfwort des M\u00fclheimer Bezirksb\u00fcrgermeister Norbert Fuchs:<\/p>\n<blockquote><p>Sehr geehrte Damen und Herren,<\/p>\n<p>ich begr\u00fc\u00dfe Sie recht herzlich und freue mich, dass wir heute gemeinsam das erste Mal im Stadtbezirk M\u00fclheim ein sichtbares Zeichen gegen Atomwaffen und f\u00fcr den Frieden setzen k\u00f6nnen<\/p>\n<p>In 240 St\u00e4dten des weltweiten St\u00e4dteb\u00fcndnisses \u201eB\u00fcrgermeister f\u00fcr den Frieden\u201c = \u201eMayors for Peace\u201c wird in diesem Jahr die Flagge gehisst.<\/p>\n<p>Gegr\u00fcndet wurde die Organisation 1982 durch den B\u00fcrgermeister aus Hiroshima.<\/p>\n<p>\u201eMayors for Peace\u201c versucht durch Aktionen und Kampagnen die weltweite Verbreitung von Atomwaffen zu verhindern und deren Abschaffung zu erreichen.<\/p>\n<p>In Deutschland unterst\u00fctzen mehr als 470 St\u00e4dte diese Solidargemeinschaft. K\u00f6ln ist bereits seit 1985 Mitglied im internationalen St\u00e4dteb\u00fcndnis.<\/p>\n<p>Heute ist der 72ste Jahrestag des Bombenabwurfes auf Nagasaki. Ich denke wir sind uns alle einig, dass ein solches Verbrechen an der Menschheit sich nie wiederholen darf.<\/p>\n<p>Chemische und biologische Waffen sind v\u00f6lkerrechtlich verboten und 93 Prozent der Bundesb\u00fcrger sind der Meinung, dass auch Atomwaffen v\u00f6lkerrechtlich verboten werden sollten.<\/p>\n<p>Wir d\u00fcrfen nicht nachlassen, uns f\u00fcr die Beseitigung von Atomwaffen einzusetzen. Wir wollen eine Welt ohne Atomwaffen.<\/p>\n<p>Freiheit und Frieden hei\u00dft miteinander leben \u2013 bei aller Unterschiedlichkeit. In K\u00f6ln beweisen das jeden Tag \u00fcber 180 Nationalit\u00e4ten- meist friedlich nebeneinander und miteinander.<\/p>\n<p>Mit dem Hissen der Friedensfahne wollen wir auch hier in M\u00fclheim ein starkes Signal f\u00fcr einen unumkehrbaren atomaren Abr\u00fcstungsprozess setzen.<\/p>\n<p>Vielen Dank.<\/p><\/blockquote>\n<div id=\"attachment_11065\" style=\"width: 649px\" class=\"wp-caption alignnone\"><img loading=\"lazy\" decoding=\"async\" aria-describedby=\"caption-attachment-11065\" class=\"size-large wp-image-11065\" src=\"http:\/\/www.friedenkoeln.de\/wp-content\/uploads\/2017\/07\/20170708-_DSC4790-1024x624.jpeg\" alt=\"Im Vordergrund stehen zwei Mitglieder der Friedensinitiative K\u00f6ln-M\u00fclheim in dunkelblauen Vereins-T-Shirts, der Bezirksb\u00fcrgermeister Norbert Fuchs und Harald Fuchs vom Hiroshima-Nagasaki-Arbeitskreis im K\u00f6lner Friedensforum. Im Hintergrund ist der untere Teil der Friedensfahne zu sehen: &quot;B\u00fcrgermeister f\u00fcr den Frieden&quot; in gr\u00fcner Schrift auf wei\u00dfem Grund.\" width=\"639\" height=\"389\" srcset=\"https:\/\/www.friedenkoeln.de\/wp-content\/uploads\/2017\/07\/20170708-_DSC4790-1024x624.jpeg 1024w, https:\/\/www.friedenkoeln.de\/wp-content\/uploads\/2017\/07\/20170708-_DSC4790-768x468.jpeg 768w, https:\/\/www.friedenkoeln.de\/wp-content\/uploads\/2017\/07\/20170708-_DSC4790-80x50.jpeg 80w, https:\/\/www.friedenkoeln.de\/wp-content\/uploads\/2017\/07\/20170708-_DSC4790.jpeg 1280w\" sizes=\"auto, (max-width: 639px) 100vw, 639px\" \/><p id=\"caption-attachment-11065\" class=\"wp-caption-text\">Bezirksb\u00fcrgermeister Norbert Fuchs spricht f\u00fcr die &#8222;B\u00fcrgermeister f\u00fcr den Frieden. 8. Juli 2017 in K\u00f6ln-M\u00fclheim. Foto: Herbert Sauerwein.<\/p><\/div>\n","protected":false},"excerpt":{"rendered":"<p>Nachtrag: Am Flaggentag der Mayors for Peace, der &#8222;B\u00fcrgermeister f\u00fcr den Frieden&#8220;, am 8. Juli 2017 sprach sich der K\u00f6lner Bezirksb\u00fcrgermeister Norbert Fuchs vor dem Rathaus K\u00f6ln-M\u00fclheim f\u00fcr die atomare Abr\u00fcstung aus: Wir d\u00fcrfen&#46;&#46;&#46;<\/p>\n","protected":false},"author":110,"featured_media":0,"comment_status":"open","ping_status":"open","sticky":false,"template":"","format":"standard","meta":{"footnotes":""},"categories":[2],"tags":[42,33,68,45,61,73],"class_list":["post-11169","post","type-post","status-publish","format-standard","hentry","category-aktionen","tag-abruestung","tag-atomwaffen","tag-bundesregierung","tag-geschichte","tag-kommunale-friedensarbeit","tag-vereinte-nationen"],"_links":{"self":[{"href":"https:\/\/www.friedenkoeln.de\/index.php?rest_route=\/wp\/v2\/posts\/11169","targetHints":{"allow":["GET"]}}],"collection":[{"href":"https:\/\/www.friedenkoeln.de\/index.php?rest_route=\/wp\/v2\/posts"}],"about":[{"href":"https:\/\/www.friedenkoeln.de\/index.php?rest_route=\/wp\/v2\/types\/post"}],"author":[{"embeddable":true,"href":"https:\/\/www.friedenkoeln.de\/index.php?rest_route=\/wp\/v2\/users\/110"}],"replies":[{"embeddable":true,"href":"https:\/\/www.friedenkoeln.de\/index.php?rest_route=%2Fwp%2Fv2%2Fcomments&post=11169"}],"version-history":[{"count":2,"href":"https:\/\/www.friedenkoeln.de\/index.php?rest_route=\/wp\/v2\/posts\/11169\/revisions"}],"predecessor-version":[{"id":11171,"href":"https:\/\/www.friedenkoeln.de\/index.php?rest_route=\/wp\/v2\/posts\/11169\/revisions\/11171"}],"wp:attachment":[{"href":"https:\/\/www.friedenkoeln.de\/index.php?rest_route=%2Fwp%2Fv2%2Fmedia&parent=11169"}],"wp:term":[{"taxonomy":"category","embeddable":true,"href":"https:\/\/www.friedenkoeln.de\/index.php?rest_route=%2Fwp%2Fv2%2Fcategories&post=11169"},{"taxonomy":"post_tag","embeddable":true,"href":"https:\/\/www.friedenkoeln.de\/index.php?rest_route=%2Fwp%2Fv2%2Ftags&post=11169"}],"curies":[{"name":"wp","href":"https:\/\/api.w.org\/{rel}","templated":true}]}}