{"id":11174,"date":"2017-08-18T07:00:22","date_gmt":"2017-08-18T05:00:22","guid":{"rendered":"http:\/\/www.friedenkoeln.de\/?p=11174"},"modified":"2017-08-16T22:49:07","modified_gmt":"2017-08-16T20:49:07","slug":"atombomben-ueberlebender-kazuo-soda-trat-in-koeln-fuer-atomare-abruestung-ein","status":"publish","type":"post","link":"https:\/\/www.friedenkoeln.de\/?p=11174","title":{"rendered":"Atombomben-\u00dcberlebender Kazuo Soda trat in K\u00f6ln f\u00fcr atomare Abr\u00fcstung ein"},"content":{"rendered":"<p>Der Arbeitskreis Hiroshima-Nagasaki im K\u00f6lner Friedensforum\u00a0ist eine Gr\u00fcndung der japanischen Hibakusha \u2013 der Bombardierten -, vertreten durch Herrn Kazuo Soda aus Fukuoka, der 1991 von Dortmund aus \u2013 wo er als \u00dcberlebender der Atombombe gesprochen hatte \u2013 einen Besuch in K\u00f6ln machte und zu F\u00fc\u00dfen des K\u00f6lner Doms <!--more-->die K\u00f6lner Klagemauer f\u00fcr Frieden und V\u00f6lkerverst\u00e4ndigung von Walter Herrmann vorfand. Seine Botschaft lautete:<\/p>\n<blockquote><p>Let\u2019s protect our irreplaceable earth against Nuke (Lasst uns unsere unersetzbare Erde vor Atombomben sch\u00fctzen).<\/p><\/blockquote>\n<p><img loading=\"lazy\" decoding=\"async\" class=\" wp-image-8527 alignright\" src=\"http:\/\/www.friedenkoeln.de\/wp-content\/uploads\/2015\/07\/Flaggentag2-1024x714.jpg\" alt=\"\" width=\"241\" height=\"168\" srcset=\"https:\/\/www.friedenkoeln.de\/wp-content\/uploads\/2015\/07\/Flaggentag2-1024x714.jpg 1024w, https:\/\/www.friedenkoeln.de\/wp-content\/uploads\/2015\/07\/Flaggentag2.jpg 1192w\" sizes=\"auto, (max-width: 241px) 100vw, 241px\" \/><\/p>\n<p>Zur\u00fcckgekehrt errichtete er in seiner Heimatstadt anl\u00e4\u00dflich der j\u00e4hrlichen Friedensversammlung auch eine Klagemauer, die ein gro\u00dfer Erfolg war und er brachte bei seinem n\u00e4chsten Besuch in K\u00f6ln 1992 dort beschriftete Tafeln mit.<\/p>\n<p>Er machte nun fast jedes Jahr Anfang August auf seiner pers\u00f6nlichen Friedenspilgerreise Station in K\u00f6ln, sprach bei den Kundgebungen auf der Domplatte, berichtete von dem Atombombenabwurf auf Nagasaki, den er als 15j\u00e4hriger erlebte, wurde von verschiedenen K\u00f6lner Oberb\u00fcrgermeistern empfangen und warb leidenschaftlich f\u00fcr Frieden und V\u00f6lkerverst\u00e4ndigung. An der Klagemauer trugen sich die Menschen in die in einem kleinen Hiroshima-Garten ausliegenden Listen f\u00fcr die Abschaffung aller Atomwaffen ein. Hunderttausende Unterschriften gingen im Laufe der Jahre \u00fcber Hiroshima an die Vereinten Nationen.<\/p>\n<p>Herr Soda hatte inzwischen in Fukuoka Spenden gesammelt, um eine Ausfertigung der Ausstellung \u201eDie Atombombe und der Mensch\u201c zu erwerben. Im Jahr 2000 schenkte er sie den K\u00f6lner B\u00fcrgerinnen und B\u00fcrgern, der OB nahm sie in Empfang und reichte die Verantwortung weiter an seine Begleitung: Menschen aus der K\u00f6lner Friedensbewegung, Unterst\u00fctzerInnen der Klagemauer f\u00fcr Frieden. Es bildete sich eine lose Gruppe, die sich um Aufbewahrung und H\u00e4ngung der Ausstellung k\u00fcmmerte, und zum ersten Mal konnten wir die ersch\u00fctternden Bilder im Herbst 2000 im DGB-Haus sehen.<\/p>\n<p>Gleichzeitig startete der B\u00fcrgerantrag f\u00fcr die Benennung einer Stra\u00dfe oder eines Platzes in K\u00f6ln nach Hiroshima und Nagasaki. Ein Mitarbeiter des Liegenschaftsamtes wurde vom OB mit der Findung eines geeigneten Objekts beauftragt und er schlug den Park am Aachener Weiher mit dem Mont Klamott vor, der Stadtbezirk Innenstadt griff den Vorschlag gerne auf und beschloss die Benennung als HIROSHIMA-NAGASAKI-PARK.<\/p>\n<p>Aus der Betreuung der Ausstellung und Organisation der Kundgebungen am Hiroshima-Tag entstand der Arbeitskreis Hiroshima-Nagasaki, der auch den Kontakt zu Kazuo Soda bis heute aufrecht erh\u00e4lt. Trotz gro\u00dfer gesundheitlicher Probleme kam er noch viele Male nach K\u00f6ln \u2013 was nach seiner eigenen Aussage immer eine Erholung bei Freunden f\u00fcr ihn war -, zum letzten Mal im August 2013.<\/p>\n<div id=\"attachment_10329\" style=\"width: 316px\" class=\"wp-caption alignright\"><img loading=\"lazy\" decoding=\"async\" aria-describedby=\"caption-attachment-10329\" class=\" wp-image-10329\" src=\"http:\/\/www.friedenkoeln.de\/wp-content\/uploads\/2017\/02\/Gedenkstein-Foto_von_Konrad_2007_wp-1024x683.jpg\" alt=\"\" width=\"306\" height=\"204\" \/><p id=\"caption-attachment-10329\" class=\"wp-caption-text\">Gedenkstein im Hiroshima-Nagasaki-Park K\u00f6ln. Foto: Konrad H\u00f6cker, 5.8.2007.<\/p><\/div>\n<p>2007 konnten wir hier auf der H\u00f6he des Hiroshima-Nagasaki-Parks das Mahnmal ATOMWAFFEN ABSCHAFFEN enth\u00fcllen, nachdem das K\u00f6lner Gr\u00fcnfl\u00e4chenamt drei B\u00e4ume hier gepflanzt hatte: einen Gingko f\u00fcr Hiroshima, eine japanische Kirsche f\u00fcr Nagasaki und eine Schwarzpappel, genannt \u201ek\u00f6lsche Zypresse\u201c. Die Informationstafel beim Mahnmal wurde im vergangenen Jahr mit Unterst\u00fctzung desGr\u00fcnfl\u00e4chenamtes aufgestellt.<\/p>\n<p>Wir alle hoffen, dass wir eines Tages auch hier das weltweite Verbot aller Nuklearwaffen feiern k\u00f6nnen. Bis dahin brauchen wir sicher noch einen langen Atem, darum sind wir dankbar f\u00fcr alle Unterst\u00fctzung und Inspiration durch Menschen wie Kazuo Soda und die Mitwirkenden in den NGOs weltweit, aber genauso auch durch Sie, die heute unserer Einladung gefolgt sind.<\/p>\n<p><img loading=\"lazy\" decoding=\"async\" class=\"wp-image-8522 alignleft\" src=\"http:\/\/www.friedenkoeln.de\/wp-content\/uploads\/2015\/07\/Flaggentag1-1024x814.jpg\" alt=\"\" width=\"314\" height=\"250\" srcset=\"https:\/\/www.friedenkoeln.de\/wp-content\/uploads\/2015\/07\/Flaggentag1-1024x814.jpg 1024w, https:\/\/www.friedenkoeln.de\/wp-content\/uploads\/2015\/07\/Flaggentag1.jpg 1045w\" sizes=\"auto, (max-width: 314px) 100vw, 314px\" \/><\/p>\n<p>Nach jahrelangen vergeblichen Bem\u00fchungen,\u00a0eine \u00c4nderung der K\u00f6lner Flaggenordnung zu erreichen, gelang dies im vergangenen Jahr dank der Unterst\u00fctzung vieler K\u00f6lner Initiativen. Jetzt hisst die K\u00f6lner Oberb\u00fcrgermeisterin die Friedensflagge der Mayors for Peace immer am 8. Juli am\u00a0Rathaus. Wir sind mit einer Kundgebung dabei.<\/p>\n<p>Ich schlie\u00dfe mit Kazuo Soda aus seiner Rede zur Einweihung dieses Parks am 7.8.2004:<\/p>\n<blockquote><p>Dieser Friedenspark ist wohl der gr\u00f6\u00dfte in Europa,, vergleichbar mit den Parks in Hiroshima und Nagasaki. Ich sehe in ihm eine wichtige Basis, von der aus eine Friedensbotschaft sich verbreitet \u2013 nicht nur in Deutschland, sondern in der ganzen Welt. Die Botschaft lautet: Alle Atomwaffen abschaffen \u2013 weltweit! Wir brauchen keine Milit\u00e4rbasen, die Kriegsf\u00fchrung erm\u00f6glichen. Wir brauchen Friedensbasen wie diesen Park, damit der Gedanke eines menschenw\u00fcrdigen Lebens in Frieden um sich greift.<\/p><\/blockquote>\n<p><em>Ursula Forner, Arbeitskreis Hiroshima-Nagasaki im K\u00f6lner Friedensforum<\/em><\/p>\n<p><em>Diese Rede wurde am 6.8.2017 im Hiroshima-Nagasaki-Park K\u00f6ln gehalten.<\/em><\/p>\n","protected":false},"excerpt":{"rendered":"<p>Der Arbeitskreis Hiroshima-Nagasaki im K\u00f6lner Friedensforum\u00a0ist eine Gr\u00fcndung der japanischen Hibakusha \u2013 der Bombardierten -, vertreten durch Herrn Kazuo Soda aus Fukuoka, der 1991 von Dortmund aus \u2013 wo er als \u00dcberlebender der Atombombe&#46;&#46;&#46;<\/p>\n","protected":false},"author":110,"featured_media":0,"comment_status":"open","ping_status":"open","sticky":false,"template":"","format":"standard","meta":{"footnotes":""},"categories":[2],"tags":[42,33,45,61,73],"class_list":["post-11174","post","type-post","status-publish","format-standard","hentry","category-aktionen","tag-abruestung","tag-atomwaffen","tag-geschichte","tag-kommunale-friedensarbeit","tag-vereinte-nationen"],"_links":{"self":[{"href":"https:\/\/www.friedenkoeln.de\/index.php?rest_route=\/wp\/v2\/posts\/11174","targetHints":{"allow":["GET"]}}],"collection":[{"href":"https:\/\/www.friedenkoeln.de\/index.php?rest_route=\/wp\/v2\/posts"}],"about":[{"href":"https:\/\/www.friedenkoeln.de\/index.php?rest_route=\/wp\/v2\/types\/post"}],"author":[{"embeddable":true,"href":"https:\/\/www.friedenkoeln.de\/index.php?rest_route=\/wp\/v2\/users\/110"}],"replies":[{"embeddable":true,"href":"https:\/\/www.friedenkoeln.de\/index.php?rest_route=%2Fwp%2Fv2%2Fcomments&post=11174"}],"version-history":[{"count":2,"href":"https:\/\/www.friedenkoeln.de\/index.php?rest_route=\/wp\/v2\/posts\/11174\/revisions"}],"predecessor-version":[{"id":11176,"href":"https:\/\/www.friedenkoeln.de\/index.php?rest_route=\/wp\/v2\/posts\/11174\/revisions\/11176"}],"wp:attachment":[{"href":"https:\/\/www.friedenkoeln.de\/index.php?rest_route=%2Fwp%2Fv2%2Fmedia&parent=11174"}],"wp:term":[{"taxonomy":"category","embeddable":true,"href":"https:\/\/www.friedenkoeln.de\/index.php?rest_route=%2Fwp%2Fv2%2Fcategories&post=11174"},{"taxonomy":"post_tag","embeddable":true,"href":"https:\/\/www.friedenkoeln.de\/index.php?rest_route=%2Fwp%2Fv2%2Ftags&post=11174"}],"curies":[{"name":"wp","href":"https:\/\/api.w.org\/{rel}","templated":true}]}}