{"id":11184,"date":"2017-08-21T07:00:29","date_gmt":"2017-08-21T05:00:29","guid":{"rendered":"http:\/\/www.friedenkoeln.de\/?p=11184"},"modified":"2017-08-20T23:16:13","modified_gmt":"2017-08-20T21:16:13","slug":"empfehlenswert-bonner-friedenstage-mit-schiffstour-filmen-vortraegen","status":"publish","type":"post","link":"https:\/\/www.friedenkoeln.de\/?p=11184","title":{"rendered":"Empfehlenswert: Bonner Friedenstage mit Schiffstour, Filmen, Vortr\u00e4gen"},"content":{"rendered":"<p>Der 21. September ist der Friedenstag der Vereinten Nationen. Bonner Friedensorganisationen haben dazu im September 2017 ein attraktives, mit Informationen gespicktes Programm gestaltet. Unter anderem haben DFG-VK Bonn-Rhein-Sieg und das Frauennetzwerk Frieden e. V. f\u00fcr den\u00a022. September 2017 ein Friedensschiff organisiert, das &#8222;in voller Dekoration&#8220; und mit DJ an Bord von Bonn <!--more-->nach Remagen und zur\u00fcck f\u00e4hrt.<\/p>\n<div id=\"attachment_11188\" style=\"width: 247px\" class=\"wp-caption alignleft\"><img loading=\"lazy\" decoding=\"async\" aria-describedby=\"caption-attachment-11188\" class=\"wp-image-11188\" src=\"http:\/\/www.friedenkoeln.de\/wp-content\/uploads\/2017\/08\/2017-08-16-BFTage17_16aug_einzel-512x1024.jpg\" alt=\"\" width=\"237\" height=\"474\" srcset=\"https:\/\/www.friedenkoeln.de\/wp-content\/uploads\/2017\/08\/2017-08-16-BFTage17_16aug_einzel-512x1024.jpg 512w, https:\/\/www.friedenkoeln.de\/wp-content\/uploads\/2017\/08\/2017-08-16-BFTage17_16aug_einzel-768x1536.jpg 768w\" sizes=\"auto, (max-width: 237px) 100vw, 237px\" \/><p id=\"caption-attachment-11188\" class=\"wp-caption-text\">Bonner Friedenstage. Fotos\/Grafik: s. im Text verlinkte Datei des Flyers.<\/p><\/div>\n<p>\u00bbFrieden ist machbar!\u00ab Unter diesem Motto blickt der Historiker\u00a0Guido Gr\u00fcnewald am 29. September 2017 in Bonn auf 125 Jahre Deutsche<br \/>\nFriedensgesellschaft (DFG) zur\u00fcck und skizziert Strategien, Aktionen und Erfolge.<\/p>\n<p><a href=\"http:\/\/themanwhosavedtheworldmovie.com\/#home\">&#8222;The Man Who Saved The World&#8220;<\/a> zeigt eindringlich, wie knapp die Welt am 26. September 1983 am Atomkrieg vorbeigeschrammt ist und wie labil das angebliche &#8222;Gleichgewicht des Schreckens&#8220; tats\u00e4chlich war &#8211; und ist.<\/p>\n<p>Zahlreiche weitere Veranstaltungen bieten Diskussionsstoff und informieren \u00fcber M\u00f6glichkeiten der Friedensf\u00f6rderung.<\/p>\n<p>Die <a href=\"https:\/\/dfg-vk-bonn-rhein-sieg.de\/index.php\/aktuelles-und-meinungen\/aktuelles\/3321-die-bonner-friedenstage-vom-1-09-bis-30-09-2017\">DFG-VK Gruppe Bonn-Rhein-Sieg<\/a> schreibt zum Friedenstag der Vereinten Nationen:<\/p>\n<blockquote><p>F\u00fcr 24 Stunden sollen die Waffen bedingungslos ruhen! Diese Forderung beschloss die Generalversammlung der Vereinten Nationen im Jahr 2001 und verband sie mit der Deklaration des 21. September zum Internationalen Friedenstag. Angesichts andauernder kriegerischer Auseinandersetzungen in vielen Regionen der Erde, der Flucht von mehr als 60 Mio. Menschen aus ihrer Heimat und lebensbedrohlicher Not durch Ungerechtigkeit ist dies n\u00f6tiger denn je.<\/p><\/blockquote>\n<p>Der Flyer mit allen Veranstaltungen ist <a href=\"http:\/\/www.friedenkoeln.de\/wp-content\/uploads\/2017\/08\/2017-08-16-BFTage17_16aug_einzel.pdf\">hier<\/a>.<\/p>\n","protected":false},"excerpt":{"rendered":"<p>Der 21. September ist der Friedenstag der Vereinten Nationen. Bonner Friedensorganisationen haben dazu im September 2017 ein attraktives, mit Informationen gespicktes Programm gestaltet. Unter anderem haben DFG-VK Bonn-Rhein-Sieg und das Frauennetzwerk Frieden e. V.&#46;&#46;&#46;<\/p>\n","protected":false},"author":110,"featured_media":0,"comment_status":"open","ping_status":"open","sticky":false,"template":"","format":"standard","meta":{"footnotes":""},"categories":[2],"tags":[33,45,32,61,27,57,3,73,4],"class_list":["post-11184","post","type-post","status-publish","format-standard","hentry","category-aktionen","tag-atomwaffen","tag-geschichte","tag-information-diskussion","tag-kommunale-friedensarbeit","tag-kultur","tag-musik","tag-pazifismus","tag-vereinte-nationen","tag-zivile-konfliktloesung"],"_links":{"self":[{"href":"https:\/\/www.friedenkoeln.de\/index.php?rest_route=\/wp\/v2\/posts\/11184","targetHints":{"allow":["GET"]}}],"collection":[{"href":"https:\/\/www.friedenkoeln.de\/index.php?rest_route=\/wp\/v2\/posts"}],"about":[{"href":"https:\/\/www.friedenkoeln.de\/index.php?rest_route=\/wp\/v2\/types\/post"}],"author":[{"embeddable":true,"href":"https:\/\/www.friedenkoeln.de\/index.php?rest_route=\/wp\/v2\/users\/110"}],"replies":[{"embeddable":true,"href":"https:\/\/www.friedenkoeln.de\/index.php?rest_route=%2Fwp%2Fv2%2Fcomments&post=11184"}],"version-history":[{"count":3,"href":"https:\/\/www.friedenkoeln.de\/index.php?rest_route=\/wp\/v2\/posts\/11184\/revisions"}],"predecessor-version":[{"id":11189,"href":"https:\/\/www.friedenkoeln.de\/index.php?rest_route=\/wp\/v2\/posts\/11184\/revisions\/11189"}],"wp:attachment":[{"href":"https:\/\/www.friedenkoeln.de\/index.php?rest_route=%2Fwp%2Fv2%2Fmedia&parent=11184"}],"wp:term":[{"taxonomy":"category","embeddable":true,"href":"https:\/\/www.friedenkoeln.de\/index.php?rest_route=%2Fwp%2Fv2%2Fcategories&post=11184"},{"taxonomy":"post_tag","embeddable":true,"href":"https:\/\/www.friedenkoeln.de\/index.php?rest_route=%2Fwp%2Fv2%2Ftags&post=11184"}],"curies":[{"name":"wp","href":"https:\/\/api.w.org\/{rel}","templated":true}]}}