{"id":11253,"date":"2017-08-26T10:02:28","date_gmt":"2017-08-26T08:02:28","guid":{"rendered":"http:\/\/www.friedenkoeln.de\/?p=11253"},"modified":"2017-08-26T10:02:28","modified_gmt":"2017-08-26T08:02:28","slug":"auf-kosten-des-sozialen-diskussion-am-30-8-2017-zum-antikriegstag","status":"publish","type":"post","link":"https:\/\/www.friedenkoeln.de\/?p=11253","title":{"rendered":"Auf Kosten des Sozialen? Diskussion am 30.8.2017 zum Antikriegstag"},"content":{"rendered":"<p><em>Eine Veranstaltung von ver.di Bezirk K\u00f6ln und dem K\u00f6lner Friedensforum:<\/em><\/p>\n<p style=\"text-align: center;\"><strong>Mittwoch, 30.08.2017, 18.00 Uhr<\/strong><\/p>\n<p style=\"text-align: center;\"><strong>DGB-Haus (Hans-B\u00f6ckler-Platz), Gro\u00dfer Saal<\/strong><\/p>\n<p style=\"text-align: center;\"><strong>Auf Kosten des Sozialen?<\/strong><\/p>\n<p style=\"text-align: center;\">oder<\/p>\n<p style=\"text-align: center;\"><strong>was der R\u00fcstungsetat mit unseren Lebens- und Arbeitsbedingungen zu tun hat<\/strong><\/p>\n<p><strong>Anl\u00e4sslich des Antikriegstages am 1. September diskutieren wir mit Anne Rieger,\u00a0<\/strong><strong>Sprecherin des Bundesausschuss Friedensratschlag, ehemalige Bevollm\u00e4chtigte IG Metall.<\/strong><\/p>\n<p><img loading=\"lazy\" decoding=\"async\" class=\"wp-image-10634 alignright\" src=\"http:\/\/www.friedenkoeln.de\/wp-content\/uploads\/2017\/04\/KFF-Logo-2.jpg\" alt=\"\" width=\"132\" height=\"149\" \/><\/p>\n<p>In vielen L\u00e4ndern der Welt toben Kriege, die Jahr f\u00fcr Jahr<\/p>\n<p>&nbsp;<\/p>\n<p>zehntausende Menschenleben fordern und Hunderttausende zur Flucht aus ihren Heimatl\u00e4ndern zwingen. Viele Industriel\u00e4nder, darunter auch die Bundesrepublik Deutschland, sorgen durch Waffenlieferungen daf\u00fcr, dass<\/p>\n<p>&nbsp;<\/p>\n<p>das T\u00f6ten immer weitergeht.<\/p>\n<p><img loading=\"lazy\" decoding=\"async\" class=\"wp-image-11255 alignleft\" src=\"http:\/\/www.friedenkoeln.de\/wp-content\/uploads\/2017\/08\/Logo-verdi.png\" alt=\"\" width=\"146\" height=\"146\" srcset=\"https:\/\/www.friedenkoeln.de\/wp-content\/uploads\/2017\/08\/Logo-verdi.png 127w, https:\/\/www.friedenkoeln.de\/wp-content\/uploads\/2017\/08\/Logo-verdi-120x120.png 120w\" sizes=\"auto, (max-width: 146px) 100vw, 146px\" \/><\/p>\n<p>Gleichzeitig soll der R\u00fcstungsetat Deutschlands, der schon jetzt fast 37 Milliarden \u20ac betr\u00e4gt, nach dem Willen von Bundesregierung und NATO auf 2 % des Bruttoinlandprodukts steigen \u2013 das w\u00e4re fast eine Verdoppelung. Und w\u00e4hrend f\u00fcr immer weitere Aufr\u00fc<\/p>\n<p>stung Geld da sein soll, fehlt es anderswo<\/p>\n<p>an allen Ecken und Enden:<\/p>\n<ul>\n<li>f\u00fcr ausreichendes Personal, das anst\u00e4ndig bezahlt wird in Krankenh\u00e4usern und Pflegeheimen<\/li>\n<li>f\u00fcr gute personelle und materielle Ausstattung von Schulen und Kitas<\/li>\n<li>f\u00fcr eine angemessene finanzielle Ausstattung der Kommunen, die die meisten sozialen Einrichtungen finanzieren.<\/li>\n<\/ul>\n<p>Eine Umverteilung der Mittel, weg vom Milit\u00e4r, hin zum Sozialen, ist dringend notwendig.<\/p>\n","protected":false},"excerpt":{"rendered":"<p>Eine Veranstaltung von ver.di Bezirk K\u00f6ln und dem K\u00f6lner Friedensforum: Mittwoch, 30.08.2017, 18.00 Uhr DGB-Haus (Hans-B\u00f6ckler-Platz), Gro\u00dfer Saal Auf Kosten des Sozialen? oder was der R\u00fcstungsetat mit unseren Lebens- und Arbeitsbedingungen zu tun hat&#46;&#46;&#46;<\/p>\n","protected":false},"author":110,"featured_media":0,"comment_status":"open","ping_status":"open","sticky":false,"template":"","format":"standard","meta":{"footnotes":""},"categories":[2],"tags":[42,28,61,37,88,71,76],"class_list":["post-11253","post","type-post","status-publish","format-standard","hentry","category-aktionen","tag-abruestung","tag-fluchtlingen","tag-kommunale-friedensarbeit","tag-ruestungsexporte","tag-sozialpolitik","tag-waffenhandel","tag-wirtschaft"],"_links":{"self":[{"href":"https:\/\/www.friedenkoeln.de\/index.php?rest_route=\/wp\/v2\/posts\/11253","targetHints":{"allow":["GET"]}}],"collection":[{"href":"https:\/\/www.friedenkoeln.de\/index.php?rest_route=\/wp\/v2\/posts"}],"about":[{"href":"https:\/\/www.friedenkoeln.de\/index.php?rest_route=\/wp\/v2\/types\/post"}],"author":[{"embeddable":true,"href":"https:\/\/www.friedenkoeln.de\/index.php?rest_route=\/wp\/v2\/users\/110"}],"replies":[{"embeddable":true,"href":"https:\/\/www.friedenkoeln.de\/index.php?rest_route=%2Fwp%2Fv2%2Fcomments&post=11253"}],"version-history":[{"count":2,"href":"https:\/\/www.friedenkoeln.de\/index.php?rest_route=\/wp\/v2\/posts\/11253\/revisions"}],"predecessor-version":[{"id":11256,"href":"https:\/\/www.friedenkoeln.de\/index.php?rest_route=\/wp\/v2\/posts\/11253\/revisions\/11256"}],"wp:attachment":[{"href":"https:\/\/www.friedenkoeln.de\/index.php?rest_route=%2Fwp%2Fv2%2Fmedia&parent=11253"}],"wp:term":[{"taxonomy":"category","embeddable":true,"href":"https:\/\/www.friedenkoeln.de\/index.php?rest_route=%2Fwp%2Fv2%2Fcategories&post=11253"},{"taxonomy":"post_tag","embeddable":true,"href":"https:\/\/www.friedenkoeln.de\/index.php?rest_route=%2Fwp%2Fv2%2Ftags&post=11253"}],"curies":[{"name":"wp","href":"https:\/\/api.w.org\/{rel}","templated":true}]}}