{"id":11274,"date":"2017-09-01T07:00:16","date_gmt":"2017-09-01T05:00:16","guid":{"rendered":"http:\/\/www.friedenkoeln.de\/?p=11274"},"modified":"2017-09-01T01:06:40","modified_gmt":"2017-08-31T23:06:40","slug":"kunstwettbewerb-frieden-fuer-kinder-und-jugendliche-anmeldung-noch-moeglich","status":"publish","type":"post","link":"https:\/\/www.friedenkoeln.de\/?p=11274","title":{"rendered":"Kunstwettbewerb Frieden f\u00fcr Kinder und Jugendliche: Anmeldung noch m\u00f6glich!"},"content":{"rendered":"<p><em>Mitteilung f\u00fcr die Medien.<\/em><\/p>\n<p><strong>K\u00f6lner Friedensgruppen laden Kinder und Jugendliche ein, \u201eFrieden\u201c und \u201ePazifismus\u201c k\u00fcnstlerisch zu gestalten. Die Kunstwerke werden im November 2017 beim Friedensfest in der K\u00f6lner Lutherkirche S\u00fcdstadt ausgestellt und pr\u00e4miert. Vor 125 Jahren wurde die Deutsche Friedensgesellschaft gegr\u00fcndet.<\/strong><!--more--><\/p>\n<p>Wer gerne gemeinsam mit anderen malt, bastelt, gestaltet oder ein Video dreht, zwischen 6 und 18 Jahren alt ist und eine erwachsene Betreuungsperson findet, sollte sich die Ausschreibung zum \u201eSch\u00fclerkunstwettbewerb Frieden\u201c auf der Webseite <a href=\"http:\/\/www.friedenkoeln.de\">www.friedenkoeln.de<\/a> anschauen.<\/p>\n<div id=\"attachment_10673\" style=\"width: 238px\" class=\"wp-caption alignleft\"><img loading=\"lazy\" decoding=\"async\" aria-describedby=\"caption-attachment-10673\" class=\" wp-image-10673\" src=\"http:\/\/www.friedenkoeln.de\/wp-content\/uploads\/2017\/04\/Sch\u00fclerkunstwettbewerb-Frieden-2017_Flyer-Cover_klein-827x1024.jpg\" alt=\"\" width=\"228\" height=\"282\" srcset=\"https:\/\/www.friedenkoeln.de\/wp-content\/uploads\/2017\/04\/Sch\u00fclerkunstwettbewerb-Frieden-2017_Flyer-Cover_klein-827x1024.jpg 827w, https:\/\/www.friedenkoeln.de\/wp-content\/uploads\/2017\/04\/Sch\u00fclerkunstwettbewerb-Frieden-2017_Flyer-Cover_klein-768x951.jpg 768w, https:\/\/www.friedenkoeln.de\/wp-content\/uploads\/2017\/04\/Sch\u00fclerkunstwettbewerb-Frieden-2017_Flyer-Cover_klein.jpg 1136w\" sizes=\"auto, (max-width: 228px) 100vw, 228px\" \/><p id=\"caption-attachment-10673\" class=\"wp-caption-text\">Graphik: Jelena Ilic<\/p><\/div>\n<p>K\u00f6lner Friedensgruppen veranstalten den Wettbewerb anl\u00e4sslich des 125-j\u00e4hrigen Bestehens der Deutschen Friedensgesellschaft: am 24. November 2017 wird das Jubil\u00e4um mit einem bunten Friedensfest in der K\u00f6lner Lutherkirche S\u00fcdstadt gefeiert. Der Wettbewerb, der sich um \u201eFrieden\u201c und \u201ePazifismus\u201c dreht, winkt mit attraktiven Preisen und einer Ausstellung beim Friedensfest. Das Gewinner-Team darf sogar ein Wochenende auf dem Gut Alte Heide bei Wermelskirchen verbringen.<\/p>\n<p>Die f\u00fcnf Jury-Mitglieder sind der Bildhauer Prof. Andreas Kienlin, die Kunsthistorikerin Prof. Dr. Lilian Haberer, der Referent f\u00fcr Friedenspolitik Richard Klasen, die Mediatorin Hanna Parnow und der Friedensaktivist und Lehrer Markus Fr\u00f6hlich. Andreas Kienlin, der an der Alanus-Hochschule f\u00fcr Kunst und Gesellschaft in Alfter unterrichtet, meint: \u201eBesonders in der heutigen Zeit ist es wichtig, junge Menschen zur Auseinandersetzung mit dem Thema \u201eFrieden\u201c zu ermutigen.\u201c Daher wolle er die K\u00f6lner Friedensgruppen unterst\u00fctzen und zum Gelingen des Projekts beitragen.<\/p>\n<div id=\"attachment_11262\" style=\"width: 227px\" class=\"wp-caption alignright\"><img loading=\"lazy\" decoding=\"async\" aria-describedby=\"caption-attachment-11262\" class=\"wp-image-11262\" src=\"http:\/\/www.friedenkoeln.de\/wp-content\/uploads\/2017\/04\/Foto-LH_klein-Anschnitt.jpeg\" alt=\"\" width=\"217\" height=\"220\" \/><p id=\"caption-attachment-11262\" class=\"wp-caption-text\">Lilian Haberer (Copyright)<\/p><\/div>\n<p>Die \u00fcbrigen Jury-Mitglieder sehen das \u00e4hnlich. Prof. Dr. Lilian Haberer, Kunsthochschule f\u00fcr Medien K\u00f6ln, h\u00e4lt \u201eden gemeinschaftlichen Einsatz f\u00fcr eine friedliche Zukunft (&#8230;) f\u00fcr die grundlegendste, aber auch gr\u00f6\u00dfte Herausforderung unserer Zeit\u201c. Ihr gef\u00e4llt die Intitiative, \u201eKindern eine k\u00fcnstlerische Auseinandersetzung mit dem Thema in Teams zu erm\u00f6glichen&#8220;.<\/p>\n<p>Die Kunstwerke k\u00f6nnen aus Gem\u00e4lden, Skulpturen oder auch einem kurzen Video bestehen und sollen \u201eFrieden\u201c oder \u201ePazifismus\u201c thematisieren. Markus Fr\u00f6hlich glaubt, Kinder und Jugendliche seien oft phantasievoller als Erwachsene. Er sagt: \u201eViele haben schon genaue Vorstellungen davon, wie man Konflikte mit friedlichen Mitteln bearbeiten kann. Wir sind sehr gespannt zu sehen, welche k\u00fcnstlerischen Ideen die Gruppen entwickeln.\u201c<\/p>\n<p>Anmeldung und Kontakt:<\/p>\n<p>Bis zum 29.9.2017 unter <a href=\"mailto:wettbewerb@friedenkoeln.de\">wettbewerb@friedenkoeln.de<\/a>. \u00a0Anmerkung: die urspr\u00fcnglich vor den Sommerferien endende Frist f\u00fcr die Anmeldung erwies sich als wenig praktikabel und wurde daher verl\u00e4ngert.<\/p>\n<p>Alle Informationen und Bedingungen zum Wettbewerb auf <a href=\"http:\/\/www.friedenkoeln.de\">www.friedenkoeln.de<\/a>.<\/p>\n<p>Veranstalter:<\/p>\n<p>Friedensbildungswerk K\u00f6ln,\u00a0F\u00f6rderverein des K\u00f6lner Friedensforums,\u00a0Deutsche Friedensgesellschaft \u2013 Vereinigte KriegsdienstgegnerInnen (DFG-VK) Gruppe K\u00f6ln<\/p>\n<p>Sponsoren:<\/p>\n<p>B\u00fcrgerstiftung K\u00f6ln, K\u00f6ln;\u00a0DFG-VK Bildungswerk NRW e. V., Dortmund;\u00a0Gemeinn\u00fctzige Stiftung EIN HERZ LACHT, Troisdorf<\/p>\n<hr \/>\n<p>Spenden f\u00fcr den Wettbewerb:<\/p>\n<p>F\u00f6rderverein K\u00f6lner Friedensforum e.V.,\u00a0SPARDA Bank West,<\/p>\n<p>IBAN: DE09 3706 0590 0004 1572 30,\u00a0BIC: GENODED\u00a0 1SPK,\u00a0Kennwort: \u201eKunstwettbewerb 2017\u201c<\/p>\n<p>Eine Spendenquittung kann \u00fcber <a href=\"mailto:koelner-friedensforum@web.de\">koelner-friedensforum@web.de<\/a> angefordert werden.<\/p>\n<hr \/>\n<p>Unsere <a href=\"http:\/\/www.friedenkoeln.de\/?page_id=11265\">Digitale Pressemappe<\/a>\u00a0enth\u00e4lt Fotos, Zitate und weitere Informationen.\u00a0Wir bitten bei der Verwendung um Beachtung der Copyright-Angaben.<\/p>\n<p>Kontakt f\u00fcr die Presse:<\/p>\n<p>Stefanie Intveen, Tel. 0173 7283352, <a href=\"mailto:stefanie.intveen@web.de\">stefanie.intveen@web.de<\/a><\/p>\n<p>DFG-VK Gruppe K\u00f6ln,\u00a0c\/o Friedensbildungswerk K\u00f6ln,\u00a0Obenmarspforten 7-11,\u00a050667 K\u00f6ln<\/p>\n","protected":false},"excerpt":{"rendered":"<p>Mitteilung f\u00fcr die Medien. K\u00f6lner Friedensgruppen laden Kinder und Jugendliche ein, \u201eFrieden\u201c und \u201ePazifismus\u201c k\u00fcnstlerisch zu gestalten. Die Kunstwerke werden im November 2017 beim Friedensfest in der K\u00f6lner Lutherkirche S\u00fcdstadt ausgestellt und pr\u00e4miert. Vor&#46;&#46;&#46;<\/p>\n","protected":false},"author":110,"featured_media":0,"comment_status":"open","ping_status":"open","sticky":false,"template":"","format":"standard","meta":{"footnotes":""},"categories":[2,87],"tags":[45,61,27,9,3,65,4],"class_list":["post-11274","post","type-post","status-publish","format-standard","hentry","category-aktionen","category-pressemitteilung","tag-geschichte","tag-kommunale-friedensarbeit","tag-kultur","tag-frieden-und-kunst","tag-pazifismus","tag-schule","tag-zivile-konfliktloesung"],"_links":{"self":[{"href":"https:\/\/www.friedenkoeln.de\/index.php?rest_route=\/wp\/v2\/posts\/11274","targetHints":{"allow":["GET"]}}],"collection":[{"href":"https:\/\/www.friedenkoeln.de\/index.php?rest_route=\/wp\/v2\/posts"}],"about":[{"href":"https:\/\/www.friedenkoeln.de\/index.php?rest_route=\/wp\/v2\/types\/post"}],"author":[{"embeddable":true,"href":"https:\/\/www.friedenkoeln.de\/index.php?rest_route=\/wp\/v2\/users\/110"}],"replies":[{"embeddable":true,"href":"https:\/\/www.friedenkoeln.de\/index.php?rest_route=%2Fwp%2Fv2%2Fcomments&post=11274"}],"version-history":[{"count":4,"href":"https:\/\/www.friedenkoeln.de\/index.php?rest_route=\/wp\/v2\/posts\/11274\/revisions"}],"predecessor-version":[{"id":11280,"href":"https:\/\/www.friedenkoeln.de\/index.php?rest_route=\/wp\/v2\/posts\/11274\/revisions\/11280"}],"wp:attachment":[{"href":"https:\/\/www.friedenkoeln.de\/index.php?rest_route=%2Fwp%2Fv2%2Fmedia&parent=11274"}],"wp:term":[{"taxonomy":"category","embeddable":true,"href":"https:\/\/www.friedenkoeln.de\/index.php?rest_route=%2Fwp%2Fv2%2Fcategories&post=11274"},{"taxonomy":"post_tag","embeddable":true,"href":"https:\/\/www.friedenkoeln.de\/index.php?rest_route=%2Fwp%2Fv2%2Ftags&post=11274"}],"curies":[{"name":"wp","href":"https:\/\/api.w.org\/{rel}","templated":true}]}}