{"id":11284,"date":"2017-09-03T11:45:31","date_gmt":"2017-09-03T09:45:31","guid":{"rendered":"http:\/\/www.friedenkoeln.de\/?p=11284"},"modified":"2017-09-03T12:50:10","modified_gmt":"2017-09-03T10:50:10","slug":"stopp-air-base-ramstein-keinen-krieg-von-deutschem-boden","status":"publish","type":"post","link":"https:\/\/www.friedenkoeln.de\/?p=11284","title":{"rendered":"Stopp Air Base Ramstein! Keinen Krieg von deutschem Boden!"},"content":{"rendered":"<p>Heute beginnt die Aktionswoche mit Vortr\u00e4gen, Ausstellungen, Demonstrationen, Diskussionen, einer Menschenkette und einem Musikfestival rund um die US-Air Base Ramstein in Rheinland-Pfalz. Die Kampagne wird von zahlreichen Friedensorganisationen getragen und kooperiert auch mit US-amerikanischen Friedensaktivist*Innen.<!--more--><\/p>\n<div id=\"attachment_11283\" style=\"width: 270px\" class=\"wp-caption alignleft\"><img loading=\"lazy\" decoding=\"async\" aria-describedby=\"caption-attachment-11283\" class=\" wp-image-11283\" src=\"http:\/\/www.friedenkoeln.de\/wp-content\/uploads\/2017\/09\/Seite1-722x1024.jpg\" alt=\"Auf dem Hintergrund sonnenstrahlenf\u00f6rmig angeordneter Regenbogenfarben sieht man ein angedeutetes Wappen mit der schwarzen Aufschrift &quot;Stopp Air Base Ramstein&quot; und einer Kampfdrohne im unteren Teil des Wappens. Das &quot;o&quot; in &quot;Stopp&quot; enth\u00e4lt eine wei\u00dfe Friedenstaube, deren Umriss ein nach oben gerichtetes menschliches Gesicht im Profil zeigt. Oben findet sich die wei\u00dfe \u00dcberschrift &quot;Nein zu drohnen. Keinen Krieg von deutschem Boden!&quot;\" width=\"260\" height=\"370\" srcset=\"https:\/\/www.friedenkoeln.de\/wp-content\/uploads\/2017\/09\/Seite1-722x1024.jpg 722w, https:\/\/www.friedenkoeln.de\/wp-content\/uploads\/2017\/09\/Seite1-768x1090.jpg 768w, https:\/\/www.friedenkoeln.de\/wp-content\/uploads\/2017\/09\/Seite1.jpg 874w\" sizes=\"auto, (max-width: 260px) 100vw, 260px\" \/><p id=\"caption-attachment-11283\" class=\"wp-caption-text\">Stopp Air Base Ramstein. Plakat zur Aktionswoche mit Musikfestival 3.-10.9.2017.<\/p><\/div>\n<p>Die Air Base ist im Moment nicht nur technisch unabdingbar f\u00fcr die Durchf\u00fchrung des v\u00f6lkerrechtswidrigen US-Drohnenkriegs, sondern stellt auch ein zentrales Logistikdrehkreuz f\u00fcr US-Kriegshandlungen und Kriegsvorbereitungen in afrikanischen, europ\u00e4ischen und asiatischen Staaten dar. Einen \u00dcberblick \u00fcber die \u00f6ffentlich bekannten Daten und Fakten des Standorts gibt Andrea Drescher in ihrem am 21. Juli 2017 erschienen <a href=\"https:\/\/www.rubikon.news\/artikel\/mehr-als-nur-drohnen\">Artikel<\/a> &#8222;Mehr als nur Drohnen. Die U.S.-Air Base Ramstein ist noch gef\u00e4hrlicher als man gemeinhin denkt.&#8220;.<\/p>\n<p>Die fr\u00fchere US-Diplomatin und -Offizierin und heutige Friedensaktivistin Ann Wright geh\u00f6rt zu den internationalen G\u00e4sten der Aktionswoche und wird gleich mehrfach auf dem &#8222;Internationalen Kongress zu Milit\u00e4rbasen und ihrer geostrategischen Bedeutung f\u00fcr weltweite Kriege&#8220; sprechen. Bei uns in K\u00f6ln war Ann im April 2016 zu Gast (siehe unsere Berichte <a href=\"http:\/\/www.friedenkoeln.de\/?p=9267\">hier<\/a> und <a href=\"http:\/\/www.friedenkoeln.de\/?p=9456\">hier<\/a>).<\/p>\n<p>Die DFG-VK Gruppe K\u00f6ln geh\u00f6rt zu den Unterst\u00fctzern der Kampagne und empfiehlt die Teilnahme. Wer kurz entschlossen einen Ausflug nach Ramstein machen will, findet <a href=\"http:\/\/www.ramstein-kampagne.eu\/category\/stopp-ramstein-2017\/\">hier<\/a> alle notwendigen Infos.<\/p>\n","protected":false},"excerpt":{"rendered":"<p>Heute beginnt die Aktionswoche mit Vortr\u00e4gen, Ausstellungen, Demonstrationen, Diskussionen, einer Menschenkette und einem Musikfestival rund um die US-Air Base Ramstein in Rheinland-Pfalz. Die Kampagne wird von zahlreichen Friedensorganisationen getragen und kooperiert auch mit US-amerikanischen&#46;&#46;&#46;<\/p>\n","protected":false},"author":110,"featured_media":0,"comment_status":"open","ping_status":"open","sticky":false,"template":"","format":"standard","meta":{"footnotes":""},"categories":[2],"tags":[42,33,44,39,31,47,85,57],"class_list":["post-11284","post","type-post","status-publish","format-standard","hentry","category-aktionen","tag-abruestung","tag-atomwaffen","tag-drohnen","tag-kampfdrohnen","tag-konferenzen","tag-krieg-gegen-terror","tag-kriegsverbrechen","tag-musik"],"_links":{"self":[{"href":"https:\/\/www.friedenkoeln.de\/index.php?rest_route=\/wp\/v2\/posts\/11284","targetHints":{"allow":["GET"]}}],"collection":[{"href":"https:\/\/www.friedenkoeln.de\/index.php?rest_route=\/wp\/v2\/posts"}],"about":[{"href":"https:\/\/www.friedenkoeln.de\/index.php?rest_route=\/wp\/v2\/types\/post"}],"author":[{"embeddable":true,"href":"https:\/\/www.friedenkoeln.de\/index.php?rest_route=\/wp\/v2\/users\/110"}],"replies":[{"embeddable":true,"href":"https:\/\/www.friedenkoeln.de\/index.php?rest_route=%2Fwp%2Fv2%2Fcomments&post=11284"}],"version-history":[{"count":6,"href":"https:\/\/www.friedenkoeln.de\/index.php?rest_route=\/wp\/v2\/posts\/11284\/revisions"}],"predecessor-version":[{"id":11290,"href":"https:\/\/www.friedenkoeln.de\/index.php?rest_route=\/wp\/v2\/posts\/11284\/revisions\/11290"}],"wp:attachment":[{"href":"https:\/\/www.friedenkoeln.de\/index.php?rest_route=%2Fwp%2Fv2%2Fmedia&parent=11284"}],"wp:term":[{"taxonomy":"category","embeddable":true,"href":"https:\/\/www.friedenkoeln.de\/index.php?rest_route=%2Fwp%2Fv2%2Fcategories&post=11284"},{"taxonomy":"post_tag","embeddable":true,"href":"https:\/\/www.friedenkoeln.de\/index.php?rest_route=%2Fwp%2Fv2%2Ftags&post=11284"}],"curies":[{"name":"wp","href":"https:\/\/api.w.org\/{rel}","templated":true}]}}