{"id":11317,"date":"2017-09-18T22:45:26","date_gmt":"2017-09-18T20:45:26","guid":{"rendered":"http:\/\/www.friedenkoeln.de\/?p=11317"},"modified":"2020-11-14T23:22:04","modified_gmt":"2020-11-14T21:22:04","slug":"antworten-der-koelner-bundestagskandidaten","status":"publish","type":"post","link":"https:\/\/www.friedenkoeln.de\/?p=11317","title":{"rendered":"Antworten der K\u00f6lner Bundestagskandidaten"},"content":{"rendered":"<p style=\"text-align: center;\"><img loading=\"lazy\" decoding=\"async\" class=\"alignnone size-full wp-image-10634\" src=\"http:\/\/www.friedenkoeln.de\/wp-content\/uploads\/2017\/04\/KFF-Logo-2.jpg\" alt=\"\" width=\"472\" height=\"531\" \/><\/p>\n<p>Als K\u00f6lner Friedensforum haben wir den K\u00f6lner Kandidaten zur Bundestagswahl 10 Fragen zu Krieg und Frieden gestellt. Die Kandidaten haben -h\u00f6chst\u00a0 unterschiedlich &#8211; geantwortet. Hier der Link zu den lesenswerten Fragen und Antworten:<\/p>\n<p><a href=\"http:\/\/koelnerfriedensforum.org\/wp-content\/mediathek\/2017\/09\/Broschuere-Friedensforum-Wahl2017-A5.pdf\">http:\/\/koelnerfriedensforum.org\/wp-content\/mediathek\/2017\/09\/Broschuere-Friedensforum-Wahl2017-A5.pdf<\/a><\/p>\n<p>Schon weil jede Wahlenthaltung den Stimmenanteil der AFD erh\u00f6hen wird, ist es unbedingt n\u00f6tig, am 24. 9 w\u00e4hlen zu gehen. Weiterhin kann die Wahl als ein deutliches politisches Signal f\u00fcr eine Politik des Friedens, der Abr\u00fcstung und Abschaffung der Atomwaffen genutzt werden.<\/p>\n<p style=\"text-align: right;\">Harald Fuchs<\/p>\n<p style=\"text-align: right;\">\n","protected":false},"excerpt":{"rendered":"<p>Als K\u00f6lner Friedensforum haben wir den K\u00f6lner Kandidaten zur Bundestagswahl 10 Fragen zu Krieg und Frieden gestellt. Die Kandidaten haben -h\u00f6chst\u00a0 unterschiedlich &#8211; geantwortet. Hier der Link zu den lesenswerten Fragen und Antworten: http:\/\/koelnerfriedensforum.org\/wp-content\/mediathek\/2017\/09\/Broschuere-Friedensforum-Wahl2017-A5.pdf&#46;&#46;&#46;<\/p>\n","protected":false},"author":110,"featured_media":0,"comment_status":"open","ping_status":"open","sticky":false,"template":"","format":"standard","meta":{"footnotes":""},"categories":[105],"tags":[42,33,49],"class_list":["post-11317","post","type-post","status-publish","format-standard","hentry","category-bericht","tag-abruestung","tag-atomwaffen","tag-bundestag"],"_links":{"self":[{"href":"https:\/\/www.friedenkoeln.de\/index.php?rest_route=\/wp\/v2\/posts\/11317","targetHints":{"allow":["GET"]}}],"collection":[{"href":"https:\/\/www.friedenkoeln.de\/index.php?rest_route=\/wp\/v2\/posts"}],"about":[{"href":"https:\/\/www.friedenkoeln.de\/index.php?rest_route=\/wp\/v2\/types\/post"}],"author":[{"embeddable":true,"href":"https:\/\/www.friedenkoeln.de\/index.php?rest_route=\/wp\/v2\/users\/110"}],"replies":[{"embeddable":true,"href":"https:\/\/www.friedenkoeln.de\/index.php?rest_route=%2Fwp%2Fv2%2Fcomments&post=11317"}],"version-history":[{"count":1,"href":"https:\/\/www.friedenkoeln.de\/index.php?rest_route=\/wp\/v2\/posts\/11317\/revisions"}],"predecessor-version":[{"id":11318,"href":"https:\/\/www.friedenkoeln.de\/index.php?rest_route=\/wp\/v2\/posts\/11317\/revisions\/11318"}],"wp:attachment":[{"href":"https:\/\/www.friedenkoeln.de\/index.php?rest_route=%2Fwp%2Fv2%2Fmedia&parent=11317"}],"wp:term":[{"taxonomy":"category","embeddable":true,"href":"https:\/\/www.friedenkoeln.de\/index.php?rest_route=%2Fwp%2Fv2%2Fcategories&post=11317"},{"taxonomy":"post_tag","embeddable":true,"href":"https:\/\/www.friedenkoeln.de\/index.php?rest_route=%2Fwp%2Fv2%2Ftags&post=11317"}],"curies":[{"name":"wp","href":"https:\/\/api.w.org\/{rel}","templated":true}]}}