{"id":11365,"date":"2017-10-06T18:18:11","date_gmt":"2017-10-06T16:18:11","guid":{"rendered":"http:\/\/www.friedenkoeln.de\/?p=11365"},"modified":"2017-10-06T18:18:11","modified_gmt":"2017-10-06T16:18:11","slug":"friedensnobelpreis-initiative-neue-entspannungspolitik-jetzt-gratuliert-ican","status":"publish","type":"post","link":"https:\/\/www.friedenkoeln.de\/?p=11365","title":{"rendered":"Friedensnobelpreis: Initiative \u201eNeue Entspannungspolitik JETZT!\u201c gratuliert ICAN"},"content":{"rendered":"<p class=\"bodytext\">Die Initiative \u201eNeue Entspannungspolitik JETZT!\u201c gratuliert der internationalen Kampagne f\u00fcr nukleare Abr\u00fcstung ICAN herzlich zum Friedensnobelpreis 2017. Wir freuen uns besonders, dass zwei ICAN-Vertreter zu den Mitbegr\u00fcndern unserer \u2013 \u00fcberparteilichen \u2013 Initiative geh\u00f6ren: <!--more-->Rebecca Sharkey, britische ICAN-Koordinatorin und Martin Hinrichs, Vorstandsmitglied von ICAN Deutschland.<\/p>\n<p>Sie unterzeichneten gemeinsam mit rund 20 Initiatoren \u2013 unter ihnen auch Reiner\u00a0Hoffmann, Frank Bsirske, Konrad Raiser, Horst Teltschik &#8211; im Herbst 2016 das Editorial zur Gr\u00fcndung einer Info-Homepage: \u201eDie Spirale der Gewalt beenden \u2013 f\u00fcr eine neue Friedens- und Entspannungspolitik JETZT!\u201c. Daraus wurde in kurzer Zeit ein transatlantischer Appell mit inzwischen \u00fcber 2.000 Unterschriften, darunter rund 400 aus den USA.<\/p>\n<div id=\"attachment_11368\" style=\"width: 340px\" class=\"wp-caption alignright\"><img loading=\"lazy\" decoding=\"async\" aria-describedby=\"caption-attachment-11368\" class=\" wp-image-11368\" src=\"http:\/\/www.friedenkoeln.de\/wp-content\/uploads\/2017\/10\/Urkunde-Friedensnobelpreis-Willy-Brandt_Haus_der_Geschichte_2009c-1024x736.jpg\" alt=\"Das Foto zeigt die zweiseitige Urkunde in einem dunklen Bilderrahmen.\" width=\"330\" height=\"237\" srcset=\"https:\/\/www.friedenkoeln.de\/wp-content\/uploads\/2017\/10\/Urkunde-Friedensnobelpreis-Willy-Brandt_Haus_der_Geschichte_2009c-1024x736.jpg 1024w, https:\/\/www.friedenkoeln.de\/wp-content\/uploads\/2017\/10\/Urkunde-Friedensnobelpreis-Willy-Brandt_Haus_der_Geschichte_2009c-768x552.jpg 768w\" sizes=\"auto, (max-width: 330px) 100vw, 330px\" \/><p id=\"caption-attachment-11368\" class=\"wp-caption-text\">Friedensnobelpreis 1971 an Willy Brandt. Urkunde im Haus der Geschichte, Bonn, 2009. Foto: Holger Ellgaard. CC BY 3.0.<\/p><\/div>\n<p>Die Hauptbotschaft des Aufrufes ist, endlich die zentrale Lehre aus den Erfahrungen mit der Entspannungspolitik Willy Brandts zu ziehen: \u201eDer Ausweg aus der Sackgasse der Konfrontation f\u00fchrt auch heute nur \u00fcber Kooperation, durch Verst\u00e4ndigung mit vermeintlichen \u201eFeindl\u00e4ndern\u201c!\u201c<\/p>\n<p>In diesem Sinne hat ICAN jahrelang f\u00fcr ein Atomwaffenverbot geworben und international an der Unterst\u00fctzung der UNO bei der Ausarbeitung eines Vertragsentwurfs zum Verbotvon Atomwaffen mitgewirkt, den 122 Nationen den Vereinten Nationen im Sommer vorgelegt haben.<\/p>\n<p class=\"bodytext\">Der Friedensnobelpreis f\u00fcr diesen Beitrag einer Nicht-Regierungsorganisation zur\u00a0Beendigung des atomaren Wettr\u00fcstens ist f\u00fcr uns als \u201eInitiative Neue Entspannungspolitik JETZT!\u201c eine besondere Ermutigung, mehr zur \u00f6ffentlichen Debatte \u00fcber einen neuen Ansatz in der Friedens- und Entspannungspolitik beizutragen. Wir werden mit einer Tagung am 13.-15.10.2017 in K\u00f6nigswinter einen Beitrag dazu leisten.<\/p>\n<p>Die im Bundestag vertretenen Parteien und die Bundesregierung sollten endlich mehr Mut und Phantasie entwickeln, die Bem\u00fchungen der UNO f\u00fcr ein Atomwaffenverbot zu unterst\u00fctzen, f\u00fcr den Abzug statt die Modernisierung der taktischen Atomwaffen auf deutschem Boden einzutreten und energischer f\u00fcr kooperative Sicherheit durch Abr\u00fcstung und R\u00fcstungskontrolle einzutreten. Insbesondere erhoffen wir von der SPD, dass sie ihre neue Rolle auch zur vernehmbaren Erneuerung der Friedenspolitik nutzt.<\/p>\n<p><i>Hintergrundinformationen \u00fcber die Initiative \u201eNeue Entspannungspolitik JETZT!\u201c finden Sie unter <\/i><a class=\"external-link-new-window\" title=\"\u00d6ffnet externen Link in neuem Fenster\" href=\"http:\/\/neue-entspannungspolitik.berlin\/\" target=\"_blank\" rel=\"noopener\"><i>http:\/\/neue-entspannungspolitik.berlin\/<br \/>\n<\/i><\/a><i><br \/>\nInformationen \u00fcber die Tagung <\/i><i>am 13.-15.10.2017 in K\u00f6nigswinter finden Sie unter <a class=\"external-link-new-window\" title=\"\u00d6ffnet externen Link in neuem Fenster\" href=\"https:\/\/www.ippnw.de\/commonFiles\/pdfs\/Koenigswinter_Programm_170928.pdf\" target=\"_blank\" rel=\"noopener\">https:\/\/www.ippnw.de\/commonFiles\/pdfs\/Koenigswinter_Programm_170928.pdf<\/a><\/i><br \/>\n<i><br \/>\nf\u00fcr die Initiative gez.:<br \/>\nWolfgang Biermann, Peter Brandt, Ulrich Frey, Ute Finckh-Kr\u00e4mer, Barbara Jentzsch (USA), Wiltrud R\u00f6sch-Metzler, Michael M\u00fcller, Christian Wipperf\u00fcrth, Burkhard Zimmermann (v.i.S.d.P.) info@neue-entspannungspolitik.berlin.<\/i><\/p>\n<p>Hinweis: Die DFG-VK Gruppe K\u00f6ln unterst\u00fctzt diese Initiative seit <a href=\"https:\/\/www.friedenkoeln.de\/?p=10210\">2016<\/a>.<\/p>\n","protected":false},"excerpt":{"rendered":"<p>Die Initiative \u201eNeue Entspannungspolitik JETZT!\u201c gratuliert der internationalen Kampagne f\u00fcr nukleare Abr\u00fcstung ICAN herzlich zum Friedensnobelpreis 2017. Wir freuen uns besonders, dass zwei ICAN-Vertreter zu den Mitbegr\u00fcndern unserer \u2013 \u00fcberparteilichen \u2013 Initiative geh\u00f6ren:<\/p>\n","protected":false},"author":110,"featured_media":0,"comment_status":"open","ping_status":"open","sticky":false,"template":"","format":"standard","meta":{"footnotes":""},"categories":[2,87],"tags":[42,33,68,49,45,31,73,4],"class_list":["post-11365","post","type-post","status-publish","format-standard","hentry","category-aktionen","category-pressemitteilung","tag-abruestung","tag-atomwaffen","tag-bundesregierung","tag-bundestag","tag-geschichte","tag-konferenzen","tag-vereinte-nationen","tag-zivile-konfliktloesung"],"_links":{"self":[{"href":"https:\/\/www.friedenkoeln.de\/index.php?rest_route=\/wp\/v2\/posts\/11365","targetHints":{"allow":["GET"]}}],"collection":[{"href":"https:\/\/www.friedenkoeln.de\/index.php?rest_route=\/wp\/v2\/posts"}],"about":[{"href":"https:\/\/www.friedenkoeln.de\/index.php?rest_route=\/wp\/v2\/types\/post"}],"author":[{"embeddable":true,"href":"https:\/\/www.friedenkoeln.de\/index.php?rest_route=\/wp\/v2\/users\/110"}],"replies":[{"embeddable":true,"href":"https:\/\/www.friedenkoeln.de\/index.php?rest_route=%2Fwp%2Fv2%2Fcomments&post=11365"}],"version-history":[{"count":5,"href":"https:\/\/www.friedenkoeln.de\/index.php?rest_route=\/wp\/v2\/posts\/11365\/revisions"}],"predecessor-version":[{"id":11371,"href":"https:\/\/www.friedenkoeln.de\/index.php?rest_route=\/wp\/v2\/posts\/11365\/revisions\/11371"}],"wp:attachment":[{"href":"https:\/\/www.friedenkoeln.de\/index.php?rest_route=%2Fwp%2Fv2%2Fmedia&parent=11365"}],"wp:term":[{"taxonomy":"category","embeddable":true,"href":"https:\/\/www.friedenkoeln.de\/index.php?rest_route=%2Fwp%2Fv2%2Fcategories&post=11365"},{"taxonomy":"post_tag","embeddable":true,"href":"https:\/\/www.friedenkoeln.de\/index.php?rest_route=%2Fwp%2Fv2%2Ftags&post=11365"}],"curies":[{"name":"wp","href":"https:\/\/api.w.org\/{rel}","templated":true}]}}