{"id":11406,"date":"2017-10-29T21:11:29","date_gmt":"2017-10-29T19:11:29","guid":{"rendered":"http:\/\/www.friedenkoeln.de\/?p=11406"},"modified":"2020-11-14T23:21:47","modified_gmt":"2020-11-14T21:21:47","slug":"rewe-kooperiert-mit-der-bundeswehr","status":"publish","type":"post","link":"https:\/\/www.friedenkoeln.de\/?p=11406","title":{"rendered":"REWE kooperiert mit der Bundeswehr"},"content":{"rendered":"<p>Der Vorstandsvorsitzende des Handels- und Touristikkonzerns REWE, Lionel Souque und der zust\u00e4ndige Staatssekret\u00e4r des Bundesministeriums f\u00fcr Verteidigung Gerd Hoofe haben am 11. 10. eine Kooperationsvereinbarung abgeschlossen.<\/p>\n<p>Vgl.: <a href=\"https:\/\/xyqom.german-foreign-policy.com\/news\/detail\/7422\/\">https:\/\/xyqom.german-foreign-policy.com\/news\/detail\/7422\/<\/a><\/p>\n<p>Ich sehe es als einen Erfolg f\u00fcr uns Pazifisten, dass die Bundeswehr solche M\u00fche hat, Menschen zu finden, die bereit sind, f\u00fcr wirtschaftliche und Macht-Interessen zu t\u00f6ten und ihr Leben zu riskieren.<\/p>\n<p>Ein Versuch der Bundeswehr zur L\u00f6sung ihrer Rekrutierungsprobleme sind solche Kooperationsabkommen. Nun stellt sich die Frage, ob wirklich alle Mitarbeiter von REWE Reservedienste f\u00fcr die Bundeswehr leisten wollen, und ob alle Kunden mit dieser Verstrickung ihrer zivilen Eink\u00e4ufe in die weltweite Kriegsf\u00fchrung Deutschlands einverstanden sind.<\/p>\n<p>F\u00fcr REWE-Mitarbeiter k\u00f6nnten sich \u00fcble Gewissenskonflikte ergeben, wenn die Konzernleitung von ihnen verlangt, Reservedienste f\u00fcr die Bundeswehr zu leisten. Ergeben sich hier f\u00fcr die Bundeswehr M\u00f6glichkeiten, der Art.4 Abs. 3 unseres Grundgesetzes zu umgehen, indem bestimmte Arbeiten f\u00fcr die Kriegf\u00fchrung nicht mehr von Besch\u00e4ftigten der Bundeswehr, sondern von Besch\u00e4ftigten kooperierender Konzerne erledigt werden?<\/p>\n<p style=\"text-align: right;\">Harald Fuchs<\/p>\n","protected":false},"excerpt":{"rendered":"<p>Der Vorstandsvorsitzende des Handels- und Touristikkonzerns REWE, Lionel Souque und der zust\u00e4ndige Staatssekret\u00e4r des Bundesministeriums f\u00fcr Verteidigung Gerd Hoofe haben am 11. 10. eine Kooperationsvereinbarung abgeschlossen. Vgl.: https:\/\/xyqom.german-foreign-policy.com\/news\/detail\/7422\/ Ich sehe es als einen Erfolg&#46;&#46;&#46;<\/p>\n","protected":false},"author":110,"featured_media":0,"comment_status":"open","ping_status":"open","sticky":false,"template":"","format":"standard","meta":{"footnotes":""},"categories":[106],"tags":[48,32,77,89,76],"class_list":["post-11406","post","type-post","status-publish","format-standard","hentry","category-analyse","tag-bundeswehr","tag-information-diskussion","tag-militaerisch-industrieller-komplex","tag-militarisierung-der-gesellschaft","tag-wirtschaft"],"_links":{"self":[{"href":"https:\/\/www.friedenkoeln.de\/index.php?rest_route=\/wp\/v2\/posts\/11406","targetHints":{"allow":["GET"]}}],"collection":[{"href":"https:\/\/www.friedenkoeln.de\/index.php?rest_route=\/wp\/v2\/posts"}],"about":[{"href":"https:\/\/www.friedenkoeln.de\/index.php?rest_route=\/wp\/v2\/types\/post"}],"author":[{"embeddable":true,"href":"https:\/\/www.friedenkoeln.de\/index.php?rest_route=\/wp\/v2\/users\/110"}],"replies":[{"embeddable":true,"href":"https:\/\/www.friedenkoeln.de\/index.php?rest_route=%2Fwp%2Fv2%2Fcomments&post=11406"}],"version-history":[{"count":1,"href":"https:\/\/www.friedenkoeln.de\/index.php?rest_route=\/wp\/v2\/posts\/11406\/revisions"}],"predecessor-version":[{"id":11407,"href":"https:\/\/www.friedenkoeln.de\/index.php?rest_route=\/wp\/v2\/posts\/11406\/revisions\/11407"}],"wp:attachment":[{"href":"https:\/\/www.friedenkoeln.de\/index.php?rest_route=%2Fwp%2Fv2%2Fmedia&parent=11406"}],"wp:term":[{"taxonomy":"category","embeddable":true,"href":"https:\/\/www.friedenkoeln.de\/index.php?rest_route=%2Fwp%2Fv2%2Fcategories&post=11406"},{"taxonomy":"post_tag","embeddable":true,"href":"https:\/\/www.friedenkoeln.de\/index.php?rest_route=%2Fwp%2Fv2%2Ftags&post=11406"}],"curies":[{"name":"wp","href":"https:\/\/api.w.org\/{rel}","templated":true}]}}