{"id":11444,"date":"2017-11-07T23:58:08","date_gmt":"2017-11-07T21:58:08","guid":{"rendered":"http:\/\/www.friedenkoeln.de\/?p=11444"},"modified":"2017-11-07T23:58:08","modified_gmt":"2017-11-07T21:58:08","slug":"abruesten-statt-aufruesten-jetzt-unterzeichnen-und-unterschriften-sammeln","status":"publish","type":"post","link":"https:\/\/www.friedenkoeln.de\/?p=11444","title":{"rendered":"&#8222;Abr\u00fcsten statt aufr\u00fcsten!&#8220; &#8211; Jetzt unterzeichnen und Unterschriften sammeln!"},"content":{"rendered":"<p>Die DFG-VK Gruppe K\u00f6ln unterst\u00fctzt die Initiative und den Aufruf &#8222;abr\u00fcsten statt aufr\u00fcsten!&#8220;. Der Aufruf richtet sich an die zuk\u00fcnftige Bundesregierung und damit an die Abgeordneten des Deutschen Bundestages, welche jetzt bei den Koalitionsverhandlungen den Rahmen f\u00fcr die Politik der n\u00e4chsten Jahre stellen. Er kann <a href=\"https:\/\/abruesten.jetzt\">online<\/a> oder auf <a href=\"https:\/\/abruesten.jetzt\/2017\/11\/unterschriftenlisten-herunterladen\/\">Papier<\/a> unterzeichnet werden.<\/p>\n<p>Es folgt die Pressemitteilung der Initiative vom 6.11.2017:<\/p>\n<hr \/>\n<p>In einem deutlichen und dringenden Abr\u00fcstungsaufruf wendet sich ein ungew\u00f6hnlich breites gesellschaftliches B\u00fcndnis an \u00d6ffentlichkeit.<\/p>\n<p><img loading=\"lazy\" decoding=\"async\" class=\" wp-image-11443 alignleft\" src=\"http:\/\/www.friedenkoeln.de\/wp-content\/uploads\/2017\/11\/fullsizeoutput_5cb-1024x424.jpeg\" alt=\"meergr\u00fcnes Logo der Initiative &quot;Abr\u00fcsten jetzt!&quot; mit der Aufschrift &quot;Abr\u00fcsten statt Aufr\u00fcsten.&quot; Das Wort Aufr\u00fcsten ist in schwarzen d\u00fcnnen Gro\u00dfbuchstaben gedruckt und mit zwei hellen Balken durchkreuzt.\" width=\"376\" height=\"156\" srcset=\"https:\/\/www.friedenkoeln.de\/wp-content\/uploads\/2017\/11\/fullsizeoutput_5cb-1024x424.jpeg 1024w, https:\/\/www.friedenkoeln.de\/wp-content\/uploads\/2017\/11\/fullsizeoutput_5cb-768x318.jpeg 768w, https:\/\/www.friedenkoeln.de\/wp-content\/uploads\/2017\/11\/fullsizeoutput_5cb.jpeg 1100w\" sizes=\"auto, (max-width: 376px) 100vw, 376px\" \/>Dazu z\u00e4hlen der Nobelpreistr\u00e4ger Paul Crutzen, die Gewerkschaftsvorsitzenden Reiner Hoffmann (DGB), Frank Bsirske (ver.di), Michaela Rosenberger (NGG) und Marlis Tepe (GEW), die Theologin Margot K\u00e4\u00dfmann, f\u00fchrende Vertreter der Umweltbewegung wie der DNR Vorsitzende Kai Niebert und der BUND Vorsitzende Hubert Weiger,\u00a0WissenschaftlerInnen wie Gesine Schwan, Ernst Ulrich von Weizs\u00e4cker, Frigga Haug und Ulrich Brand, PolitikerInnen aus drei Parteien wie die Abgeordneten des deutschen Bundestages Rene R\u00f6spel (SPD), Katja Kipping (DIE LINKE.) und Katja Keul (B\u00fcndnis90\/die Gr\u00fcnen), Kulturschaffende wie Wolfgang Niedecken, Udo Lindenberg und Renan Demirkan sowie AktivistInnen der Friedensbewegung. Sie fordern in Sorge um die zuk\u00fcnftige Entwicklung unseres Landes von der (neuen) Bundesregierung:<\/p>\n<blockquote><p><strong>Keine Erh\u00f6hung der R\u00fcstungsausgaben \u2013 Abr\u00fcsten ist das Gebot der Stunde<\/strong><\/p><\/blockquote>\n<p>Mit dem Aufruf warnen die UnterzeichnerInnen vor weiterer Aufr\u00fcstung und fordern, endlich abzur\u00fcsten \u2013 nur damit k\u00f6nnten die gro\u00dfen Herausforderungen gel\u00f6st werden.<\/p>\n<p>In dem Aufruf hei\u00dft es:<\/p>\n<blockquote><p>Die Bundesregierung plant, die R\u00fcstungsausgaben nahezu zu verdoppeln, auf zwei Prozent der deutschen Wirtschaftsleistung (BIP). So wurde es in der NATO vereinbart.<\/p>\n<p>Zwei Prozent, das sind mindestens weitere 30 Milliarden Euro, die im zivilen Bereich fehlen, so bei Schulen und Kitas, sozialem Wohnungsbau, Krankenh\u00e4usern, \u00f6ffentlichem Nahverkehr, kommunaler Infrastruktur, Alterssicherung, \u00f6kologischem Umbau, Klimagerechtigkeit und internationaler Hilfe zur Selbsthilfe.<\/p><\/blockquote>\n<p>Die mehr als 80 ErstunterzeichnerInnen warnen eindringlich:<\/p>\n<blockquote><p>Milit\u00e4r l\u00f6st keine Probleme. Schluss damit. Eine andere Politik muss her.<\/p>\n<p>Damit wollen wir anfangen: Milit\u00e4rische Aufr\u00fcstung stoppen, Spannungen abbauen, gegenseitiges Vertrauen aufbauen, Perspektiven f\u00fcr Entwicklung und soziale Sicherheit schaffen, Entspannungspolitik auch mit Russland, verhandeln und abr\u00fcsten.<\/p>\n<p>Diese Einsichten werden wir \u00fcberall in unserer Gesellschaft verbreiten. Damit wollen wir helfen, einen neuen Kalten Krieg abzuwenden.<\/p><\/blockquote>\n<p>Die Unterzeichnerinnen und Unterzeichner des Aufrufes rufen ab dem heutigen Tage zu einer bundesweiten Unterschriftenaktion (online und offline) auf, die sie mit weiteren Aktivit\u00e4ten begleiten wollen.<\/p>\n<p>Den Aufruf und zus\u00e4tzliche Informationen finden Sie auf der Webseite: <a href=\"https:\/\/www.abruesten.jetzt\/\">www.abruesten.jetzt<\/a><\/p>\n<p>Nachfragen bei\u00a0Reiner Braun (0172 231 7475),\u00a0Michael M\u00fcller (0172 246 2125),\u00a0Willi van Ooyen (0170 185 1517).<\/p>\n","protected":false},"excerpt":{"rendered":"<p>Die DFG-VK Gruppe K\u00f6ln unterst\u00fctzt die Initiative und den Aufruf &#8222;abr\u00fcsten statt aufr\u00fcsten!&#8220;. Der Aufruf richtet sich an die zuk\u00fcnftige Bundesregierung und damit an die Abgeordneten des Deutschen Bundestages, welche jetzt bei den Koalitionsverhandlungen&#46;&#46;&#46;<\/p>\n","protected":false},"author":110,"featured_media":0,"comment_status":"open","ping_status":"open","sticky":false,"template":"","format":"standard","meta":{"footnotes":""},"categories":[2,87],"tags":[42,68,49,4],"class_list":["post-11444","post","type-post","status-publish","format-standard","hentry","category-aktionen","category-pressemitteilung","tag-abruestung","tag-bundesregierung","tag-bundestag","tag-zivile-konfliktloesung"],"_links":{"self":[{"href":"https:\/\/www.friedenkoeln.de\/index.php?rest_route=\/wp\/v2\/posts\/11444","targetHints":{"allow":["GET"]}}],"collection":[{"href":"https:\/\/www.friedenkoeln.de\/index.php?rest_route=\/wp\/v2\/posts"}],"about":[{"href":"https:\/\/www.friedenkoeln.de\/index.php?rest_route=\/wp\/v2\/types\/post"}],"author":[{"embeddable":true,"href":"https:\/\/www.friedenkoeln.de\/index.php?rest_route=\/wp\/v2\/users\/110"}],"replies":[{"embeddable":true,"href":"https:\/\/www.friedenkoeln.de\/index.php?rest_route=%2Fwp%2Fv2%2Fcomments&post=11444"}],"version-history":[{"count":2,"href":"https:\/\/www.friedenkoeln.de\/index.php?rest_route=\/wp\/v2\/posts\/11444\/revisions"}],"predecessor-version":[{"id":11446,"href":"https:\/\/www.friedenkoeln.de\/index.php?rest_route=\/wp\/v2\/posts\/11444\/revisions\/11446"}],"wp:attachment":[{"href":"https:\/\/www.friedenkoeln.de\/index.php?rest_route=%2Fwp%2Fv2%2Fmedia&parent=11444"}],"wp:term":[{"taxonomy":"category","embeddable":true,"href":"https:\/\/www.friedenkoeln.de\/index.php?rest_route=%2Fwp%2Fv2%2Fcategories&post=11444"},{"taxonomy":"post_tag","embeddable":true,"href":"https:\/\/www.friedenkoeln.de\/index.php?rest_route=%2Fwp%2Fv2%2Ftags&post=11444"}],"curies":[{"name":"wp","href":"https:\/\/api.w.org\/{rel}","templated":true}]}}