{"id":11459,"date":"2017-11-10T00:17:33","date_gmt":"2017-11-09T22:17:33","guid":{"rendered":"http:\/\/www.friedenkoeln.de\/?p=11459"},"modified":"2020-11-14T23:21:17","modified_gmt":"2020-11-14T21:21:17","slug":"macht-mit-beim-aktionstag-am-18-november-setzt-ein-zeichen-fuer-eine-atomwaffenfreie-welt","status":"publish","type":"post","link":"https:\/\/www.friedenkoeln.de\/?p=11459","title":{"rendered":"Macht mit beim Aktionstag am 18. November: Setzt ein Zeichen f\u00fcr eine atomwaffenfreie Welt"},"content":{"rendered":"<p>F\u00fcr den <strong>18. November<\/strong> rufen viele Initiativen und Organisationen aus der Friedensbewegung zu einem <strong>bundesweiten<\/strong> <strong>Aktionstag<\/strong> auf. Auch die Kampagne \u201eB\u00fcchel ist \u00fcberall! atomwaffenfrei.jetzt\u201c ermutigt alle Interessierten, sich am (und um) den Aktionstag mit eigenen Aktionen einzubringen. Der Aktionstag verbindet viele friedenspolitische Themen miteinander. Wir wollen die Gelegenheit des diesj\u00e4hrigen Friedensnobelpreises aktiv nutzen und den <strong>Fokus auf unsere Vision einer atomwaffenfreien Welt<\/strong> richten. Denn dies ist dringend notwendig:<\/p>\n<ul>\n<li>Die Spannungen zwischen <strong>Nordkorea und den USA<\/strong> drohen weiterhin zu einem gewaltsamen Konflikt zu eskalieren, im schlimmsten Fall sogar zu einem <strong>Atomkrieg<\/strong>.<\/li>\n<li>Das <strong>Atomabkommen mit dem Iran<\/strong> ist in Gefahr durch die verantwortungslose Politik Trumps. Die Folgen w\u00e4ren unabsehbar. Diese k\u00f6nnten zu einer neuen Proliferation von Atomwaffen und gar zu einem neuen Krieg in der Region f\u00fchren.<\/li>\n<li>Weiterhin sind in <strong>B\u00fcchel ca. 20 US-Atomwaffen<\/strong> stationiert im Rahmen der nuklearen Teilhabe. Erst vor kurzem wurde dort der Abwurf der Atombomben durch deutsche Piloten bei einer NATO-\u00dcbung geprobt.<\/li>\n<li><strong>Stopp!<\/strong> Es gibt auch positive und sch\u00f6ne Gr\u00fcnde auf die Stra\u00dfe zu gehen: Lasst uns gemeinsam den <strong>Friedensnobelpreis f\u00fcr ICAN feiern! <\/strong>Unsere Kampagne ist Teil von ICAN und somit Mitgewinner*innen. Aber auch Du\/ Ihr, die sich f\u00fcr die Abschaffung der Atomwaffen und ein Verbot einsetzen, seid alle Mitgewinner*innen! Lasst uns gemeinsam die positive Energie nutzen und daf\u00fcr eintreten, dass auch Deutschland dem UN-Atomwaffenverbot beitritt.<\/li>\n<\/ul>\n<p>Folgende <strong>Aktionsvorschl\u00e4ge<\/strong> wollen wir Euch anbieten, gerne k\u00f6nnt ihr diese weiter erg\u00e4nzen und uns Eure Aktionen mitteilen:<\/p>\n<ul>\n<li>Unterschriftenaktion an die Bundesregierung \u201eUnterzeichnen Sie das UN-Atomwaffenverbot\u201c (im Web unter <u><a href=\"http:\/\/aktion.nuclearban.de\">http:\/\/aktion.nuclearban.de<\/a><\/u>).<\/li>\n<li>Begleitende Infost\u00e4nde\/ Stra\u00dfentheater\/ Veranstaltungen, auch gerne in Kooperation mit den Mayors for Peace, die ebenfalls Partner von ICAN sind.<\/li>\n<li>Unterschriftenlisten und weitere Materialien findet ihr im Shop <u><a href=\"http:\/\/www.atomwaffenfrei.de\/ressourcen\">atomwaffenfrei.de\/ressourcen<\/a><\/u> bzw. <u><a href=\"http:\/\/www.friedenskooperative.de\/shop\">www.friedenskooperative.de\/shop<\/a><\/u><\/li>\n<\/ul>\n<p>Zum Aktionstag haben bereits verschiedene B\u00fcndnisse aufgerufen. Die Veranstaltungen und Aktionen finden in regionaler und lokaler Verantwortung statt. <strong>Alle Infos zum Aktionstag findet ihr unter:<\/strong> <u><a href=\"https:\/\/www.friedenskooperative.de\/aktionstag18.November\">www.friedenskooperative.de\/aktionstag18.November<\/a><\/u><\/p>\n<p><strong>Bitte Stellt Eure Termine auf der Website des Netzwerks Friedenskooperative ein:<br \/>\n<\/strong><u><a href=\"https:\/\/www.friedenskooperative.de\/termine\/eintragen\">www.friedenskooperative.de\/termine\/eintragen<\/a><\/u><\/p>\n<p>Eure Kampagne \u201eB\u00fcchel ist \u00fcberall! atomwaffenfrei.jetzt\u201c<\/p>\n<p><strong>PS: <\/strong>Am 10. Dezember wird der Friedensnobelpreis an ICAN \u00fcberreicht. Eine gute Gelegenheit zum Ansto\u00dfen, Feiern und f\u00fcr weitere Aktionen! Details folgen.<\/p>\n","protected":false},"excerpt":{"rendered":"<p>F\u00fcr den 18. November rufen viele Initiativen und Organisationen aus der Friedensbewegung zu einem bundesweiten Aktionstag auf. Auch die Kampagne \u201eB\u00fcchel ist \u00fcberall! atomwaffenfrei.jetzt\u201c ermutigt alle Interessierten, sich am (und um) den Aktionstag mit&#46;&#46;&#46;<\/p>\n","protected":false},"author":110,"featured_media":0,"comment_status":"open","ping_status":"open","sticky":false,"template":"","format":"standard","meta":{"footnotes":""},"categories":[116],"tags":[33],"class_list":["post-11459","post","type-post","status-publish","format-standard","hentry","category-aufruf","tag-atomwaffen"],"_links":{"self":[{"href":"https:\/\/www.friedenkoeln.de\/index.php?rest_route=\/wp\/v2\/posts\/11459","targetHints":{"allow":["GET"]}}],"collection":[{"href":"https:\/\/www.friedenkoeln.de\/index.php?rest_route=\/wp\/v2\/posts"}],"about":[{"href":"https:\/\/www.friedenkoeln.de\/index.php?rest_route=\/wp\/v2\/types\/post"}],"author":[{"embeddable":true,"href":"https:\/\/www.friedenkoeln.de\/index.php?rest_route=\/wp\/v2\/users\/110"}],"replies":[{"embeddable":true,"href":"https:\/\/www.friedenkoeln.de\/index.php?rest_route=%2Fwp%2Fv2%2Fcomments&post=11459"}],"version-history":[{"count":1,"href":"https:\/\/www.friedenkoeln.de\/index.php?rest_route=\/wp\/v2\/posts\/11459\/revisions"}],"predecessor-version":[{"id":11460,"href":"https:\/\/www.friedenkoeln.de\/index.php?rest_route=\/wp\/v2\/posts\/11459\/revisions\/11460"}],"wp:attachment":[{"href":"https:\/\/www.friedenkoeln.de\/index.php?rest_route=%2Fwp%2Fv2%2Fmedia&parent=11459"}],"wp:term":[{"taxonomy":"category","embeddable":true,"href":"https:\/\/www.friedenkoeln.de\/index.php?rest_route=%2Fwp%2Fv2%2Fcategories&post=11459"},{"taxonomy":"post_tag","embeddable":true,"href":"https:\/\/www.friedenkoeln.de\/index.php?rest_route=%2Fwp%2Fv2%2Ftags&post=11459"}],"curies":[{"name":"wp","href":"https:\/\/api.w.org\/{rel}","templated":true}]}}