{"id":11490,"date":"2017-11-20T07:00:55","date_gmt":"2017-11-20T05:00:55","guid":{"rendered":"http:\/\/www.friedenkoeln.de\/?p=11490"},"modified":"2020-11-14T23:20:58","modified_gmt":"2020-11-14T21:20:58","slug":"domradio-de-einschalten-live-sendung-mit-dfg-vk-mitgliedern","status":"publish","type":"post","link":"https:\/\/www.friedenkoeln.de\/?p=11490","title":{"rendered":"domradio.de einschalten &#8211; Live-Sendung mit DFG-VK-Mitgliedern"},"content":{"rendered":"<p>Am Dienstag, den 21. November 2017, sind Harald Fuchs und Stefanie Intveen, beide DFG-VK Gruppe K\u00f6ln, ab 14:00 Uhr in der Live-Sendung &#8222;<a href=\"https:\/\/www.domradio.de\/radio\/sendungen\/der-tag\">Der Tag<\/a>&#8220; des <em>domradio.de<\/em> zu h\u00f6ren. <!--more-->Die Themen drehen sich voraussichtlich um Pazifismus, die Gr\u00fcndung der Deutschen Friedensgesellschaft vor 125 Jahren und unsere Jubil\u00e4umsfeier am 24. November 2017.<\/p>\n<p><div id=\"attachment_10296\" style=\"width: 225px\" class=\"wp-caption alignright\"><img loading=\"lazy\" decoding=\"async\" aria-describedby=\"caption-attachment-10296\" class=\" wp-image-10296\" src=\"http:\/\/www.friedenkoeln.de\/wp-content\/uploads\/2017\/02\/Southern_door_Cologne_Cathedral_4516-1024x769-1024x769.jpg\" alt=\"Das Bild zeigt eine k\u00fcnstlerische Verzierung einer Bronzet\u00fcr des K\u00f6lner Doms: die Friedenstaube mit einem \u00d6lbaumzweig im Schnabel vor himmelblauem Hintergrund; dar\u00fcber die Bischofsm\u00fctze mit der Stola.\" width=\"215\" height=\"161\" srcset=\"https:\/\/www.friedenkoeln.de\/wp-content\/uploads\/2017\/02\/Southern_door_Cologne_Cathedral_4516-1024x769.jpg 1024w, https:\/\/www.friedenkoeln.de\/wp-content\/uploads\/2017\/02\/Southern_door_Cologne_Cathedral_4516-1024x769-768x577.jpg 768w, https:\/\/www.friedenkoeln.de\/wp-content\/uploads\/2017\/02\/Southern_door_Cologne_Cathedral_4516-1024x769-956x718.jpg 956w\" sizes=\"auto, (max-width: 215px) 100vw, 215px\" \/><p id=\"caption-attachment-10296\" class=\"wp-caption-text\">T\u00fcrdetail, S\u00fcdfassade des K\u00f6lner Doms. Foto: T. Voekler (Own work) [CC BY-SA 3.0]<\/p><\/div>Der Sender ist der multimediale, katholische Sender in Tr\u00e4gerschaft des Bildungswerkes e.V. der Erzdi\u00f6zese K\u00f6ln. Er berichtet multimedial \u00fcberwiegend zu christlichen, ethischen und sozialen Themen.<\/p>\n","protected":false},"excerpt":{"rendered":"<p>Am Dienstag, den 21. November 2017, sind Harald Fuchs und Stefanie Intveen, beide DFG-VK Gruppe K\u00f6ln, ab 14:00 Uhr in der Live-Sendung &#8222;Der Tag&#8220; des domradio.de zu h\u00f6ren.<\/p>\n","protected":false},"author":110,"featured_media":0,"comment_status":"open","ping_status":"open","sticky":false,"template":"","format":"standard","meta":{"footnotes":""},"categories":[104],"tags":[45,32,59,27,3,60],"class_list":["post-11490","post","type-post","status-publish","format-standard","hentry","category-ankuendigung","tag-geschichte","tag-information-diskussion","tag-kirche","tag-kultur","tag-pazifismus","tag-religion"],"_links":{"self":[{"href":"https:\/\/www.friedenkoeln.de\/index.php?rest_route=\/wp\/v2\/posts\/11490","targetHints":{"allow":["GET"]}}],"collection":[{"href":"https:\/\/www.friedenkoeln.de\/index.php?rest_route=\/wp\/v2\/posts"}],"about":[{"href":"https:\/\/www.friedenkoeln.de\/index.php?rest_route=\/wp\/v2\/types\/post"}],"author":[{"embeddable":true,"href":"https:\/\/www.friedenkoeln.de\/index.php?rest_route=\/wp\/v2\/users\/110"}],"replies":[{"embeddable":true,"href":"https:\/\/www.friedenkoeln.de\/index.php?rest_route=%2Fwp%2Fv2%2Fcomments&post=11490"}],"version-history":[{"count":5,"href":"https:\/\/www.friedenkoeln.de\/index.php?rest_route=\/wp\/v2\/posts\/11490\/revisions"}],"predecessor-version":[{"id":11495,"href":"https:\/\/www.friedenkoeln.de\/index.php?rest_route=\/wp\/v2\/posts\/11490\/revisions\/11495"}],"wp:attachment":[{"href":"https:\/\/www.friedenkoeln.de\/index.php?rest_route=%2Fwp%2Fv2%2Fmedia&parent=11490"}],"wp:term":[{"taxonomy":"category","embeddable":true,"href":"https:\/\/www.friedenkoeln.de\/index.php?rest_route=%2Fwp%2Fv2%2Fcategories&post=11490"},{"taxonomy":"post_tag","embeddable":true,"href":"https:\/\/www.friedenkoeln.de\/index.php?rest_route=%2Fwp%2Fv2%2Ftags&post=11490"}],"curies":[{"name":"wp","href":"https:\/\/api.w.org\/{rel}","templated":true}]}}