{"id":11502,"date":"2017-11-20T08:52:01","date_gmt":"2017-11-20T06:52:01","guid":{"rendered":"http:\/\/www.friedenkoeln.de\/?p=11502"},"modified":"2017-11-20T08:52:01","modified_gmt":"2017-11-20T06:52:01","slug":"pressemitteilung-friedensfest-in-koeln-frieden-wird-gemacht","status":"publish","type":"post","link":"https:\/\/www.friedenkoeln.de\/?p=11502","title":{"rendered":"Pressemitteilung: Friedensfest in K\u00f6ln \u201eFrieden wird gemacht!\u201c"},"content":{"rendered":"<div class=\"page\" title=\"Page 1\">\n<div class=\"layoutArea\">\n<div class=\"column\">\n<p><em>Pressemitteilung der DFG-VK Gruppe K\u00f6ln vom 20. November 2017.<\/em><\/p>\n<\/div>\n<\/div>\n<div class=\"layoutArea\">\n<div class=\"column\">\n<h4>DFG-VK Gruppe K\u00f6ln feiert 125 Jahre Deutsche Friedensgesellschaft mit Kurzvortr\u00e4gen, der Pr\u00e4mierung von Kunstwerken, Musik und Party. B\u00fcrgermeisterin Scho-Antwerpes h\u00e4lt die Begr\u00fc\u00dfungsrede.<\/h4>\n<p>Zu einem Friedensfest l\u00e4dt die K\u00f6lner Gruppe der Deutschen Friedensgesellschaft \u2013 Vereinigte KriegsdienstgegnerInnen (DFG-VK) am Freitag, den 24. November 2017, um 18:00 Uhr in die Lutherkirche S\u00fcdstadt ein.<\/p>\n<div id=\"attachment_11400\" style=\"width: 353px\" class=\"wp-caption alignleft\"><img loading=\"lazy\" decoding=\"async\" aria-describedby=\"caption-attachment-11400\" class=\"size-full wp-image-11400\" src=\"http:\/\/www.friedenkoeln.de\/wp-content\/uploads\/2017\/10\/125-DFGVK-plakat-2t-1.jpg\" alt=\"Ein blaues Plakat mit wei\u00dfer Schrift zeigt die Siluetten von Menschen, die sich unterhalten. Dahinter scheint Licht.\" width=\"343\" height=\"480\" \/><p id=\"caption-attachment-11400\" class=\"wp-caption-text\">125 Jahre Deutsche Friedensgesellschaft<\/p><\/div>\n<p>Der Anlass der Feier ist das 125-j\u00e4hrige Bestehen der Deutschen Friedensgesellschaft, einer der gr\u00f6\u00dften pazifistischen Organisationen in Deutschland. Die Gr\u00fcndungsmitglieder waren Bertha von Suttner und Alfred Hermann Fried. Beide erhielten sp\u00e4ter den Friedensnobelpreis.<\/p>\n<p>Unter dem Motto \u201eFrieden wird gemacht!\u201c wird es ein buntes Programm geben, das einen Einblick in die Geschichte und Forderungen, sowie aktuellen Aktionen und Kampagnen der DFG-VK bietet. Die K\u00f6lner B\u00fcrgermeisterin Elfi Scho-Antwerpes (SPD) wird die Begr\u00fc\u00dfungsansprache halten. Kunstwerke von Kindern und Jugendlichen, die am Sch\u00fclerkunstwettbewerb Frieden 2017 teilgenommen haben, werden ausgestellt und durch eine Jury pr\u00e4miert.<\/p>\n<p>Fritz Bilz und Dr. Guido Gr\u00fcnewald werden Kurzvortr\u00e4ge zur Geschichte der DFG-VK in K\u00f6ln halten, und einer der Bundessprecher des Verbands, Thomas Carl Schwoerer, wird zur aktuellen Friedenspolitik sprechen. Klaus der Geiger, Blue Flower, die Jugendband Another Optimism und ein Rapper-Trio aus der Gesamtschule K\u00f6ln-M\u00fclheim &#8211; beide Preistr\u00e4ger des CSC 2017 &#8211; werden zu Krieg und Frieden singen und spielen. Im Anschluss werden die Band HopStopBanda und DJ Jan \u00dc f\u00fcr Partystimmung sorgen.<\/p>\n<p>Die DFG-VK geh\u00f6rt zu den Mitgliedern der Internationalen Kampagne zur Abschaffung der Atomwaffen (ICAN), welche am 10. Dezember 2017 mit dem Friedensnobelpreis ausgezeichnet wird.<\/p>\n<hr \/>\n<p>Freitag, 24. November 2017, 18:00 Uhr, Einlass 17:30 Uhr, Lutherkirche S\u00fcdstadt, Martin- Lutherplatz 4, K\u00f6ln. Karten 10 Euro an der Abendkasse oder \u00fcber kontakt@friedenkoeln.de.<\/p>\n<hr \/>\n<p>Deutsche Friedensgesellschaft \u2013 Vereinigte KriegsdienstgegnerInnen e. V. (DFG-VK) Gruppe K\u00f6ln, c\/o Friedensbildungswerk K\u00f6ln, Obenmarspforten 7-11, 50676 K\u00f6ln www.friedenkoeln.de<br \/>\nPressekontakt: Stefanie Intveen, Tel. 0151 560 949 20, stefanie.intveen@web.de.<\/p>\n<\/div>\n<\/div>\n<\/div>\n","protected":false},"excerpt":{"rendered":"<p>Pressemitteilung der DFG-VK Gruppe K\u00f6ln vom 20. November 2017. DFG-VK Gruppe K\u00f6ln feiert 125 Jahre Deutsche Friedensgesellschaft mit Kurzvortr\u00e4gen, der Pr\u00e4mierung von Kunstwerken, Musik und Party. B\u00fcrgermeisterin Scho-Antwerpes h\u00e4lt die Begr\u00fc\u00dfungsrede. Zu einem Friedensfest&#46;&#46;&#46;<\/p>\n","protected":false},"author":110,"featured_media":0,"comment_status":"open","ping_status":"open","sticky":false,"template":"","format":"standard","meta":{"footnotes":""},"categories":[2,87],"tags":[45,32,61,27,9,57,3],"class_list":["post-11502","post","type-post","status-publish","format-standard","hentry","category-aktionen","category-pressemitteilung","tag-geschichte","tag-information-diskussion","tag-kommunale-friedensarbeit","tag-kultur","tag-frieden-und-kunst","tag-musik","tag-pazifismus"],"_links":{"self":[{"href":"https:\/\/www.friedenkoeln.de\/index.php?rest_route=\/wp\/v2\/posts\/11502","targetHints":{"allow":["GET"]}}],"collection":[{"href":"https:\/\/www.friedenkoeln.de\/index.php?rest_route=\/wp\/v2\/posts"}],"about":[{"href":"https:\/\/www.friedenkoeln.de\/index.php?rest_route=\/wp\/v2\/types\/post"}],"author":[{"embeddable":true,"href":"https:\/\/www.friedenkoeln.de\/index.php?rest_route=\/wp\/v2\/users\/110"}],"replies":[{"embeddable":true,"href":"https:\/\/www.friedenkoeln.de\/index.php?rest_route=%2Fwp%2Fv2%2Fcomments&post=11502"}],"version-history":[{"count":2,"href":"https:\/\/www.friedenkoeln.de\/index.php?rest_route=\/wp\/v2\/posts\/11502\/revisions"}],"predecessor-version":[{"id":11504,"href":"https:\/\/www.friedenkoeln.de\/index.php?rest_route=\/wp\/v2\/posts\/11502\/revisions\/11504"}],"wp:attachment":[{"href":"https:\/\/www.friedenkoeln.de\/index.php?rest_route=%2Fwp%2Fv2%2Fmedia&parent=11502"}],"wp:term":[{"taxonomy":"category","embeddable":true,"href":"https:\/\/www.friedenkoeln.de\/index.php?rest_route=%2Fwp%2Fv2%2Fcategories&post=11502"},{"taxonomy":"post_tag","embeddable":true,"href":"https:\/\/www.friedenkoeln.de\/index.php?rest_route=%2Fwp%2Fv2%2Ftags&post=11502"}],"curies":[{"name":"wp","href":"https:\/\/api.w.org\/{rel}","templated":true}]}}