{"id":11529,"date":"2017-11-27T07:00:36","date_gmt":"2017-11-27T05:00:36","guid":{"rendered":"http:\/\/www.friedenkoeln.de\/?p=11529"},"modified":"2020-11-14T23:20:08","modified_gmt":"2020-11-14T21:20:08","slug":"heute-im-deutschlandfunk-kultur-schuelerkunstwettbewerb-frieden","status":"publish","type":"post","link":"https:\/\/www.friedenkoeln.de\/?p=11529","title":{"rendered":"Heute im Deutschlandfunk Kultur: Sch\u00fclerkunstwettbewerb Frieden"},"content":{"rendered":"<div id=\"attachment_10673\" style=\"width: 188px\" class=\"wp-caption alignleft\"><img loading=\"lazy\" decoding=\"async\" aria-describedby=\"caption-attachment-10673\" class=\" wp-image-10673\" src=\"http:\/\/www.friedenkoeln.de\/wp-content\/uploads\/2017\/04\/Sch\u00fclerkunstwettbewerb-Frieden-2017_Flyer-Cover_klein-827x1024.jpg\" alt=\"Auf dunkel-t\u00fcrkisfarbenem Grund sieht man in grafisch-kindlichem Stil im Vordergrund eine Torte mit einer pinkfarbenen &quot;125&quot;, dar\u00fcber zwei wei\u00dfe Tauben, die eine Geburtstagsgirlande im Schnabel halten und im Hintergrund zwei Pflanzen. Der Gesamteindruck ist sehr friedlich, freundlich, einladend.\" width=\"178\" height=\"221\" srcset=\"https:\/\/www.friedenkoeln.de\/wp-content\/uploads\/2017\/04\/Sch\u00fclerkunstwettbewerb-Frieden-2017_Flyer-Cover_klein-827x1024.jpg 827w, https:\/\/www.friedenkoeln.de\/wp-content\/uploads\/2017\/04\/Sch\u00fclerkunstwettbewerb-Frieden-2017_Flyer-Cover_klein-768x951.jpg 768w, https:\/\/www.friedenkoeln.de\/wp-content\/uploads\/2017\/04\/Sch\u00fclerkunstwettbewerb-Frieden-2017_Flyer-Cover_klein.jpg 1136w\" sizes=\"auto, (max-width: 178px) 100vw, 178px\" \/><p id=\"caption-attachment-10673\" class=\"wp-caption-text\">Graphik: Jelena Ilic<\/p><\/div>\n<p>Unser Radiotipp f\u00fcr heute, 15:00 Uhr: Uta Vorbrodt bringt im Kinderradio &#8222;<a href=\"http:\/\/www.kakadu.de\/startseite-kakadu.2727.de.html\">Kakadu<\/a>&#8220; des Deutschlandfunk Kultur eine Reportage \u00fcber den von uns organisierten Sch\u00fclerkunstwettbewerb Frieden 2017! Die Reportage wurde in der Erzbisch\u00f6flichen Marienschule Leverkusen-Opladen aufgezeichnet. Wir sind gespannt!<\/p>\n<p>&nbsp;<\/p>\n<p>&nbsp;<\/p>\n<p>&nbsp;<\/p>\n<p>&nbsp;<\/p>\n<p>&nbsp;<\/p>\n","protected":false},"excerpt":{"rendered":"<p>Unser Radiotipp f\u00fcr heute, 15:00 Uhr: Uta Vorbrodt bringt im Kinderradio &#8222;Kakadu&#8220; des Deutschlandfunk Kultur eine Reportage \u00fcber den von uns organisierten Sch\u00fclerkunstwettbewerb Frieden 2017! Die Reportage wurde in der Erzbisch\u00f6flichen Marienschule Leverkusen-Opladen aufgezeichnet.&#46;&#46;&#46;<\/p>\n","protected":false},"author":110,"featured_media":0,"comment_status":"open","ping_status":"open","sticky":false,"template":"","format":"standard","meta":{"footnotes":""},"categories":[104],"tags":[27,9,81,3,65],"class_list":["post-11529","post","type-post","status-publish","format-standard","hentry","category-ankuendigung","tag-kultur","tag-frieden-und-kunst","tag-medien","tag-pazifismus","tag-schule"],"_links":{"self":[{"href":"https:\/\/www.friedenkoeln.de\/index.php?rest_route=\/wp\/v2\/posts\/11529","targetHints":{"allow":["GET"]}}],"collection":[{"href":"https:\/\/www.friedenkoeln.de\/index.php?rest_route=\/wp\/v2\/posts"}],"about":[{"href":"https:\/\/www.friedenkoeln.de\/index.php?rest_route=\/wp\/v2\/types\/post"}],"author":[{"embeddable":true,"href":"https:\/\/www.friedenkoeln.de\/index.php?rest_route=\/wp\/v2\/users\/110"}],"replies":[{"embeddable":true,"href":"https:\/\/www.friedenkoeln.de\/index.php?rest_route=%2Fwp%2Fv2%2Fcomments&post=11529"}],"version-history":[{"count":2,"href":"https:\/\/www.friedenkoeln.de\/index.php?rest_route=\/wp\/v2\/posts\/11529\/revisions"}],"predecessor-version":[{"id":11532,"href":"https:\/\/www.friedenkoeln.de\/index.php?rest_route=\/wp\/v2\/posts\/11529\/revisions\/11532"}],"wp:attachment":[{"href":"https:\/\/www.friedenkoeln.de\/index.php?rest_route=%2Fwp%2Fv2%2Fmedia&parent=11529"}],"wp:term":[{"taxonomy":"category","embeddable":true,"href":"https:\/\/www.friedenkoeln.de\/index.php?rest_route=%2Fwp%2Fv2%2Fcategories&post=11529"},{"taxonomy":"post_tag","embeddable":true,"href":"https:\/\/www.friedenkoeln.de\/index.php?rest_route=%2Fwp%2Fv2%2Ftags&post=11529"}],"curies":[{"name":"wp","href":"https:\/\/api.w.org\/{rel}","templated":true}]}}