{"id":11536,"date":"2017-12-02T21:41:16","date_gmt":"2017-12-02T19:41:16","guid":{"rendered":"http:\/\/www.friedenkoeln.de\/?p=11536"},"modified":"2020-11-14T23:19:25","modified_gmt":"2020-11-14T21:19:25","slug":"dfg-vk-koeln-feierte-125-jahre-deutsche-friedensgesellschaft","status":"publish","type":"post","link":"https:\/\/www.friedenkoeln.de\/?p=11536","title":{"rendered":"DFG-VK K\u00f6ln feierte 125 Jahre Deutsche Friedensgesellschaft"},"content":{"rendered":"<p><img loading=\"lazy\" decoding=\"async\" class=\"alignnone size-large wp-image-11507\" src=\"http:\/\/www.friedenkoeln.de\/wp-content\/uploads\/2017\/11\/125-DFGVK-Flyer-2rgb-730x1024.jpg\" alt=\"\" width=\"639\" height=\"896\" srcset=\"https:\/\/www.friedenkoeln.de\/wp-content\/uploads\/2017\/11\/125-DFGVK-Flyer-2rgb-730x1024.jpg 730w, https:\/\/www.friedenkoeln.de\/wp-content\/uploads\/2017\/11\/125-DFGVK-Flyer-2rgb-768x1077.jpg 768w, https:\/\/www.friedenkoeln.de\/wp-content\/uploads\/2017\/11\/125-DFGVK-Flyer-2rgb.jpg 1264w\" sizes=\"auto, (max-width: 639px) 100vw, 639px\" \/><\/p>\n<p><em>Von Harald Fuchs.<\/em><\/p>\n<p>Pazifist*innen und ihre Freund*innen feierten am 24. November 2017 in der Lutherkirche in der K\u00f6lner S\u00fcdstadt 125 Jahre organisierten Pazifismus in Deutschland.<\/p>\n<p>Die Deutsche Friedensgesellschaft war auf Initiatitive der \u00d6sterreicher*innen <strong>Bertha von Suttner<\/strong> und <strong>Alfred Hermann Fried<\/strong> im November 1892 in Berlin gegr\u00fcndet worden.<\/p>\n<p>Aus diesem Anlass hatte die K\u00f6lner DFG-VK einen Sch\u00fcler-Kunst-Wettbewerb veranstaltet und die dadurch entstandenen Kunstwerke in der Lutherkirche ausgestellt. Die besten Arbeiten wurden pr\u00e4miert, und die Jury begr\u00fcndete ihre Entscheidungen<strong><em>.<\/em><\/strong><\/p>\n<p>B\u00fcrgermeisterin <strong>Elfi Scho-Antwerpes<\/strong> begr\u00fc\u00dfte die G\u00e4ste und hielt trotz Erk\u00e4ltung ihre engagierte Rede zur Einf\u00fchrung in den Abend. <em>&#8222;<strong>Ohne Frieden gibt es keine Freiheit und keine Sicherheit<\/strong>&#8222;<\/em> &#8211; so einer der Kerns\u00e4tze von Elfi Scho-Antwerpes. Pfarrer <strong>Hans M\u00f6rtter<\/strong> als Hausherr der Lutherkirche erinnerte in seiner Rede an die bis heute wirksamen sellischen Traumata des 30-j\u00e4hrigen Krieges und der beiden Weltkriege und prangerte die deutschen Waffengesch\u00e4fte an. Im Hinblick auf die in B\u00fcchel gelagerten Atombomben sagte er: <em>&#8222;<strong>Dieses Denken, dass es eine M\u00f6glichkeite sein k\u00f6nnte, diese Waffen zu benutzen, ist kriminell, ist m\u00f6rderisch, ist unmenschlich, geht nicht&#8220;<\/strong><\/em>.\u00a0 <strong>Christine Schweitzer<\/strong> von der War Resisters International \u00fcberbrachte die Gr\u00fc\u00dfe dieser internationalen Organisation der Kriegsdienstverweigerer, der sich die DFG-VK angeschlossen hat, und stellte die Arbeitsschwerpunkte dar.<\/p>\n<p>Die drei Reden k\u00f6nnen unter <a href=\"https:\/\/drive.google.com\/open?id=1qAIj3KC-4aWbySkI5bbrOSJtdxO6pISi\">https:\/\/drive.google.com\/open?id=1qAIj3KC-4aWbySkI5bbrOSJtdxO6pISi\u00a0<\/a>\u00a0gesehen und geh\u00f6rt werden.<\/p>\n<p>Die Historiker <strong>Dr. Guido Gr\u00fcnewald<\/strong> und <strong>Dr. Fritz Bilz<\/strong> steuerten\u00a0 &#8211; z. T. mit historischen Fotos untermalt &#8211; inhaltliche Beitr\u00e4ge zur Geschichte der DFG in Deutschland und in K\u00f6ln bei. Fritz Bilz stellte heraus: <em><strong>&#8222;..die alte Losung gilt immer noch: Nie wieder Krieg!&#8220;<\/strong><\/em><\/p>\n<p>Der Beitrag von Fritz Bilz &#8222;Die DFG in K\u00f6ln&#8220; kann <a href=\"http:\/\/www.friedenkoeln.de\/wp-content\/uploads\/2017\/12\/Die-DFG-in-K\u00f6ln.doc\">hier<\/a> nachgelesen werden.<\/p>\n<p><strong>Thomas Carl Schwoerer<\/strong> aus Frankfurt erg\u00e4nzte als Bundessprecher die Schwerpunkte aktueller pazifistischer Politik. Seine Rede ist <a href=\"https:\/\/www.friedenkoeln.de\/?p=11540\">hier<\/a> dokumentiert.<\/p>\n<p>Gru\u00dfbeitr\u00e4ge hielten <strong>Richard Klasen<\/strong> (Forum ZFD), <strong>Brahim<\/strong> (Kein Mensch ist illegal) und <strong>J\u00f6rg Eichenauer<\/strong> (Mehr Demokratie). Weitere G\u00e4ste schrieben Beitr\u00e4ge ins G\u00e4stebuch\u00b4, so Vertreter des K\u00f6lner Friedensforums, von Pax Christi, Vers\u00f6nhnungsbund und von politischen Parteien.<\/p>\n<p>Zum Gelingen der Feier waren nat\u00fcrlich die Musiker entscheidend: Es spielten die Rapper <strong>Tristan, Haakem und Raul<\/strong> von der Gesamtschule K\u00f6ln M\u00fclheim, die aus einer Schulband hervorgegangene Jugendband &#8222;<a href=\"https:\/\/www.facebook.com\/anotheroptimism\/\"><strong>Another Optimism<\/strong><\/a>&#8222;, <strong><a href=\"https:\/\/www.klausdergeiger.de\/\">Klaus der Geiger<\/a> mit Antje und Markus, <a href=\"http:\/\/www.blueflower.name\/\">Blue Flower<\/a> Poesie mit Birgit und Beate<\/strong> und die <a href=\"https:\/\/www.hopstopbanda.com\/\"><strong>HopStopBanda<\/strong><\/a>. <a href=\"http:\/\/www.edelweisspiratenfestival.de\/\"><strong>Jan Krauth\u00e4user<\/strong><\/a> legte zum Abschlu\u00df Weltmusik auf und es wurde noch lange getanzt.<\/p>\n<p>Bildergalerien der Jubil\u00e4umsveranstaltung sind unter <a href=\"https:\/\/www.r-mediabase.eu\/index.php?view=category&amp;catid=1074&amp;option=com_joomgallery&amp;Itemid=513\">https:\/\/www.r-mediabase.eu\/index.php?view=category&amp;catid=1074&amp;option=com_joomgallery&amp;Itemid=513<\/a> (<strong>r-mediabase, Jochen Vogler<\/strong>) und <a href=\"https:\/\/photos.app.goo.gl\/SxfrR03Z0PGZsX9l1\">https:\/\/photos.app.goo.gl\/SxfrR03Z0PGZsX9l1<\/a> (<strong>Klaus M\u00fcller<\/strong>) anzuschauen.<\/p>\n<p>Allen, die zum Gelingen des Jubil\u00e4umsfestes beigetragen haben sei auch an dieser Stelle herzlich gedankt.<\/p>\n<p>&nbsp;<\/p>\n","protected":false},"excerpt":{"rendered":"<p>Von Harald Fuchs. Pazifist*innen und ihre Freund*innen feierten am 24. November 2017 in der Lutherkirche in der K\u00f6lner S\u00fcdstadt 125 Jahre organisierten Pazifismus in Deutschland. Die Deutsche Friedensgesellschaft war auf Initiatitive der \u00d6sterreicher*innen Bertha&#46;&#46;&#46;<\/p>\n","protected":false},"author":110,"featured_media":0,"comment_status":"open","ping_status":"open","sticky":false,"template":"","format":"standard","meta":{"footnotes":""},"categories":[105],"tags":[42,33,70,44,45,32,7,27,9,57,3,37,4],"class_list":["post-11536","post","type-post","status-publish","format-standard","hentry","category-bericht","tag-abruestung","tag-atomwaffen","tag-auslandseinsaetze-der-bundeswehr","tag-drohnen","tag-geschichte","tag-information-diskussion","tag-kriegsdienstverweigerung-wehrpflicht","tag-kultur","tag-frieden-und-kunst","tag-musik","tag-pazifismus","tag-ruestungsexporte","tag-zivile-konfliktloesung"],"_links":{"self":[{"href":"https:\/\/www.friedenkoeln.de\/index.php?rest_route=\/wp\/v2\/posts\/11536","targetHints":{"allow":["GET"]}}],"collection":[{"href":"https:\/\/www.friedenkoeln.de\/index.php?rest_route=\/wp\/v2\/posts"}],"about":[{"href":"https:\/\/www.friedenkoeln.de\/index.php?rest_route=\/wp\/v2\/types\/post"}],"author":[{"embeddable":true,"href":"https:\/\/www.friedenkoeln.de\/index.php?rest_route=\/wp\/v2\/users\/110"}],"replies":[{"embeddable":true,"href":"https:\/\/www.friedenkoeln.de\/index.php?rest_route=%2Fwp%2Fv2%2Fcomments&post=11536"}],"version-history":[{"count":7,"href":"https:\/\/www.friedenkoeln.de\/index.php?rest_route=\/wp\/v2\/posts\/11536\/revisions"}],"predecessor-version":[{"id":11616,"href":"https:\/\/www.friedenkoeln.de\/index.php?rest_route=\/wp\/v2\/posts\/11536\/revisions\/11616"}],"wp:attachment":[{"href":"https:\/\/www.friedenkoeln.de\/index.php?rest_route=%2Fwp%2Fv2%2Fmedia&parent=11536"}],"wp:term":[{"taxonomy":"category","embeddable":true,"href":"https:\/\/www.friedenkoeln.de\/index.php?rest_route=%2Fwp%2Fv2%2Fcategories&post=11536"},{"taxonomy":"post_tag","embeddable":true,"href":"https:\/\/www.friedenkoeln.de\/index.php?rest_route=%2Fwp%2Fv2%2Ftags&post=11536"}],"curies":[{"name":"wp","href":"https:\/\/api.w.org\/{rel}","templated":true}]}}