{"id":11545,"date":"2017-12-01T07:00:04","date_gmt":"2017-12-01T05:00:04","guid":{"rendered":"http:\/\/www.friedenkoeln.de\/?p=11545"},"modified":"2017-12-10T22:54:00","modified_gmt":"2017-12-10T20:54:00","slug":"zum-nachhoeren-schuelerinnen-des-kunstwettbewerbs-frieden-auf-deutschlandradio-kulur","status":"publish","type":"post","link":"https:\/\/www.friedenkoeln.de\/?p=11545","title":{"rendered":"Zum Nachh\u00f6ren: Sch\u00fcler*innen des Kunstwettbewerbs Frieden auf Deutschlandradio Kultur"},"content":{"rendered":"<p>Im Kinderfunk Kakadu des Deutschlandradio Kultur lief am 27. November 2017 unter dem Titel &#8222;Krieg ist ein Verbrechen&#8220; eine <a href=\"http:\/\/www.kakadu.de\/infotag-krieg-ist-ein-verbrechen.2728.de.html?dram:article_id=396973\">Reportage<\/a> aus der Klasse<\/p>\n<div id=\"attachment_10673\" style=\"width: 200px\" class=\"wp-caption alignright\"><img loading=\"lazy\" decoding=\"async\" aria-describedby=\"caption-attachment-10673\" class=\" wp-image-10673\" src=\"http:\/\/www.friedenkoeln.de\/wp-content\/uploads\/2017\/04\/Sch\u00fclerkunstwettbewerb-Frieden-2017_Flyer-Cover_klein-827x1024.jpg\" alt=\"Auf dunkel-t\u00fcrkisfarbenem Grund sieht man in grafisch-kindlichem Stil im Vordergrund eine Torte mit einer pinkfarbenen &quot;125&quot;, dar\u00fcber zwei wei\u00dfe Tauben, die eine Geburtstagsgirlande im Schnabel halten und im Hintergrund zwei Pflanzen. Der Gesamteindruck ist sehr friedlich, freundlich, einladend.\" width=\"190\" height=\"235\" srcset=\"https:\/\/www.friedenkoeln.de\/wp-content\/uploads\/2017\/04\/Sch\u00fclerkunstwettbewerb-Frieden-2017_Flyer-Cover_klein-827x1024.jpg 827w, https:\/\/www.friedenkoeln.de\/wp-content\/uploads\/2017\/04\/Sch\u00fclerkunstwettbewerb-Frieden-2017_Flyer-Cover_klein-768x951.jpg 768w, https:\/\/www.friedenkoeln.de\/wp-content\/uploads\/2017\/04\/Sch\u00fclerkunstwettbewerb-Frieden-2017_Flyer-Cover_klein.jpg 1136w\" sizes=\"auto, (max-width: 190px) 100vw, 190px\" \/><p id=\"caption-attachment-10673\" class=\"wp-caption-text\">Graphik: Jelena Ilic<\/p><\/div>\n<p>6c der Erzbisch\u00f6flichen Marienschule Opladen. Die Sch\u00fclerinnen und Sch\u00fcler haben sich auf den\u00a0Kunstwettbewerbs Frieden vorbereitet und sich dazu Gedanken gemacht, was Frieden eigentlich ist. Ein Beitrag auch f\u00fcr Erwachsene!<\/p>\n","protected":false},"excerpt":{"rendered":"<p>Im Kinderfunk Kakadu des Deutschlandradio Kultur lief am 27. November 2017 unter dem Titel &#8222;Krieg ist ein Verbrechen&#8220; eine Reportage aus der Klasse 6c der Erzbisch\u00f6flichen Marienschule Opladen. Die Sch\u00fclerinnen und Sch\u00fcler haben sich&#46;&#46;&#46;<\/p>\n","protected":false},"author":110,"featured_media":0,"comment_status":"open","ping_status":"open","sticky":false,"template":"","format":"standard","meta":{"footnotes":""},"categories":[2],"tags":[45,27,9,3,60,65,4],"class_list":["post-11545","post","type-post","status-publish","format-standard","hentry","category-aktionen","tag-geschichte","tag-kultur","tag-frieden-und-kunst","tag-pazifismus","tag-religion","tag-schule","tag-zivile-konfliktloesung"],"_links":{"self":[{"href":"https:\/\/www.friedenkoeln.de\/index.php?rest_route=\/wp\/v2\/posts\/11545","targetHints":{"allow":["GET"]}}],"collection":[{"href":"https:\/\/www.friedenkoeln.de\/index.php?rest_route=\/wp\/v2\/posts"}],"about":[{"href":"https:\/\/www.friedenkoeln.de\/index.php?rest_route=\/wp\/v2\/types\/post"}],"author":[{"embeddable":true,"href":"https:\/\/www.friedenkoeln.de\/index.php?rest_route=\/wp\/v2\/users\/110"}],"replies":[{"embeddable":true,"href":"https:\/\/www.friedenkoeln.de\/index.php?rest_route=%2Fwp%2Fv2%2Fcomments&post=11545"}],"version-history":[{"count":4,"href":"https:\/\/www.friedenkoeln.de\/index.php?rest_route=\/wp\/v2\/posts\/11545\/revisions"}],"predecessor-version":[{"id":11591,"href":"https:\/\/www.friedenkoeln.de\/index.php?rest_route=\/wp\/v2\/posts\/11545\/revisions\/11591"}],"wp:attachment":[{"href":"https:\/\/www.friedenkoeln.de\/index.php?rest_route=%2Fwp%2Fv2%2Fmedia&parent=11545"}],"wp:term":[{"taxonomy":"category","embeddable":true,"href":"https:\/\/www.friedenkoeln.de\/index.php?rest_route=%2Fwp%2Fv2%2Fcategories&post=11545"},{"taxonomy":"post_tag","embeddable":true,"href":"https:\/\/www.friedenkoeln.de\/index.php?rest_route=%2Fwp%2Fv2%2Ftags&post=11545"}],"curies":[{"name":"wp","href":"https:\/\/api.w.org\/{rel}","templated":true}]}}