{"id":11610,"date":"2017-12-17T16:36:50","date_gmt":"2017-12-17T14:36:50","guid":{"rendered":"http:\/\/www.friedenkoeln.de\/?p=11610"},"modified":"2020-11-14T23:18:38","modified_gmt":"2020-11-14T21:18:38","slug":"katholische-verbaende-koeln-laden-zur-friedensmesse-ein-migranten-und-fluechtlinge-menschen-auf-der-suche-nach-frieden","status":"publish","type":"post","link":"https:\/\/www.friedenkoeln.de\/?p=11610","title":{"rendered":"Katholische Verb\u00e4nde K\u00f6ln laden zur Friedensmesse ein: Migranten und Fl\u00fcchtlinge &#8211; Menschen auf der Suche nach Frieden"},"content":{"rendered":"<p>1967 hat Papst Paul VI. den 1. Januar zum Weltfriedenstag in der katholischen Kirche erkl\u00e4rt. Der erste Weltfriedenstag wurde am 1.1.1968 begangen.<\/p>\n<p>In K\u00f6ln besteht seit vielen Jahren die Tradition, die Botschaft des Papstes zum jeweiligen Weltfriedenstag in einem eigens gestalteten Friedensgottesdienst <!--more-->der katholischen Verb\u00e4nde der Stadt aufzugreifen. Da sich 2018 die Feier des Weltfriedenstags zum 50. Mal j\u00e4hrt, laden die Verb\u00e4nde zu diesem \u201eJubil\u00e4umsgottesdienst\u201c di\u00f6zesanweit ein.<\/p>\n<p><img loading=\"lazy\" decoding=\"async\" class=\" wp-image-11606 alignright\" src=\"http:\/\/www.friedenkoeln.de\/wp-content\/uploads\/2017\/12\/plakat_A4_frieden_2018-724x1024.jpg\" alt=\"Das Plakat zeigt die Aufschrift &quot;Frieden&quot; in vielen Sprachen auf blaugr\u00fcnem Grund.\" width=\"389\" height=\"551\" srcset=\"https:\/\/www.friedenkoeln.de\/wp-content\/uploads\/2017\/12\/plakat_A4_frieden_2018-724x1024.jpg 724w, https:\/\/www.friedenkoeln.de\/wp-content\/uploads\/2017\/12\/plakat_A4_frieden_2018-768x1086.jpg 768w\" sizes=\"auto, (max-width: 389px) 100vw, 389px\" \/>&#8222;<a href=\"http:\/\/w2.vatican.va\/content\/francesco\/de\/messages\/peace\/documents\/papa-francesco_20171113_messaggio-51giornatamondiale-pace2018.html\">Migranten und Fl\u00fcchtlinge : Menschen auf der Suche nach Frieden<\/a>&#8220; &#8211; so lautet die Botschaft von Papst Franziskus zum Weltfriedenstag am 1.1.2018.<\/p>\n<p>Der K\u00f6lner Weltfriedenstagsgottesdienst findet statt am<\/p>\n<p><b>Freitag, dem 12. Januar 2018 um 18 Uhr in der Minoritenkirche <\/b>(Kolpingplatz 5, unmittelbar in der N\u00e4he des Hauptbahnhofes).<\/p>\n<p>Die Ansprache wird Pfarrer Ralf Neukirchen aus Chorweiler halten.<\/p>\n<p>Die Feier beginnt auf dem Vorplatz der Kirche mit einem Schweige-Lichter-Kreis rund um die <a href=\"http:\/\/friedensglocke-chorweiler.de\">Chorweiler Friedensglocke<\/a>. Anschlie\u00dfend an den Gottesdienst besteht noch Gelegenheit zum Austausch im Pfarrsaal von St. Kolumba (direkt gegen\u00fcber der Minoritenkirche).<\/p>\n<p>&nbsp;<\/p>\n","protected":false},"excerpt":{"rendered":"<p>1967 hat Papst Paul VI. den 1. Januar zum Weltfriedenstag in der katholischen Kirche erkl\u00e4rt. Der erste Weltfriedenstag wurde am 1.1.1968 begangen. In K\u00f6ln besteht seit vielen Jahren die Tradition, die Botschaft des Papstes&#46;&#46;&#46;<\/p>\n","protected":false},"author":110,"featured_media":0,"comment_status":"open","ping_status":"open","sticky":false,"template":"","format":"standard","meta":{"footnotes":""},"categories":[104],"tags":[28,59,61,3,60],"class_list":["post-11610","post","type-post","status-publish","format-standard","hentry","category-ankuendigung","tag-fluchtlingen","tag-kirche","tag-kommunale-friedensarbeit","tag-pazifismus","tag-religion"],"_links":{"self":[{"href":"https:\/\/www.friedenkoeln.de\/index.php?rest_route=\/wp\/v2\/posts\/11610","targetHints":{"allow":["GET"]}}],"collection":[{"href":"https:\/\/www.friedenkoeln.de\/index.php?rest_route=\/wp\/v2\/posts"}],"about":[{"href":"https:\/\/www.friedenkoeln.de\/index.php?rest_route=\/wp\/v2\/types\/post"}],"author":[{"embeddable":true,"href":"https:\/\/www.friedenkoeln.de\/index.php?rest_route=\/wp\/v2\/users\/110"}],"replies":[{"embeddable":true,"href":"https:\/\/www.friedenkoeln.de\/index.php?rest_route=%2Fwp%2Fv2%2Fcomments&post=11610"}],"version-history":[{"count":2,"href":"https:\/\/www.friedenkoeln.de\/index.php?rest_route=\/wp\/v2\/posts\/11610\/revisions"}],"predecessor-version":[{"id":11612,"href":"https:\/\/www.friedenkoeln.de\/index.php?rest_route=\/wp\/v2\/posts\/11610\/revisions\/11612"}],"wp:attachment":[{"href":"https:\/\/www.friedenkoeln.de\/index.php?rest_route=%2Fwp%2Fv2%2Fmedia&parent=11610"}],"wp:term":[{"taxonomy":"category","embeddable":true,"href":"https:\/\/www.friedenkoeln.de\/index.php?rest_route=%2Fwp%2Fv2%2Fcategories&post=11610"},{"taxonomy":"post_tag","embeddable":true,"href":"https:\/\/www.friedenkoeln.de\/index.php?rest_route=%2Fwp%2Fv2%2Ftags&post=11610"}],"curies":[{"name":"wp","href":"https:\/\/api.w.org\/{rel}","templated":true}]}}