{"id":11645,"date":"2018-01-10T23:56:32","date_gmt":"2018-01-10T21:56:32","guid":{"rendered":"http:\/\/www.friedenkoeln.de\/?p=11645"},"modified":"2018-01-10T23:56:32","modified_gmt":"2018-01-10T21:56:32","slug":"protestaktion-mit-strassentheater-und-friedensliedern-gegen-soldatengottesdienst-in-koeln","status":"publish","type":"post","link":"https:\/\/www.friedenkoeln.de\/?p=11645","title":{"rendered":"Protestaktion mit Stra\u00dfentheater und Friedensliedern gegen Soldatengottesdienst in K\u00f6ln"},"content":{"rendered":"<p>Mit Stra\u00dfentheatereinlagen und Friedensliedern werden Mitglieder des Antimilitaristischen Aktionsb\u00fcndnis K\u00f6ln am morgigen \u00a0Donnerstag, den 11. Januar 2018 ab 10:00 Uhr vor dem Hauptportal des K\u00f6lner Doms gegen die<\/p>\n<p>Veranstaltung des Internationalen Soldatengottesdienstes\u00a0protestieren. Aus Sicht des Antimil-B\u00fcndnisses tr\u00e4gt der Gottesdienst, zu dem die Katholische Milit\u00e4rseelsorge anl\u00e4sslich des Weltfriedenstags der Kirchen einl\u00e4dt, dazu bei,<\/p>\n<blockquote><p>der Bundeswehr und dem Militarismus in der \u00d6ffentlichkeit Raum zu geben und somit zunehmende Kriegshandlungen als unumg\u00e4nglich, ja als Normalzustand zu betrachten,<\/p><\/blockquote>\n<p>wie es in einem <a href=\"http:\/\/www.friedenkoeln.de\/wp-content\/uploads\/2018\/01\/Soldatengottesdienst_2018_02.pdf\">Flugblatt<\/a> hei\u00dft. Das B\u00fcndnis fordert:<\/p>\n<blockquote>\n<ul>\n<li>Keinen Soldatengottesdienst im Dom!<\/li>\n<li>Keine Erh\u00f6hung der R\u00fcstungsausgaben: Abr\u00fcsten ist das Gebot der Stunde!<\/li>\n<li>Keine Auslandseins\u00e4tze der Bundeswehr!<\/li>\n<li>Die Unterzeichnung des UN-Atomwaffenverbots auch durch die Bundesregierung!<\/li>\n<\/ul>\n<\/blockquote>\n<div id=\"attachment_11657\" style=\"width: 301px\" class=\"wp-caption alignright\"><img loading=\"lazy\" decoding=\"async\" aria-describedby=\"caption-attachment-11657\" class=\" wp-image-11657\" src=\"http:\/\/www.friedenkoeln.de\/wp-content\/uploads\/2018\/01\/P1330312-Transparent-21.1.16-Terror-Krieg-Menschenrechte-1024x768.jpg\" alt=\"\" width=\"291\" height=\"218\" srcset=\"https:\/\/www.friedenkoeln.de\/wp-content\/uploads\/2018\/01\/P1330312-Transparent-21.1.16-Terror-Krieg-Menschenrechte-1024x768.jpg 1024w, https:\/\/www.friedenkoeln.de\/wp-content\/uploads\/2018\/01\/P1330312-Transparent-21.1.16-Terror-Krieg-Menschenrechte-768x576.jpg 768w, https:\/\/www.friedenkoeln.de\/wp-content\/uploads\/2018\/01\/P1330312-Transparent-21.1.16-Terror-Krieg-Menschenrechte.jpg 2048w\" sizes=\"auto, (max-width: 291px) 100vw, 291px\" \/><p id=\"caption-attachment-11657\" class=\"wp-caption-text\">Transparent beim Protest gegen den Internationalen Soldatengottesdienstes am 21.1.2016 in K\u00f6ln. Foto: n. b. (bitte melden!)<\/p><\/div>\n<p>Es empfiehlt, den Aufruf &#8222;<a href=\"https:\/\/abruesten.jetzt\">Abr\u00fcsten statt Aufr\u00fcsten!<\/a>&#8220; und die <a href=\"https:\/\/aktion.nuclearban.de\/node\/9\">Petition an die Bundesregierung zur Unterst\u00fctzung des UN-Atomwaffenverbots<\/a> zu unterzeichnen.<\/p>\n<p>Die Milit\u00e4rseelsorge rechnet mit 1.200 Soldat*innen der Bundeswehr, Angeh\u00f6rigen ausl\u00e4ndischer Armeen und der Bundespolizei, sowie Lehrgangsteilnehmer*innen des Bundessprachenamtes. Wie \u00fcblich wird der K\u00f6lner Erzbischof, Rainer Maria Kardinal Woelki, den Gottesdienst abhalten, der unter dem Motto der p\u00e4pstlichen Botschaft zum Weltfriedenstag 2018 steht:\u00a0\u201e<a href=\"http:\/\/www.friedenkoeln.de\/wp-content\/uploads\/2018\/01\/Papst-Franziskus_Botschaft-Weltfriedenstag-2018_20171113.pdf\">Migranten und Fl\u00fcchtlinge \u2013 Menschen auf der Suche nach Frieden<\/a>\u201c.<\/p>\n<p>Auch das Antimil-B\u00fcndnis beruft sich auf den Papst. Es schreibt in seiner <a href=\"http:\/\/www.friedenkoeln.de\/wp-content\/uploads\/2018\/01\/Antimil-B\u00fcndnis-K\u00f6ln_PM-2018-zum-Sodatengottesdienst-gek_.pdf\">Pressemitteilung<\/a>:<\/p>\n<blockquote><p>Wir nehmen das von Papst Franziskus verk\u00fcndete Motto des diesj\u00e4hrigen Weltfriedenstag &#8222;Menschen auf der Suche nach Frieden&#8220; ernst. Das Segnen der Soldat*innen f\u00fcr ihren m\u00f6rderischen Job bedeutet aber das Gegenteil.<\/p><\/blockquote>\n<p>Das B\u00fcndnis kritisiert<\/p>\n<blockquote><p>schwammige Aussagen von Kardinal Woelki wie beim Soldatengottesdienst im vorletzten Jahr \u201eSoldatinnen und Soldaten verrichten (&#8230;) einen Dienst, der dazu beitragen kann, dass erbarmungsloses Morden, erbarmungslose Gewalt begrenzt und wenn m\u00f6glich bek\u00e4mpft werden\u201c<\/p><\/blockquote>\n<p>und fordert eine klare Haltung der Kirche gegen milit\u00e4rische Gewalt.<\/p>\n<p>DOMRADIO.DE wird das Pontifikalamt aus dem K\u00f6lner Dom ab 9:00 Uhr live \u00fcbertragen.<\/p>\n","protected":false},"excerpt":{"rendered":"<p>Mit Stra\u00dfentheatereinlagen und Friedensliedern werden Mitglieder des Antimilitaristischen Aktionsb\u00fcndnis K\u00f6ln am morgigen \u00a0Donnerstag, den 11. Januar 2018 ab 10:00 Uhr vor dem Hauptportal des K\u00f6lner Doms gegen die Veranstaltung des Internationalen Soldatengottesdienstes\u00a0protestieren. Aus Sicht&#46;&#46;&#46;<\/p>\n","protected":false},"author":110,"featured_media":0,"comment_status":"open","ping_status":"open","sticky":false,"template":"","format":"standard","meta":{"footnotes":""},"categories":[2],"tags":[68,48,28,59,89],"class_list":["post-11645","post","type-post","status-publish","format-standard","hentry","category-aktionen","tag-bundesregierung","tag-bundeswehr","tag-fluchtlingen","tag-kirche","tag-militarisierung-der-gesellschaft"],"_links":{"self":[{"href":"https:\/\/www.friedenkoeln.de\/index.php?rest_route=\/wp\/v2\/posts\/11645","targetHints":{"allow":["GET"]}}],"collection":[{"href":"https:\/\/www.friedenkoeln.de\/index.php?rest_route=\/wp\/v2\/posts"}],"about":[{"href":"https:\/\/www.friedenkoeln.de\/index.php?rest_route=\/wp\/v2\/types\/post"}],"author":[{"embeddable":true,"href":"https:\/\/www.friedenkoeln.de\/index.php?rest_route=\/wp\/v2\/users\/110"}],"replies":[{"embeddable":true,"href":"https:\/\/www.friedenkoeln.de\/index.php?rest_route=%2Fwp%2Fv2%2Fcomments&post=11645"}],"version-history":[{"count":5,"href":"https:\/\/www.friedenkoeln.de\/index.php?rest_route=\/wp\/v2\/posts\/11645\/revisions"}],"predecessor-version":[{"id":11659,"href":"https:\/\/www.friedenkoeln.de\/index.php?rest_route=\/wp\/v2\/posts\/11645\/revisions\/11659"}],"wp:attachment":[{"href":"https:\/\/www.friedenkoeln.de\/index.php?rest_route=%2Fwp%2Fv2%2Fmedia&parent=11645"}],"wp:term":[{"taxonomy":"category","embeddable":true,"href":"https:\/\/www.friedenkoeln.de\/index.php?rest_route=%2Fwp%2Fv2%2Fcategories&post=11645"},{"taxonomy":"post_tag","embeddable":true,"href":"https:\/\/www.friedenkoeln.de\/index.php?rest_route=%2Fwp%2Fv2%2Ftags&post=11645"}],"curies":[{"name":"wp","href":"https:\/\/api.w.org\/{rel}","templated":true}]}}