{"id":11680,"date":"2018-01-17T19:46:53","date_gmt":"2018-01-17T17:46:53","guid":{"rendered":"http:\/\/www.friedenkoeln.de\/?p=11680"},"modified":"2018-01-17T19:46:53","modified_gmt":"2018-01-17T17:46:53","slug":"evangelische-kirche-im-rheinland-nimmt-kurs-auf-gewaltfreiheit-und-fordert-atomwaffenabzug","status":"publish","type":"post","link":"https:\/\/www.friedenkoeln.de\/?p=11680","title":{"rendered":"Evangelische Kirche im Rheinland nimmt Kurs auf Gewaltfreiheit und fordert Atomwaffenabzug"},"content":{"rendered":"<p>Gem\u00e4\u00df <a href=\"http:\/\/www.ekir.de\/www\/service\/pm-kirche-fordert-atomwaffenabzug-29592.php\">Pressemitteilung<\/a> vom 11. Januar 2018 fordert die Evangelische Kirche im Rheinland (EKIR)<\/p>\n<blockquote><p>den l\u00e4ngst \u00fcberf\u00e4lligen Abzug der letzten US-amerikanischen Atomwaffen aus Deutschland, die im rheinland-pf\u00e4lzischen B\u00fcchel lagern.<\/p><\/blockquote>\n<p>Das sei ein Aspekt <!--more-->eines Friedenswortes, das die Landessynode anl\u00e4sslich des Endes des Ersten Weltkrieges vor 100 Jahren als Diskussionsimpuls beschlossen habe.<\/p>\n<p>Die EKIR schreibt weiter:<\/p>\n<blockquote><p><img loading=\"lazy\" decoding=\"async\" class=\"wp-image-10872 alignleft\" src=\"http:\/\/www.friedenkoeln.de\/wp-content\/uploads\/2017\/05\/DSC_0336-1024x683.jpg\" alt=\"\" width=\"414\" height=\"276\" srcset=\"https:\/\/www.friedenkoeln.de\/wp-content\/uploads\/2017\/05\/DSC_0336-1024x683.jpg 1024w, https:\/\/www.friedenkoeln.de\/wp-content\/uploads\/2017\/05\/DSC_0336-768x512.jpg 768w\" sizes=\"auto, (max-width: 414px) 100vw, 414px\" \/>Zudem soll die Bundesregierung den Atomwaffenverbotsvertrag, den 122 Staaten der Vereinten Nationen im Juli 2017 v\u00f6lkerrechtlich verbindlich beschlossen haben, unterzeichnen. \u201eWir bekennen, dass die Drohung mit atomaren, aber auch chemischen und biologischen Massenvernichtungswaffen nicht mehr als Mittel legitimer Selbstverteidigung angesehen werden kann. Im Vertrauen auf Gottes Frieden wollen wir uns nicht l\u00e4nger von solchen Waffen umgeben, sch\u00fctzen und gef\u00e4hrden lassen\u201c, hei\u00dft es in dem am Vormittag beschlossenen Papier, das sich auch grunds\u00e4tzlich gegen den Export von Kriegswaffen und sonstigen R\u00fcstungsg\u00fctern ausspricht.<\/p>\n<p>Das Friedenswort soll auf allen Ebenen der rheinischen Kirche mit dem Ziel diskutiert werden, Kirche des gerechten Friedens zu werden. Das Leitbild vom gerechten Frieden bedeutet einen Paradigmenwechsel gegen\u00fcber der Lehre vom gerechten Krieg. Was dies bedeutet, erkl\u00e4rt das Friedenswort so: \u201eKirche des gerechten Friedens zu sein bedeutet, Krieg und kriegerische Mittel als M\u00f6glichkeit der Konfliktl\u00f6sung, als ,ultima ratio\u2018, zu \u00fcberwinden, Schritt f\u00fcr Schritt. Gewaltfreie L\u00f6sungen sind m\u00f6glich. Sie sind schmerzhaft, weil sie eigene, besonders wirtschaftliche, Interessen ber\u00fchren. Sie sind langwierig und m\u00fcssen m\u00fchsam gelernt werden. Sie sind aber die L\u00f6sungen, die sich als roter Faden durch die Bibel ziehen und biblisch geboten sind.\u201c<\/p>\n<p>Zu den konkreten Handlungsempfehlungen, die in dem Papier genannt werden, geh\u00f6ren u. a. die Verst\u00e4rkung der Friedensbildung f\u00fcr Gewaltfreiheit und der Einsatz von zivilen Konfliktl\u00f6sungsstrategien in Schule und Jugendarbeit, z. B. durch den Einsatz der Ausstellung \u201eFrieden geht anders \u2013 aber wie?\u201c oder das Programm \u201epeacemaker\u201c der Evangelischen Jugend im Rheinland. Zudem will die Evangelische Kirche im Rheinland den Pilgerweg der Gerechtigkeit und des Friedens des \u00d6kumenischen Rates der Kirchen (WCC) und der Initiativen f\u00fcr Gerechtigkeit und Frieden der Weltgemeinschaft Reformierter Kirchen (WCRC) unterst\u00fctzen und sich daran beteiligen.<\/p><\/blockquote>\n<p>Das zitierte &#8222;Friedenswort 2018: Auf dem Weg zum gerechten Frieden&#8220; kann <a href=\"http:\/\/www.ekir.de\/www\/downloads\/DS28FriedenswortEKiR2018.pdf\">hier<\/a> gelesen werden.<\/p>\n","protected":false},"excerpt":{"rendered":"<p>Gem\u00e4\u00df Pressemitteilung vom 11. Januar 2018 fordert die Evangelische Kirche im Rheinland (EKIR) den l\u00e4ngst \u00fcberf\u00e4lligen Abzug der letzten US-amerikanischen Atomwaffen aus Deutschland, die im rheinland-pf\u00e4lzischen B\u00fcchel lagern. Das sei ein Aspekt<\/p>\n","protected":false},"author":110,"featured_media":0,"comment_status":"open","ping_status":"open","sticky":false,"template":"","format":"standard","meta":{"footnotes":""},"categories":[2,87],"tags":[42,33,70,45,59,3,60,37,65,73,71,4],"class_list":["post-11680","post","type-post","status-publish","format-standard","hentry","category-aktionen","category-pressemitteilung","tag-abruestung","tag-atomwaffen","tag-auslandseinsaetze-der-bundeswehr","tag-geschichte","tag-kirche","tag-pazifismus","tag-religion","tag-ruestungsexporte","tag-schule","tag-vereinte-nationen","tag-waffenhandel","tag-zivile-konfliktloesung"],"_links":{"self":[{"href":"https:\/\/www.friedenkoeln.de\/index.php?rest_route=\/wp\/v2\/posts\/11680","targetHints":{"allow":["GET"]}}],"collection":[{"href":"https:\/\/www.friedenkoeln.de\/index.php?rest_route=\/wp\/v2\/posts"}],"about":[{"href":"https:\/\/www.friedenkoeln.de\/index.php?rest_route=\/wp\/v2\/types\/post"}],"author":[{"embeddable":true,"href":"https:\/\/www.friedenkoeln.de\/index.php?rest_route=\/wp\/v2\/users\/110"}],"replies":[{"embeddable":true,"href":"https:\/\/www.friedenkoeln.de\/index.php?rest_route=%2Fwp%2Fv2%2Fcomments&post=11680"}],"version-history":[{"count":3,"href":"https:\/\/www.friedenkoeln.de\/index.php?rest_route=\/wp\/v2\/posts\/11680\/revisions"}],"predecessor-version":[{"id":11684,"href":"https:\/\/www.friedenkoeln.de\/index.php?rest_route=\/wp\/v2\/posts\/11680\/revisions\/11684"}],"wp:attachment":[{"href":"https:\/\/www.friedenkoeln.de\/index.php?rest_route=%2Fwp%2Fv2%2Fmedia&parent=11680"}],"wp:term":[{"taxonomy":"category","embeddable":true,"href":"https:\/\/www.friedenkoeln.de\/index.php?rest_route=%2Fwp%2Fv2%2Fcategories&post=11680"},{"taxonomy":"post_tag","embeddable":true,"href":"https:\/\/www.friedenkoeln.de\/index.php?rest_route=%2Fwp%2Fv2%2Ftags&post=11680"}],"curies":[{"name":"wp","href":"https:\/\/api.w.org\/{rel}","templated":true}]}}