{"id":11685,"date":"2018-01-18T17:56:01","date_gmt":"2018-01-18T15:56:01","guid":{"rendered":"http:\/\/www.friedenkoeln.de\/?p=11685"},"modified":"2018-01-18T17:56:01","modified_gmt":"2018-01-18T15:56:01","slug":"koeln-bundesweite-planungs-und-aktionskonferenz-verbot-von-atomwaffen-durchsetzen","status":"publish","type":"post","link":"https:\/\/www.friedenkoeln.de\/?p=11685","title":{"rendered":"K\u00f6ln: Bundesweite Planungs- und Aktionskonferenz \u201eVerbot von Atomwaffen durchsetzen\u201c"},"content":{"rendered":"<p>Am\u00a0<strong>27. Januar 2018<\/strong>\u00a0findet von <strong>11 &#8211; 17 Uhr\u00a0<\/strong>in der\u00a0<strong>Alte Feuerwache, Melchiorstr. 3, K\u00f6ln<\/strong> die Bundesweite Planungs- und Aktionskonferenz &#8222;Verbot von Atomwaffen durchsetzen&#8220; statt. Herzliche Einladung an alle Menschen, die mithelfen wollen, Atomwaffen abzur\u00fcsten! Bitte um <strong>Anmeldung bis 20.1. bei Roland Blach, <a href=\"mailto:blach@dfg-vk.de\">blach@dfg-vk.de<\/a>.\u00a0<\/strong>Es folgt die Einladung der\u00a0Kampagne \u201eB\u00fcchel ist \u00fcberall. atomwaffenfrei.jetzt\u201c in Kooperation mit IPPNW und ICAN Deutschland.<\/p>\n<hr \/>\n<p>Seit Januar 2017\u00a0 steht die sogenannte Doomsday clock auf 2,5 Minuten vor Zw\u00f6lf. Die Gefahr eines Atomkrieges ist so gro\u00df wie seit dem Koreakrieg in den 50er Jahren nicht mehr.<\/p>\n<p>Aktuelle Krisenherde insbesondere um Nordkorea, aber auch zwischen den USA und dem Iran, um die Ukraine und Syrien verdeutlichen die Sorge vor einem auch atomaren Weltenbrand.<\/p>\n<p>Kann sich die Friedenslogik f\u00fcr Dialog und Kooperation, Entspannung und Abr\u00fcstung durchsetzen?<\/p>\n<p><img loading=\"lazy\" decoding=\"async\" class=\" wp-image-11572 alignleft\" src=\"http:\/\/www.friedenkoeln.de\/wp-content\/uploads\/2017\/12\/ICAN-Stempel-8.png\" alt=\"\" width=\"231\" height=\"215\" srcset=\"https:\/\/www.friedenkoeln.de\/wp-content\/uploads\/2017\/12\/ICAN-Stempel-8.png 863w, https:\/\/www.friedenkoeln.de\/wp-content\/uploads\/2017\/12\/ICAN-Stempel-8-768x715.png 768w\" sizes=\"auto, (max-width: 231px) 100vw, 231px\" \/><\/p>\n<p>Wie ermutigend ist dabei der Friedensnobelpreis, der am 10. Dezember an die International Campaign to Abolish Nuclear Weapons (ICAN) und damit alle knapp 500 Partnerorganisationen wie ICAN Deutschland und die Kampagne \u201eB\u00fcchel ist \u00fcberall! atomwaffenfrei.jetzt\u201c f\u00fcr ihr Engagement f\u00fcr ein Atomwaffenverbot verliehen wird?<\/p>\n<p>Das im Juli bei den Vereinten Nationen von 122 Staaten beschlossene Atomwaffenverbot, das seit dem 20. September zur Unterzeichnung ausliegt, w\u00e4re ohne deren Engagement nicht zustande gekommen. Bereits 53 Staaten haben diesen Vertrag unterzeichnet, 3 davon ratifiziert.<\/p>\n<p>Gew\u00fcrdigt werden mit dem Preis auch alle weiteren Aktiven, die sich f\u00fcr die vollst\u00e4ndige Abr\u00fcstung von Atomwaffen engagieren!<\/p>\n<p>Jetzt muss die (neue) Bundesregierung Farbe bekennen, dem Verbotsvertrag\u00a0 von Atomwaffen beitreten und den Abzug der Atomwaffen aus B\u00fcchel auf den Weg bringen.<\/p>\n<p>Wir sind gefordert. Mit welchen Aktivit\u00e4ten entfalten wir einen breiten Druck auf die Politik?<\/p>\n<div id=\"attachment_11688\" style=\"width: 338px\" class=\"wp-caption alignright\"><img loading=\"lazy\" decoding=\"async\" aria-describedby=\"caption-attachment-11688\" class=\" wp-image-11688\" src=\"http:\/\/www.friedenkoeln.de\/wp-content\/uploads\/2018\/01\/DSC_0094Aktionskonferenz-Atomwaffenfrei-jetzt-in-K\u00f6ln-683x1024.jpg\" alt=\"Uli Wohland ist ein Mann mit wei\u00dfen Haaren und wei\u00dfgrauem Vollbart, der in einem dunklen Hemd hinter einem Rednerpult steht und spricht. Im Hintergrund ist ein Werbeplakat der Kampagne Atomwaffenfrei jetzt! zu sehen, auf dem Papst Franziskus abgebildet ist.\" width=\"328\" height=\"492\" srcset=\"https:\/\/www.friedenkoeln.de\/wp-content\/uploads\/2018\/01\/DSC_0094Aktionskonferenz-Atomwaffenfrei-jetzt-in-K\u00f6ln-683x1024.jpg 683w, https:\/\/www.friedenkoeln.de\/wp-content\/uploads\/2018\/01\/DSC_0094Aktionskonferenz-Atomwaffenfrei-jetzt-in-K\u00f6ln-768x1152.jpg 768w\" sizes=\"auto, (max-width: 328px) 100vw, 328px\" \/><p id=\"caption-attachment-11688\" class=\"wp-caption-text\">Uli Wohland am 4.2.2017 in K\u00f6ln. Foto: Stefanie Intveen<\/p><\/div>\n<p>Seit Bekanntgabe des Preises am 6. Oktober wurden bereits verschiedene Aktivit\u00e4ten geplant: neue Unterschriftenaktion an die Bundesregierung \u201eUnterzeichnen Sie das UN-Atomwaffen-Verbot!\u201c, die \u00dcbergabe der 40.000 Unterschriften \u201eTaten statt leerer Worte\u201c, der bundesweite Aktionstag am 18. November incl. der Menschenkette zwischen der US-amerikanischen und nordkoreanischen Botschaft in Berlin, die Beteiligung an der Verleihung des Friedensnobelpreises bzw. den diversen Side-Events, sowie parallel zur Verleihung stattfindende lokale Veranstaltungen (Live-Streams, Parties) u.a. mit den Mayors for Peace mit au\u00dferordentlichen Flaggenhissungen.<\/p>\n<p>Zu einer bundesweiten Konferenz am 27. Januar in K\u00f6ln sind alle eingeladen, die unterschiedliche Aktionen im kommenden Jahr mitplanen und mit ihren eigenen kreativen Ideen anreichern wollen &#8211; alle interessierten Organisationen der Zivilgesellschaft, Friedensorganisationen und \u2013gruppen, Jugendverb\u00e4nde und Gewerkschaften, Mayors for Peace und humanit\u00e4ren Organisationen.<\/p>\n<p>Das Treffen dient dazu, bereits bestehende Ideen vorzustellen, auszutauschen und gemeinsam mit neuen Vorschl\u00e4gen in Verbindung zu bringen.<\/p>\n<p><u>Vorschlag zur Tagesordnung (\u00c4nderungen vorbehalten):<\/u><\/p>\n<p>Begr\u00fc\u00dfung: B\u00fcrgermeister Andreas Wolter (Stadt K\u00f6ln)<\/p>\n<p>Einleitung und Moderation: Uli Wohland (Werkstatt f\u00fcr gewaltfreie Aktion Baden)<\/p>\n<ol>\n<li>Mutimedialer Input \u201eAtomwaffenverbot im Kontext weltweiter Krisen und des Nobelpreises\u201c Xanthe Hall (IPPNW, ICAN)<\/li>\n<li>Vorstellung Themenbereiche und Bildung von Arbeitsgruppen:\n<ul>\n<li>zentraler Aktionsort B\u00fcchel<\/li>\n<li>dezentrale Aktionen incl. Mayors for Peace<\/li>\n<li>Lobbying Bundesregierung und Aktionen Berlin<\/li>\n<li>Don\u00b4t bank on the bomb<\/li>\n<li>Albtraum Atomm\u00fcll<\/li>\n<\/ul>\n<\/li>\n<\/ol>\n<ol start=\"3\">\n<li>Vorstellung der Arbeitsgruppenergebnisse<\/li>\n<\/ol>\n<ol start=\"4\">\n<li>Jahresplanung 2018<\/li>\n<\/ol>\n<p>Die Planungs- und Aktionskonferenz wird voraussichtlich abwechselnd im Plenum und Arbeitsgruppen stattfinden.<\/p>\n<p>Wir freuen uns sehr auf euer zahlreiches Kommen.<\/p>\n<p>Roland Blach (Deutsche Friedensgesellschaft \u2013 Vereinigte KriegsdienstgegnerInnen, DFG-VK)<\/p>\n<p>Xanthe Hall (Internationale \u00c4rzte zur Verh\u00fctung eines Atomkrieges, IPPNW, ICAN D)<\/p>\n<p>Philipp Ingenleuf (Netzwerk Friedenskooperative)<\/p>\n<p>Uli Wohland (Werkstatt f\u00fcr Gewaltfreie Aktion Baden)<\/p>\n<p>Eine Kooperation der Kampagne \u201eB\u00fcchel ist \u00fcberall. atomwaffenfrei.jetzt\u201c mit der IPPNW und ICAN Deutschland.<\/p>\n<p>Bitte um Anmeldung bis 20.1. an <a href=\"mailto:blach@dfg-vk.de\">blach@dfg-vk.de<\/a>.<\/p>\n","protected":false},"excerpt":{"rendered":"<p>Am\u00a027. Januar 2018\u00a0findet von 11 &#8211; 17 Uhr\u00a0in der\u00a0Alte Feuerwache, Melchiorstr. 3, K\u00f6ln die Bundesweite Planungs- und Aktionskonferenz &#8222;Verbot von Atomwaffen durchsetzen&#8220; statt. Herzliche Einladung an alle Menschen, die mithelfen wollen, Atomwaffen abzur\u00fcsten! Bitte&#46;&#46;&#46;<\/p>\n","protected":false},"author":110,"featured_media":0,"comment_status":"open","ping_status":"open","sticky":false,"template":"","format":"standard","meta":{"footnotes":""},"categories":[2],"tags":[42,33,68,49,31,77,36,3,73],"class_list":["post-11685","post","type-post","status-publish","format-standard","hentry","category-aktionen","tag-abruestung","tag-atomwaffen","tag-bundesregierung","tag-bundestag","tag-konferenzen","tag-militaerisch-industrieller-komplex","tag-oekologie-und-frieden","tag-pazifismus","tag-vereinte-nationen"],"_links":{"self":[{"href":"https:\/\/www.friedenkoeln.de\/index.php?rest_route=\/wp\/v2\/posts\/11685","targetHints":{"allow":["GET"]}}],"collection":[{"href":"https:\/\/www.friedenkoeln.de\/index.php?rest_route=\/wp\/v2\/posts"}],"about":[{"href":"https:\/\/www.friedenkoeln.de\/index.php?rest_route=\/wp\/v2\/types\/post"}],"author":[{"embeddable":true,"href":"https:\/\/www.friedenkoeln.de\/index.php?rest_route=\/wp\/v2\/users\/110"}],"replies":[{"embeddable":true,"href":"https:\/\/www.friedenkoeln.de\/index.php?rest_route=%2Fwp%2Fv2%2Fcomments&post=11685"}],"version-history":[{"count":3,"href":"https:\/\/www.friedenkoeln.de\/index.php?rest_route=\/wp\/v2\/posts\/11685\/revisions"}],"predecessor-version":[{"id":11689,"href":"https:\/\/www.friedenkoeln.de\/index.php?rest_route=\/wp\/v2\/posts\/11685\/revisions\/11689"}],"wp:attachment":[{"href":"https:\/\/www.friedenkoeln.de\/index.php?rest_route=%2Fwp%2Fv2%2Fmedia&parent=11685"}],"wp:term":[{"taxonomy":"category","embeddable":true,"href":"https:\/\/www.friedenkoeln.de\/index.php?rest_route=%2Fwp%2Fv2%2Fcategories&post=11685"},{"taxonomy":"post_tag","embeddable":true,"href":"https:\/\/www.friedenkoeln.de\/index.php?rest_route=%2Fwp%2Fv2%2Ftags&post=11685"}],"curies":[{"name":"wp","href":"https:\/\/api.w.org\/{rel}","templated":true}]}}