{"id":11697,"date":"2018-01-22T09:00:16","date_gmt":"2018-01-22T07:00:16","guid":{"rendered":"http:\/\/www.friedenkoeln.de\/?p=11697"},"modified":"2018-01-19T21:35:24","modified_gmt":"2018-01-19T19:35:24","slug":"kritik-aus-der-friedensbewegung-an-drohnen-plaenen-einer-groko","status":"publish","type":"post","link":"https:\/\/www.friedenkoeln.de\/?p=11697","title":{"rendered":"Kritik aus der Friedensbewegung an Drohnen-Pl\u00e4nen einer GroKo"},"content":{"rendered":"<div class=\"page\" title=\"Page 1\">\n<div class=\"layoutArea\">\n<div>\n<p>In einer Pressemitteilung der IPPNW macht die Friedensbewegung auf gef\u00e4hrliche Formulierungen im Ergebnispapier der Sondierungsgespr\u00e4che von CDU, CSU und SPD aufmerksam.<\/p>\n<p><b class=\"\">Die Ergebnisse der Sondierungsgespr\u00e4che von CDU, CSU und SPD widersprechen den bisherigen deutschen und europ\u00e4ischen Erkl\u00e4rungen gegen au\u00dfergerichtliche T\u00f6tungen mit Kampfdrohnen.\u00a0In dem Ergebnispapier steht: &#8222;V\u00f6lkerrechtswidrige T\u00f6tungen durch autonome Waffensysteme lehnen wir ab und wollen sie weltweit \u00e4chten. Wir werden im Rahmen der\u00a0europ\u00e4ischen Verteidigungsunion die Entwicklung der Euro-Drohne weiterf\u00fchren.&#8220;<\/b><\/p>\n<\/div>\n<\/div>\n<div class=\"layoutArea\">\n<div class=\"column\">\n<div class=\"\"><b class=\"\">Mit der Formulierung \u201cdurch autonome Waffensysteme\u201d akzeptiert die Sondierungsvereinbarung die v\u00f6lkerrechtswidrigen US-Drohnen-T\u00f6tungen via Ramstein Air Base und AFRICOM\u00a0und bereitet einer\u00a0Erlaubnis f\u00fcr etwaige v\u00f6lkerrechtswidrige T\u00f6tungen durch deutschen oder\u00a0europ\u00e4ischen Drohneneinsatz vor.<\/b><\/div>\n<p>Es folgt der vollst\u00e4ndige Text der Pressemitteilung der IPPNW.<\/p>\n<hr \/>\n<p>Keine Duldung v\u00f6lkerrechtswidriger T\u00f6tungen mit Kampfdrohnen! Keine Beschaffung einer bewaffnungsf\u00e4higen Euro-Drohne!<\/p>\n<p>Die vorliegenden Ergebnisse der Sondierungsgespr\u00e4che widersprechen den bisherigen deutschen und europ\u00e4ischen Erkl\u00e4rungen gegen au\u00dfergerichtliche T\u00f6tungen mit Kampfdrohnen. In den Ergebnissen der Sondierungsgespr\u00e4che von CDU, CSU und SPD steht: &#8222;V\u00f6lkerrechtswidrige T\u00f6tungen durch autonome Waffensysteme lehnen wir ab und wollen sie weltweit \u00e4chten. Wir werden im Rahmen der europ\u00e4ischen Verteidigungsunion die Entwicklung der Euro-Drohne weiterf\u00fchren.&#8220;<\/p>\n<div id=\"attachment_10924\" style=\"width: 504px\" class=\"wp-caption alignright\"><img loading=\"lazy\" decoding=\"async\" aria-describedby=\"caption-attachment-10924\" class=\" wp-image-10924\" src=\"http:\/\/www.friedenkoeln.de\/wp-content\/uploads\/2017\/06\/1.PETX1748-1024x681.jpg\" alt=\"Das Foto zeigt ein gro\u00dfes Transparent mit der Aufschrift &quot;Stoppt den US-Drohnenkrieg via Ramstein! Solidarit\u00e4t mit den Opfern!&quot; Mehr als ein Dutzend Friedensaktivisten halten es hoch.\" width=\"494\" height=\"329\" srcset=\"https:\/\/www.friedenkoeln.de\/wp-content\/uploads\/2017\/06\/1.PETX1748-1024x681.jpg 1024w, https:\/\/www.friedenkoeln.de\/wp-content\/uploads\/2017\/06\/1.PETX1748-768x511.jpg 768w\" sizes=\"auto, (max-width: 494px) 100vw, 494px\" \/><p id=\"caption-attachment-10924\" class=\"wp-caption-text\">Mahnwache vor dem Oberlandesgericht D\u00fcsseldorf am 31.5.2017. Foto: Gisela Theodora Blomberg.<\/p><\/div>\n<p>Mit der Formulierung \u201cdurch autonome Waffensysteme\u201d akzeptiert die Sondierungsvereinbarung die v\u00f6lkerrechtswidrigen US-Drohnen-T\u00f6tungen via Ramstein Air Base und AFRICOM und bereitet einer Erlaubnis f\u00fcr etwaige v\u00f6lkerrechtswidrige T\u00f6tungen durch deutschen oder europ\u00e4ischen Drohneneinsatz vor.<\/p>\n<p>Im Koalitionsvertrag vom November 2013 wurde noch vereinbart: \u201cExtralegale, v\u00f6lkerrechtswidrige T\u00f6tungen mit bewaffneten Drohnen lehnen wir kategorisch ab.\u201d Das Europ\u00e4ische Parlament hatte im Februar 2014 mit einer fraktions\u00fcbergreifenden Mehrheit von 534 gegen 49 Stimmen eine Gemeinsame Entschlie\u00dfung verabschiedet, die die Mitgliedsstaaten auffordert, &#8222;keine rechtswidrigen gezielten T\u00f6tungen (zu) ver\u00fcben oder solche T\u00f6tungen durch andere Staaten (zu) beg\u00fcnstigen.\u201d<\/p>\n<p>Im Juni 2017 sagte der damalige Fraktionsvorsitzende der SPD, Thomas Oppermann, der Tagesschau, dass die im Koalitionsvertrag von 2013 zwischen Union und Sozialdemokraten vereinbarte &#8222;intensive, breit angelegte Debatte \u00fcber milit\u00e4rische, v\u00f6lkerrechtliche und sonstige Voraussetzungen&#8220; des Einsatzes solcher Drohnen nicht stattgefunden habe. &#8222;Deshalb lehnen wir im Haushaltsausschuss die Beschaffung einer Kampfdrohne ab,\u201d so der Fraktionschef w\u00e4hrend des Wahlkampfes.<\/p>\n<p>Nur sechs Monaten sp\u00e4ter bef\u00fcrwortet die SPD-F\u00fchrung eine deutsche Beteiligung an der Entwicklung einer bewaffnungsf\u00e4higen Euro-Drohne.<\/p>\n<div id=\"attachment_9469\" style=\"width: 487px\" class=\"wp-caption alignleft\"><img loading=\"lazy\" decoding=\"async\" aria-describedby=\"caption-attachment-9469\" class=\" wp-image-9469\" src=\"http:\/\/www.friedenkoeln.de\/wp-content\/uploads\/2016\/06\/TobyPink-DroneCreech.jpeg\" alt=\"Links ist eine Frau mit glatten dunklen Haaren zu sehen, die ein pinkfarbenes T-Shirt tr\u00e4gt und eine pinkfarbene Papierdrohne in der rechten Hand h\u00e4lt. Sie spricht mit einem Polizisten in olivfarbener Uniform und Baseballkappe, der ihr mit unbewegter Mine zuh\u00f6rt.\" width=\"477\" height=\"334\" srcset=\"https:\/\/www.friedenkoeln.de\/wp-content\/uploads\/2016\/06\/TobyPink-DroneCreech.jpeg 900w, https:\/\/www.friedenkoeln.de\/wp-content\/uploads\/2016\/06\/TobyPink-DroneCreech-768x538.jpeg 768w\" sizes=\"auto, (max-width: 477px) 100vw, 477px\" \/><p id=\"caption-attachment-9469\" class=\"wp-caption-text\">Toby Blom\u00e9 diskutiert in Creech, Nevada, mit einem Polizisten \u00fcber den Drohnenkrieg. Foto: privat.<\/p><\/div>\n<p>Eine m\u00f6gliche Gro\u00dfe Koalition ist auf dem Weg, sich der umstrittenen Politik einiger Mitglieder der europ\u00e4ischen Verteidigungsunion anzuschlie\u00dfen, die die v\u00f6lkerrechtswidrige US-Drohneneins\u00e4tze nicht nur dulden, sondern auch nachahmen wollen. Zum Beispiel erlaubt Italien dem US-Milit\u00e4r schon seit 2016 den Einsatz von bewaffneten Drohnen auf Libyen vom US-italienischen-NATO-Stutzpunkt Sigonella in Sizilien aus. Noch in diesem Jahr soll Italien von den USA die Bewaffnung f\u00fcr die eigenen, italienischen Reaper-Drohnen erhalten.<\/p>\n<p>&#8222;Die Formulierung der Ergebnisse der Sondierungsgespr\u00e4che ist missverst\u00e4ndlich,\u201d sagt die deutsch-amerikanische Friedensaktivistin Elsa Rassbach (CODEPINK, Attac, DFG-VK). &#8222;Mit dem Begriff \u2018autonome Waffensysteme\u2019 sind die bewaffneten Kampfdrohnen nicht gemeint, weil diese keine autonomen Waffen sind. Aus der Friedensbewegung appellieren wir dringlich an CDU, CSU und SPD, in etwaigen Koalitionsverhandlungen den v\u00f6lkerrechtswidrigen Einsatz von Kampfdrohnen zu verbieten und die immer wieder angek\u00fcndigte \u00f6ffentliche Debatte \u00fcber dieses gef\u00e4hrliche Waffensystem auch zu f\u00fchren. Das muss vor einer Entscheidung der Beteiligung an der Entwicklung einer Euro-Drohne geschehen.\u201d<\/p>\n<p>Kontakt: Elsa Rassbach (CODEPINK, Attac, DFG-VK) Tel. 0170 738 1450 Email: elsarassbach@gmail.com<\/p>\n<p>IPPNW \u2013 Deutsche Sektion der Internationalen \u00c4rzte f\u00fcr die Verh\u00fctung<br \/>\ndes Atomkrieges \u2013 \u00c4rzte in sozialer Verantwortung e.V.<br \/>\nK\u00f6rtestra\u00dfe 10 | 10967 Berlin | Tel. 030 698 074-0 | www.ippnw.de | kontakt@ippnw.de<\/p>\n<\/div>\n<\/div>\n<\/div>\n","protected":false},"excerpt":{"rendered":"<p>In einer Pressemitteilung der IPPNW macht die Friedensbewegung auf gef\u00e4hrliche Formulierungen im Ergebnispapier der Sondierungsgespr\u00e4che von CDU, CSU und SPD aufmerksam. Die Ergebnisse der Sondierungsgespr\u00e4che von CDU, CSU und SPD widersprechen den bisherigen deutschen&#46;&#46;&#46;<\/p>\n","protected":false},"author":110,"featured_media":0,"comment_status":"open","ping_status":"open","sticky":false,"template":"","format":"standard","meta":{"footnotes":""},"categories":[87],"tags":[42,70,68,49,48,44,74,39,85],"class_list":["post-11697","post","type-post","status-publish","format-standard","hentry","category-pressemitteilung","tag-abruestung","tag-auslandseinsaetze-der-bundeswehr","tag-bundesregierung","tag-bundestag","tag-bundeswehr","tag-drohnen","tag-eu","tag-kampfdrohnen","tag-kriegsverbrechen"],"_links":{"self":[{"href":"https:\/\/www.friedenkoeln.de\/index.php?rest_route=\/wp\/v2\/posts\/11697","targetHints":{"allow":["GET"]}}],"collection":[{"href":"https:\/\/www.friedenkoeln.de\/index.php?rest_route=\/wp\/v2\/posts"}],"about":[{"href":"https:\/\/www.friedenkoeln.de\/index.php?rest_route=\/wp\/v2\/types\/post"}],"author":[{"embeddable":true,"href":"https:\/\/www.friedenkoeln.de\/index.php?rest_route=\/wp\/v2\/users\/110"}],"replies":[{"embeddable":true,"href":"https:\/\/www.friedenkoeln.de\/index.php?rest_route=%2Fwp%2Fv2%2Fcomments&post=11697"}],"version-history":[{"count":2,"href":"https:\/\/www.friedenkoeln.de\/index.php?rest_route=\/wp\/v2\/posts\/11697\/revisions"}],"predecessor-version":[{"id":11699,"href":"https:\/\/www.friedenkoeln.de\/index.php?rest_route=\/wp\/v2\/posts\/11697\/revisions\/11699"}],"wp:attachment":[{"href":"https:\/\/www.friedenkoeln.de\/index.php?rest_route=%2Fwp%2Fv2%2Fmedia&parent=11697"}],"wp:term":[{"taxonomy":"category","embeddable":true,"href":"https:\/\/www.friedenkoeln.de\/index.php?rest_route=%2Fwp%2Fv2%2Fcategories&post=11697"},{"taxonomy":"post_tag","embeddable":true,"href":"https:\/\/www.friedenkoeln.de\/index.php?rest_route=%2Fwp%2Fv2%2Ftags&post=11697"}],"curies":[{"name":"wp","href":"https:\/\/api.w.org\/{rel}","templated":true}]}}