{"id":11701,"date":"2018-01-21T08:00:24","date_gmt":"2018-01-21T06:00:24","guid":{"rendered":"http:\/\/www.friedenkoeln.de\/?p=11701"},"modified":"2020-11-14T23:52:38","modified_gmt":"2020-11-14T21:52:38","slug":"keine-absolution-fuer-die-bundeswehr-wendepunkt-fuer-gottesdiensttradition-in-koeln","status":"publish","type":"post","link":"https:\/\/www.friedenkoeln.de\/?p=11701","title":{"rendered":"Keine Absolution f\u00fcr die Bundeswehr \u2013 Wendepunkt f\u00fcr Gottesdiensttradition in K\u00f6ln?"},"content":{"rendered":"<div class=\"page\" title=\"Page 1\">\n<div class=\"layoutArea\">\n<div class=\"column\"><strong>Kardinal Woelki legte im Internationalen Soldatengottesdienst in K\u00f6ln nahe, Fluchthilfe sei notfalls auch unter Befehlsverweigerung zu leisten, um Menschenleben und Menschenw\u00fcrde zu sch\u00fctzen. Anders als in den Vorjahren rechtfertigte er den Einsatz milit\u00e4rischer Gewalt in keiner Weise. Den Friedensgottesdienst der katholischen Verb\u00e4nde im Erzbistum K\u00f6ln unterst\u00fctzt er mit einem Gru\u00dfwort.<\/strong><\/div>\n<\/div>\n<div class=\"layoutArea\">\n<div class=\"column\">\n<p>Von Stefanie Intveen, 14.11.2018<\/p>\n<p>Vor weit \u00fcber 1.000 Soldatinnen und Soldaten der Bundeswehr und anderer Armeen hielt Erzischof Rainer Maria Kardinal Woelki am 11. Januar 2018 im K\u00f6lner Dom eine Predigt, die einen Wendepunkt in der Entwicklung der Internationalen Soldatengottesdienste in K\u00f6ln markieren k\u00f6nnte.<\/p>\n<div id=\"attachment_11704\" style=\"width: 356px\" class=\"wp-caption alignright\"><a href=\"http:\/\/www.friedenkoeln.de\/wp-content\/uploads\/2018\/01\/DSC_0086.jpg\" data-rel=\"lightbox-image-0\" data-rl_title=\"\" data-rl_caption=\"\" title=\"\"><img loading=\"lazy\" decoding=\"async\" aria-describedby=\"caption-attachment-11704\" class=\" wp-image-11704\" src=\"http:\/\/www.friedenkoeln.de\/wp-content\/uploads\/2018\/01\/DSC_0086-1024x683.jpg\" alt=\"Der K\u00f6lner Dom ist vom Poller Rheinufer aus im Bildhintergrund hinter der lindgr\u00fcnen Severinsbr\u00fccke zu sehen. Vorne rechts ist eine Reihe winterlich kahler, aber r\u00f6tlich scheinender Linden, die eine Allee auf dem Rheindamm bilden.\" width=\"346\" height=\"231\" srcset=\"https:\/\/www.friedenkoeln.de\/wp-content\/uploads\/2018\/01\/DSC_0086-1024x683.jpg 1024w, https:\/\/www.friedenkoeln.de\/wp-content\/uploads\/2018\/01\/DSC_0086-768x512.jpg 768w\" sizes=\"auto, (max-width: 346px) 100vw, 346px\" \/><\/a><p id=\"caption-attachment-11704\" class=\"wp-caption-text\">K\u00f6lner Dom. Januar 2018. Foto: Stefanie Intveen<\/p><\/div>\n<p>Seit 1977 veranstaltet die Katholische Milit\u00e4rseelsorge jedes Jahr zum Weltfriedenstag der Katholischen Kirche einen internationalen Soldatengottesdienst und l\u00e4dt dazu den jeweils amtierenden K\u00f6lner Erzbischof als Zelebrant ein. Im Anschluss an den Gottesdienst finden hochrangige Gespr\u00e4che zwischen politischen, milit\u00e4rischen und kirchlichen F\u00fchrungspersonen statt. In den vergangenen Jahren beinhalteten die Predigten des jeweiligen Erzbischofs einen Passus, mit dem milit\u00e4rische Gewalt \u2013 nat\u00fcrlich im Ausnahmefall und als letztes Mittel (\u201eultima ratio\u201c) \u2013 gerechtfertigt wurde. Das war sogar 2017 der Fall, obwohl Papst Franziskus gerade eine eindeutig pazifistische Botschaft zum Weltfriedenstag verk\u00fcndet hatte: \u201eGewaltfreiheit \u2013 Stil einer Politik f\u00fcr den Frieden\u201c.<\/p>\n<div id=\"attachment_11705\" style=\"width: 237px\" class=\"wp-caption alignleft\"><a href=\"http:\/\/www.friedenkoeln.de\/wp-content\/uploads\/2018\/01\/2018-01-11-12.03.57-e1516485785710.jpg\" data-rel=\"lightbox-image-1\" data-rl_title=\"\" data-rl_caption=\"\" title=\"\"><img loading=\"lazy\" decoding=\"async\" aria-describedby=\"caption-attachment-11705\" class=\" wp-image-11705\" src=\"http:\/\/www.friedenkoeln.de\/wp-content\/uploads\/2018\/01\/2018-01-11-12.03.57-e1516485785710-683x1024.jpg\" alt=\"Ein Mann im dunklen Mantel tr\u00e4gt ein Schild im W\u00fcsten-Design der Bundeswehrwerbung mit der Aufschrift &quot;Jetzt wieder werben f\u00fcrs Sterben!&quot;. Neben ihm geht ein bewaffneter Moses mit wei\u00dfem Rauschebart und einer umgeh\u00e4ngten &quot;Steintafel&quot; mit dem 5. Gebot &quot;Du sollst nicht t\u00f6ten!&quot;\" width=\"227\" height=\"340\" srcset=\"https:\/\/www.friedenkoeln.de\/wp-content\/uploads\/2018\/01\/2018-01-11-12.03.57-e1516485785710-683x1024.jpg 683w, https:\/\/www.friedenkoeln.de\/wp-content\/uploads\/2018\/01\/2018-01-11-12.03.57-e1516485785710-768x1152.jpg 768w\" sizes=\"auto, (max-width: 227px) 100vw, 227px\" \/><\/a><p id=\"caption-attachment-11705\" class=\"wp-caption-text\">Protest gegen Soldatengottesdienst im K\u00f6lner Dom am 11.1.2018. Foto: Stefanie Intveen<\/p><\/div>\n<p>Wie in den Vorjahren protestierten Friedensgruppen am diesj\u00e4hrigen 11. Januar vor dem K\u00f6lner Dom mit Liedern, Transparenten und Stra\u00dfentheater. Sie kritisierten, dass die zentrale Veranstaltung anl\u00e4sslich des Weltfriedenstags ausgerechnet ein Soldatengottesdienst sei. Die pazifistische katholische Organisation Pax Christi und andere Organisationen im Erzbistum K\u00f6ln hatten sogar zu einem \u201ezivilen\u201c Friedensgottesdienst am folgenden Tag eingeladen, den Kardinal Woelki erstmalig mit einem freundlichen Gru\u00dfwort unterst\u00fctzte.<\/p>\n<p>Das Antimilitaristische Aktionsb\u00fcndnis K\u00f6ln kritisierte, der Soldatengottesdienst trage dazu bei, \u201eder Bundeswehr und dem Militarismus in der \u00d6ffentlichkeit Raum zu geben und somit zunehmende Kriegshandlungen als unumg\u00e4nglich, ja als Normalzustand, zu betrachten.\u201c Das B\u00fcndnis weiter: \u201eWer dennoch Soldaten als Ausf\u00fchrende dieser Politik segnet, erleichtert ihr Gewissen und sorgt daf\u00fcr, dass Kriege weiterhin gerechtfertigt werden, statt zu friedlicher Konfliktl\u00f6sung und Sicherheit durch Entspannungspolitik zu mahnen. Krieg darf nicht zur Normalit\u00e4t werden.\u201c<\/p>\n<p>Diesmal sagte Kardinal Woelki in seiner Predigt aber nicht das, was alle protestierenden Friedensbewegten drau\u00dfen bef\u00fcrchtet und worauf vielleicht manche der F\u00fchrungspers\u00f6nlichkeiten im K\u00f6lner Dom gez\u00e4hlt hatten. Er erleichterte nicht das Gewissen der Soldatinnen und Soldaten und rechtfertigte mit keiner Silbe den Einsatz milit\u00e4rischer Gewalt.<\/p>\n<p>Im Gegenteil: er legte in seiner Predigt nahe, Befehlsverweigerung sei mitunter notwendig, um Menschenleben und Menschenw\u00fcrde zu sch\u00fctzen. Mit Bezug auf den Text des Evangeliums erkl\u00e4rte er, die Heiligen Drei K\u00f6nige h\u00e4tten sich Herodes\u2019 Anweisungen widersetzt und damit der Heiligen Familie mit dem neugeborenen Jesus die Zeit verschafft, die sie gebraucht h\u00e4tten, um vor Herodes nach \u00c4gypten fl\u00fcchten zu k\u00f6nnen. Die drei Weisen h\u00e4tten verstanden, in welcher Gefahr die junge Familie schwebte, da Herodes aus Gr\u00fcnden der Machterhaltung plante, alle neugeborenen Jungen in Bethlehem umbringen zu lassen.<\/p>\n<\/div>\n<\/div>\n<\/div>\n<div class=\"page\" title=\"Page 2\">\n<div class=\"layoutArea\">\n<div class=\"column\">\n<div id=\"attachment_11708\" style=\"width: 238px\" class=\"wp-caption alignright\"><a href=\"http:\/\/www.friedenkoeln.de\/wp-content\/uploads\/2018\/01\/2018-01-11-12.06.23.jpg\" data-rel=\"lightbox-image-2\" data-rl_title=\"\" data-rl_caption=\"\" title=\"\"><img loading=\"lazy\" decoding=\"async\" aria-describedby=\"caption-attachment-11708\" class=\"wp-image-11708 \" src=\"http:\/\/www.friedenkoeln.de\/wp-content\/uploads\/2018\/01\/2018-01-11-12.06.23-e1516486939499-683x1024.jpg\" alt=\"\" width=\"228\" height=\"342\" srcset=\"https:\/\/www.friedenkoeln.de\/wp-content\/uploads\/2018\/01\/2018-01-11-12.06.23-e1516486939499-683x1024.jpg 683w, https:\/\/www.friedenkoeln.de\/wp-content\/uploads\/2018\/01\/2018-01-11-12.06.23-e1516486939499-768x1152.jpg 768w\" sizes=\"auto, (max-width: 228px) 100vw, 228px\" \/><\/a><p id=\"caption-attachment-11708\" class=\"wp-caption-text\">Soldatengottesdienst am 11.1.2018 in K\u00f6ln. Michael S\u00fcnner diskutiert mit einem Bundeswehrsoldaten. Foto: Stefanie Intveen<\/p><\/div>\n<p>Der Kardinal lie\u00df keinen Zweifel daran, dass die biblischen Texte eine sehr konkrete Bedeutung f\u00fcr die heutige Zeit haben, und zog Parallelen zwischen dem biblischen Bericht \u00fcber den Kindermord von Bethlehem und den von Verfolgung, Terror und Gewalt bedrohten Kindern in Aleppo, im Nordirak und im Jemen. Die drei K\u00f6nige oder Weisen seien in der Lage gewesen, \u00fcber den Tellerrand ihres Lebens hinauszublicken: \u201eSie waren (&#8230;) Fluchthelfer! H\u00e4tten sie sich n\u00e4mlich der Anweisung des Herodes gebeugt, es g\u00e4be weder das Christentum, noch die Kirche.\u201c<\/p>\n<p>Damit nahm Kardinal Woelki auf einem festen Fundament christlicher und humanistischer Ethik unmissverst\u00e4ndlich Stellung zu zwei politisch brisanten und hochaktuellen Fragen: Fluchthilfe muss geleistet werden, und wer die Kraft dazu aufbringen kann, muss dazu auch Befehle verweigern.<\/p>\n<p>Soldaten und Soldatinnen der Bundeswehr, welche der Bundestag in Kriegen, B\u00fcrgerkriegen und Flucht- und Migrationszonen einsetzt, k\u00f6nnen ihr pers\u00f6nliches Verhalten in konkreten Entscheidungssituationen an diesen ethischen Handlungsleitlinien messen und ihr grundgesetzliches Recht auf Befehlsverweigerung aus Gewissensgr\u00fcnden wahrnehmen, wenn es ihnen geboten erscheint. Den Segen von Kardinal Woelki h\u00e4tten sie daf\u00fcr.<\/p>\n<p>======<\/p>\n<p>Quelle:<br \/>\nKardinal Woelki: Predigt im Internationalen Soldatengottesdienst am 11.1.2018, <a href=\"https:\/\/www.domradio.de\/video\/kardinal-woelki-beim-internationalen-soldatengottesdienst\">Videomitschnitt des Domradio<\/a><\/p>\n<p>======<\/p>\n<p>Eine pers\u00f6nliche Schilderung des Gottesdienstes mit weiteren Zitaten von \u00a0Kardinal Woelki findet sich <a href=\"http:\/\/www.friedenkoeln.de\/wp-content\/uploads\/2018\/01\/Stefanie-Intveen_Kardinal-Woelki_keine-Absolution-f\u00fcr-Bundeswehr_SDG-2018.pdf\">hier<\/a>.<\/p>\n<\/div>\n<\/div>\n<\/div>\n","protected":false},"excerpt":{"rendered":"<p>Kardinal Woelki legte im Internationalen Soldatengottesdienst in K\u00f6ln nahe, Fluchthilfe sei notfalls auch unter Befehlsverweigerung zu leisten, um Menschenleben und Menschenw\u00fcrde zu sch\u00fctzen. Anders als in den Vorjahren rechtfertigte er den Einsatz milit\u00e4rischer Gewalt&#46;&#46;&#46;<\/p>\n","protected":false},"author":110,"featured_media":0,"comment_status":"open","ping_status":"open","sticky":false,"template":"","format":"standard","meta":{"footnotes":""},"categories":[106,105],"tags":[48,59,73,64,4],"class_list":["post-11701","post","type-post","status-publish","format-standard","hentry","category-analyse","category-bericht","tag-bundeswehr","tag-kirche","tag-vereinte-nationen","tag-zivilcourage","tag-zivile-konfliktloesung"],"_links":{"self":[{"href":"https:\/\/www.friedenkoeln.de\/index.php?rest_route=\/wp\/v2\/posts\/11701","targetHints":{"allow":["GET"]}}],"collection":[{"href":"https:\/\/www.friedenkoeln.de\/index.php?rest_route=\/wp\/v2\/posts"}],"about":[{"href":"https:\/\/www.friedenkoeln.de\/index.php?rest_route=\/wp\/v2\/types\/post"}],"author":[{"embeddable":true,"href":"https:\/\/www.friedenkoeln.de\/index.php?rest_route=\/wp\/v2\/users\/110"}],"replies":[{"embeddable":true,"href":"https:\/\/www.friedenkoeln.de\/index.php?rest_route=%2Fwp%2Fv2%2Fcomments&post=11701"}],"version-history":[{"count":7,"href":"https:\/\/www.friedenkoeln.de\/index.php?rest_route=\/wp\/v2\/posts\/11701\/revisions"}],"predecessor-version":[{"id":11715,"href":"https:\/\/www.friedenkoeln.de\/index.php?rest_route=\/wp\/v2\/posts\/11701\/revisions\/11715"}],"wp:attachment":[{"href":"https:\/\/www.friedenkoeln.de\/index.php?rest_route=%2Fwp%2Fv2%2Fmedia&parent=11701"}],"wp:term":[{"taxonomy":"category","embeddable":true,"href":"https:\/\/www.friedenkoeln.de\/index.php?rest_route=%2Fwp%2Fv2%2Fcategories&post=11701"},{"taxonomy":"post_tag","embeddable":true,"href":"https:\/\/www.friedenkoeln.de\/index.php?rest_route=%2Fwp%2Fv2%2Ftags&post=11701"}],"curies":[{"name":"wp","href":"https:\/\/api.w.org\/{rel}","templated":true}]}}