{"id":11771,"date":"2018-02-22T18:30:14","date_gmt":"2018-02-22T16:30:14","guid":{"rendered":"http:\/\/www.friedenkoeln.de\/?p=11771"},"modified":"2018-02-22T18:30:14","modified_gmt":"2018-02-22T16:30:14","slug":"kooperation-fuer-den-frieden-angriff-auf-afrin-ist-voelkerrechtswidrig-ruestungsexporte-in-die-tuerkei-stoppen","status":"publish","type":"post","link":"https:\/\/www.friedenkoeln.de\/?p=11771","title":{"rendered":"Kooperation f\u00fcr den Frieden: Angriff auf Afrin ist v\u00f6lkerrechtswidrig &#8211; R\u00fcstungsexporte in die T\u00fcrkei stoppen"},"content":{"rendered":"<p>Wir ver\u00f6ffentlichen im Folgenden die Erkl\u00e4rung der Kooperation f\u00fcr den Frieden vom 30.1.2018, die leider immer noch aktuell ist:<\/p>\n<blockquote><p>Die Kooperation f\u00fcr den Frieden fordert die Bundesregierung auf, den v\u00f6lkerrechtswidrigen Krieg gegen die Kurd*innen in Afrin, bei dem deutsche Panzer eingesetzt werden, zu verurteilen sowie alle diplomatischen Mittel einzusetzen, damit die T\u00fcrkei den Angriff einstellt. Des Weiteren ruft die Kooperation f\u00fcr den Frieden die Bundesregierung sowie die Verhandler*innen bei den Koalitionsgespr\u00e4chen auf, den Export von R\u00fcstungsg\u00fctern endlich zu beschr\u00e4nken und letztendlich durch ein rigoroses R\u00fcstungsexportkontrollgesetz komplett einzustellen.<\/p>\n<div id=\"attachment_11773\" style=\"width: 459px\" class=\"wp-caption alignright\"><a href=\"http:\/\/www.friedenkoeln.de\/wp-content\/uploads\/2018\/02\/fullsizeoutput_91c.jpeg\" data-rel=\"lightbox-image-0\" data-rl_title=\"\" data-rl_caption=\"\" title=\"\"><img loading=\"lazy\" decoding=\"async\" aria-describedby=\"caption-attachment-11773\" class=\" wp-image-11773\" src=\"http:\/\/www.friedenkoeln.de\/wp-content\/uploads\/2018\/02\/fullsizeoutput_91c-1024x625.jpeg\" alt=\"Zwei auf eine Wand gemalte olivgr\u00fcne Panzer richten ihre Kanonen aufeinander. Dar\u00fcber steht in roter Schrift: &quot;War is not the answer!&quot;\" width=\"449\" height=\"274\" srcset=\"https:\/\/www.friedenkoeln.de\/wp-content\/uploads\/2018\/02\/fullsizeoutput_91c-1024x625.jpeg 1024w, https:\/\/www.friedenkoeln.de\/wp-content\/uploads\/2018\/02\/fullsizeoutput_91c-768x469.jpeg 768w, https:\/\/www.friedenkoeln.de\/wp-content\/uploads\/2018\/02\/fullsizeoutput_91c-80x50.jpeg 80w\" sizes=\"auto, (max-width: 449px) 100vw, 449px\" \/><\/a><p id=\"caption-attachment-11773\" class=\"wp-caption-text\">&#8222;War is not the answer!&#8220; Graffito in K\u00f6ln, vermutlich aus 2003. Foto (Ausschnitt): privat.<\/p><\/div>\n<p>Der t\u00fcrkische Angriff auf Afrin \/ Nordsyrien mit deutschen Leopard-Panzern macht einmal mehr deutlich, dass Waffenexporte ein t\u00f6dlicher Irrweg sind und niemals ausgeschlossen werden kann, dass exportierte Waffen nicht doch f\u00fcr Angriffskriege eingesetzt werden oder in falsche H\u00e4nde geraten. Die nun von der T\u00fcrkei zum Angriff auf Afrin eingesetzten Leopard-Panzer 2A4 werden seit 2005 geliefert, obwohl es schon damals Belege daf\u00fcr gab, dass die T\u00fcrkei deutsche Waffen gegen die Kurden im eigenen Land einsetzte. So zum Beispiel die in den 1990er Jahren exportierten Sch\u00fctzenpanzer aus NVA-Best\u00e4nden.<\/p>\n<p>Dies verdeutlicht: Deutschland macht sich durch seine Waffenexporte zum Mitt\u00e4ter und tr\u00e4gt eine Mitschuld an Tod und Leid weltweit. Auch im Jemenkrieg kommt deutsche Waffentechnik zum Einsatz. Bei erfolgreichen Koalitionsgespr\u00e4chen muss die SPD zeigen, dass ihre Forderung nach einer Einschr\u00e4nkung der R\u00fcstungsexporte mehr ist als ein blo\u00dfes Lippenbekenntnis. Der Beschluss aus den Sondierungsgespr\u00e4chen, keine Waffen mehr an beteiligte Staaten im Jemenkonflikt zu liefern, war ein erster Schritt, der als Grundlage f\u00fcr weitere Einschr\u00e4nkungen dienen muss.<\/p>\n<p>Die Kooperation f\u00fcr den Frieden ruft Organisationen, Gruppen und Aktive der Friedensbewegung dazu auf, sich an Protestaktion zu beteiligen, sich solidarisch mit den Menschen in Afrin zu zeigen und auf die Bundesregierung Druck auszu\u00fcben, damit diese sich f\u00fcr ein Ende des t\u00fcrkischen Milit\u00e4reinsatzes einsetzt und R\u00fcstungsexporte, insbesondere an die T\u00fcrkei und andere Konfliktparteien, einstellt.<\/p>\n<p>Die Sprecher*innen der Kooperation f\u00fcr den Frieden<\/p>\n<p>Philipp Ingenleuf, Netzwerk Friedenskooperative<br \/>\nWiltrud R\u00f6sch-Metzler, pax christi<br \/>\nJens-Peter Steffen, IPPNW<br \/>\n30.01.2018<\/p><\/blockquote>\n<p><a href=\"http:\/\/www.friedenkoeln.de\/wp-content\/uploads\/2018\/02\/LOGO-Aufschrei-Waffenhandel_MAIL.jpg\" data-rel=\"lightbox-image-1\" data-rl_title=\"\" data-rl_caption=\"\" title=\"\"><img loading=\"lazy\" decoding=\"async\" class=\"size-full wp-image-11760 alignleft\" src=\"http:\/\/www.friedenkoeln.de\/wp-content\/uploads\/2018\/02\/LOGO-Aufschrei-Waffenhandel_MAIL.jpg\" alt=\"\" width=\"282\" height=\"78\" \/><\/a>Aktionen zum Mitmachen gegen die deutschen R\u00fcstungsexporte, insbesondere an Kriegsparteien finden sich bei unserer\u00a0<a href=\"http:\/\/www.aufschrei-waffenhandel.de\/mitmachen\/aktuelle-aktionen\/\">Aktion Aufschrei &#8211; Stoppt den Waffenhandel!<\/a><\/p>\n","protected":false},"excerpt":{"rendered":"<p>Wir ver\u00f6ffentlichen im Folgenden die Erkl\u00e4rung der Kooperation f\u00fcr den Frieden vom 30.1.2018, die leider immer noch aktuell ist: Die Kooperation f\u00fcr den Frieden fordert die Bundesregierung auf, den v\u00f6lkerrechtswidrigen Krieg gegen die Kurd*innen&#46;&#46;&#46;<\/p>\n","protected":false},"author":110,"featured_media":0,"comment_status":"open","ping_status":"open","sticky":false,"template":"","format":"standard","meta":{"footnotes":""},"categories":[2,87],"tags":[68,37,91,71],"class_list":["post-11771","post","type-post","status-publish","format-standard","hentry","category-aktionen","category-pressemitteilung","tag-bundesregierung","tag-ruestungsexporte","tag-voelkerrecht","tag-waffenhandel"],"_links":{"self":[{"href":"https:\/\/www.friedenkoeln.de\/index.php?rest_route=\/wp\/v2\/posts\/11771","targetHints":{"allow":["GET"]}}],"collection":[{"href":"https:\/\/www.friedenkoeln.de\/index.php?rest_route=\/wp\/v2\/posts"}],"about":[{"href":"https:\/\/www.friedenkoeln.de\/index.php?rest_route=\/wp\/v2\/types\/post"}],"author":[{"embeddable":true,"href":"https:\/\/www.friedenkoeln.de\/index.php?rest_route=\/wp\/v2\/users\/110"}],"replies":[{"embeddable":true,"href":"https:\/\/www.friedenkoeln.de\/index.php?rest_route=%2Fwp%2Fv2%2Fcomments&post=11771"}],"version-history":[{"count":1,"href":"https:\/\/www.friedenkoeln.de\/index.php?rest_route=\/wp\/v2\/posts\/11771\/revisions"}],"predecessor-version":[{"id":11774,"href":"https:\/\/www.friedenkoeln.de\/index.php?rest_route=\/wp\/v2\/posts\/11771\/revisions\/11774"}],"wp:attachment":[{"href":"https:\/\/www.friedenkoeln.de\/index.php?rest_route=%2Fwp%2Fv2%2Fmedia&parent=11771"}],"wp:term":[{"taxonomy":"category","embeddable":true,"href":"https:\/\/www.friedenkoeln.de\/index.php?rest_route=%2Fwp%2Fv2%2Fcategories&post=11771"},{"taxonomy":"post_tag","embeddable":true,"href":"https:\/\/www.friedenkoeln.de\/index.php?rest_route=%2Fwp%2Fv2%2Ftags&post=11771"}],"curies":[{"name":"wp","href":"https:\/\/api.w.org\/{rel}","templated":true}]}}