{"id":11807,"date":"2018-03-13T19:32:04","date_gmt":"2018-03-13T17:32:04","guid":{"rendered":"http:\/\/www.friedenkoeln.de\/?p=11807"},"modified":"2018-03-13T19:32:04","modified_gmt":"2018-03-13T17:32:04","slug":"koeln-gegen-den-krieg-in-afrin-keine-unterstuetzung-fuer-erdogans-krieg","status":"publish","type":"post","link":"https:\/\/www.friedenkoeln.de\/?p=11807","title":{"rendered":"K\u00f6ln gegen den Krieg in Afrin &#8211; Keine Unterst\u00fctzung f\u00fcr Erdogans Krieg"},"content":{"rendered":"<div id=\"attachment_11786\" style=\"width: 175px\" class=\"wp-caption alignleft\"><img loading=\"lazy\" decoding=\"async\" aria-describedby=\"caption-attachment-11786\" class=\" wp-image-11786\" src=\"http:\/\/www.friedenkoeln.de\/wp-content\/uploads\/2018\/02\/fullsizeoutput_920-500x500.jpeg\" alt=\"Auf gr\u00fcnem Hintergrund, der mit wei\u00dfen Handabdr\u00fccken bedeckt ist, sieht man in einer Art blauer Wolke zwei r\u00f6tlich gef\u00e4rbte H\u00e4nde, die sich fast ber\u00fchren, als wollten sich zwei Menschen gerade die Hand geben. Darunter steht &quot;Hand in Hand for Peace&quot;.\" width=\"165\" height=\"165\" srcset=\"https:\/\/www.friedenkoeln.de\/wp-content\/uploads\/2018\/02\/fullsizeoutput_920-500x500.jpeg 500w, https:\/\/www.friedenkoeln.de\/wp-content\/uploads\/2018\/02\/fullsizeoutput_920-150x150.jpeg 150w, https:\/\/www.friedenkoeln.de\/wp-content\/uploads\/2018\/02\/fullsizeoutput_920-120x120.jpeg 120w\" sizes=\"auto, (max-width: 165px) 100vw, 165px\" \/><p id=\"caption-attachment-11786\" class=\"wp-caption-text\">&#8222;Hand in Hand for Peace&#8220;. Graffito in K\u00f6ln, vermutlich aus 2003. Foto: privat.<\/p><\/div>\n<p>Die DFG-VK Gruppe K\u00f6ln unterst\u00fctzt den Aufruf des Plenum \u201cFrieden und Freiheit f\u00fcr die T\u00fcrkei und Kurdistan\u201d, das aus Friedens-, Menschenrechtsgruppen und Einzelpersonen besteht, zur <strong>Demonstration\u00a0am 21. M\u00e4rz 2018 um 17:00 Uhr vom Rudolfplatz zum Alter Markt in K\u00f6ln<\/strong>. Das Plenum fordert die Bundesregierung auf, sich f\u00fcr den sofortigen Stopp des Angriffs der T\u00fcrkei<br \/>\nin Afrin \/ Nordsyrien einzusetzen und umgehend die deutschen R\u00fcstungsexporte an die T\u00fcrkei &#8211; einschlie\u00dflich der sog.<\/p>\n<p>Modernisierung der Leopard 2-Panzer durch Rheinmetall &#8211; zu beenden. Es verlangt weiterhin von Deutschland und der EU,<\/p>\n<blockquote><p>sich konsequent gegen eine weitere Gewalteskalation und f\u00fcr Rechtsstaatlichkeit, Menschenrechte sowie die Ahndung und Aufarbeitung von Straftaten gegen das V\u00f6lkerrecht in der Region einzusetzen.<\/p><\/blockquote>\n<p>Der vollst\u00e4ndige Wortlaut des Aufrufs ist <a href=\"http:\/\/www.friedenkoeln.de\/wp-content\/uploads\/2018\/03\/Aufruf-K\u00f6ln-gegen-den-Krieg-in-Afrin.pdf\">hier<\/a>.<\/p>\n","protected":false},"excerpt":{"rendered":"<p>Die DFG-VK Gruppe K\u00f6ln unterst\u00fctzt den Aufruf des Plenum \u201cFrieden und Freiheit f\u00fcr die T\u00fcrkei und Kurdistan\u201d, das aus Friedens-, Menschenrechtsgruppen und Einzelpersonen besteht, zur Demonstration\u00a0am 21. M\u00e4rz 2018 um 17:00 Uhr vom Rudolfplatz&#46;&#46;&#46;<\/p>\n","protected":false},"author":110,"featured_media":0,"comment_status":"open","ping_status":"open","sticky":false,"template":"","format":"standard","meta":{"footnotes":""},"categories":[2],"tags":[68,74,37,91,4],"class_list":["post-11807","post","type-post","status-publish","format-standard","hentry","category-aktionen","tag-bundesregierung","tag-eu","tag-ruestungsexporte","tag-voelkerrecht","tag-zivile-konfliktloesung"],"_links":{"self":[{"href":"https:\/\/www.friedenkoeln.de\/index.php?rest_route=\/wp\/v2\/posts\/11807","targetHints":{"allow":["GET"]}}],"collection":[{"href":"https:\/\/www.friedenkoeln.de\/index.php?rest_route=\/wp\/v2\/posts"}],"about":[{"href":"https:\/\/www.friedenkoeln.de\/index.php?rest_route=\/wp\/v2\/types\/post"}],"author":[{"embeddable":true,"href":"https:\/\/www.friedenkoeln.de\/index.php?rest_route=\/wp\/v2\/users\/110"}],"replies":[{"embeddable":true,"href":"https:\/\/www.friedenkoeln.de\/index.php?rest_route=%2Fwp%2Fv2%2Fcomments&post=11807"}],"version-history":[{"count":3,"href":"https:\/\/www.friedenkoeln.de\/index.php?rest_route=\/wp\/v2\/posts\/11807\/revisions"}],"predecessor-version":[{"id":11811,"href":"https:\/\/www.friedenkoeln.de\/index.php?rest_route=\/wp\/v2\/posts\/11807\/revisions\/11811"}],"wp:attachment":[{"href":"https:\/\/www.friedenkoeln.de\/index.php?rest_route=%2Fwp%2Fv2%2Fmedia&parent=11807"}],"wp:term":[{"taxonomy":"category","embeddable":true,"href":"https:\/\/www.friedenkoeln.de\/index.php?rest_route=%2Fwp%2Fv2%2Fcategories&post=11807"},{"taxonomy":"post_tag","embeddable":true,"href":"https:\/\/www.friedenkoeln.de\/index.php?rest_route=%2Fwp%2Fv2%2Ftags&post=11807"}],"curies":[{"name":"wp","href":"https:\/\/api.w.org\/{rel}","templated":true}]}}