{"id":11812,"date":"2018-03-15T07:00:07","date_gmt":"2018-03-15T05:00:07","guid":{"rendered":"http:\/\/www.friedenkoeln.de\/?p=11812"},"modified":"2018-03-15T01:24:23","modified_gmt":"2018-03-14T23:24:23","slug":"wissenschaftlicher-dienst-des-deutschen-bundestags-zur-tuerkei-berufung-auf-selbstverteidigungsrecht-auf-toenernen-fuessen","status":"publish","type":"post","link":"https:\/\/www.friedenkoeln.de\/?p=11812","title":{"rendered":"Wissenschaftlicher Dienst des Deutschen Bundestags zur T\u00fcrkei: Berufung auf Selbstverteidigungsrecht auf t\u00f6nernen F\u00fc\u00dfen"},"content":{"rendered":"<p><em>Von Stefanie Intveen.<\/em> Die T\u00fcrkei beruft sich bei ihren Angriff auf die kurdische YPG in Nordsyrien auf das Selbstverteidigungsrecht gem\u00e4\u00df Artikel 51 der Charta der Vereinten Nationen. Diese Argumentation steht nach Auffassung des Wissenschaftlichen Dienstes des Deutschen Bundestages, der am 7. M\u00e4rz 2018 eine\u00a0<a href=\"http:\/\/www.friedenkoeln.de\/wp-content\/uploads\/2018\/03\/Wiss-Dienst-Dt-Bundestag_Selbstverteidigungsrecht-T\u00fcrkeit_Afrin_20180307_wd-2-023-18-pdf-data.pdf\">v\u00f6lkerrechtliche Bewertung<\/a> dazu abgegeben hat, auf &#8222;ausgesprochen &#8218;t\u00f6nernen&#8216; F\u00fc\u00dfen&#8220;. Zweifel bestehen demnach sowohl am Vorliegen einer &#8222;Selbstverteidigungslage&#8220; als auch an der Verh\u00e4ltnism\u00e4\u00dfigkeit des Vorgehens der t\u00fcrkischen Armee.<\/p>\n<p>Die Analyse schlie\u00dft mit Empfehlungen an die Politik:<\/p>\n<blockquote><p>Den NATO-B\u00fcndnispartnern w\u00fcrde es nun obliegen, das NATO-Mitglied T\u00fcrkei z.B. im Rahmen von <strong>NATO-Konsultationen nach Art. 4 NATO-Vertrag<\/strong> aufzufordern, triftige <strong>Beweise f\u00fcr das Vorliegen einer Selbstverteidigungslage nach Art. 51 VN-Charta<\/strong> beizubringen und von einer <strong>Weiterverfolgung der milit\u00e4rstrategischen Ziele <\/strong>in Nordsyrien<strong> Abstand<\/strong> zu nehmen. In diesem Zusammenhang k\u00f6nnte die T\u00fcrkei an ihre <strong>Verpflichtung aus Art. 1 NATO-Vertrag<\/strong> erinnert werden, sich in ihren internationalen Beziehungen jeder Gewaltanwendung zu enthalten, die mit den Zielen der Vereinten Nationen nicht vereinbar sind.<\/p><\/blockquote>\n<p>Die Verantwortung der Bundesregierung und der Mitglieder des Deutschen Bundestages ist hiermit klar beschrieben. \u00a0Friedensgruppen k\u00f6nnen sich jetzt darauf berufen und von der Bundesregierung verlangen, sich f\u00fcr die Umsetzung wenigstens dieser Empfehlungen einzusetzen.<\/p>\n","protected":false},"excerpt":{"rendered":"<p>Von Stefanie Intveen. Die T\u00fcrkei beruft sich bei ihren Angriff auf die kurdische YPG in Nordsyrien auf das Selbstverteidigungsrecht gem\u00e4\u00df Artikel 51 der Charta der Vereinten Nationen. Diese Argumentation steht nach Auffassung des Wissenschaftlichen&#46;&#46;&#46;<\/p>\n","protected":false},"author":110,"featured_media":0,"comment_status":"open","ping_status":"open","sticky":false,"template":"","format":"standard","meta":{"footnotes":""},"categories":[2],"tags":[68,49,92,85,73,91],"class_list":["post-11812","post","type-post","status-publish","format-standard","hentry","category-aktionen","tag-bundesregierung","tag-bundestag","tag-interventionismus","tag-kriegsverbrechen","tag-vereinte-nationen","tag-voelkerrecht"],"_links":{"self":[{"href":"https:\/\/www.friedenkoeln.de\/index.php?rest_route=\/wp\/v2\/posts\/11812","targetHints":{"allow":["GET"]}}],"collection":[{"href":"https:\/\/www.friedenkoeln.de\/index.php?rest_route=\/wp\/v2\/posts"}],"about":[{"href":"https:\/\/www.friedenkoeln.de\/index.php?rest_route=\/wp\/v2\/types\/post"}],"author":[{"embeddable":true,"href":"https:\/\/www.friedenkoeln.de\/index.php?rest_route=\/wp\/v2\/users\/110"}],"replies":[{"embeddable":true,"href":"https:\/\/www.friedenkoeln.de\/index.php?rest_route=%2Fwp%2Fv2%2Fcomments&post=11812"}],"version-history":[{"count":4,"href":"https:\/\/www.friedenkoeln.de\/index.php?rest_route=\/wp\/v2\/posts\/11812\/revisions"}],"predecessor-version":[{"id":11819,"href":"https:\/\/www.friedenkoeln.de\/index.php?rest_route=\/wp\/v2\/posts\/11812\/revisions\/11819"}],"wp:attachment":[{"href":"https:\/\/www.friedenkoeln.de\/index.php?rest_route=%2Fwp%2Fv2%2Fmedia&parent=11812"}],"wp:term":[{"taxonomy":"category","embeddable":true,"href":"https:\/\/www.friedenkoeln.de\/index.php?rest_route=%2Fwp%2Fv2%2Fcategories&post=11812"},{"taxonomy":"post_tag","embeddable":true,"href":"https:\/\/www.friedenkoeln.de\/index.php?rest_route=%2Fwp%2Fv2%2Ftags&post=11812"}],"curies":[{"name":"wp","href":"https:\/\/api.w.org\/{rel}","templated":true}]}}