{"id":11820,"date":"2018-03-16T19:14:57","date_gmt":"2018-03-16T17:14:57","guid":{"rendered":"http:\/\/www.friedenkoeln.de\/?p=11820"},"modified":"2018-03-16T19:14:57","modified_gmt":"2018-03-16T17:14:57","slug":"juergen-graesslin-stoppt-das-profitable-geschaeft-mit-dem-waffenhandel","status":"publish","type":"post","link":"https:\/\/www.friedenkoeln.de\/?p=11820","title":{"rendered":"J\u00fcrgen Gr\u00e4sslin: Stoppt das profitable Gesch\u00e4ft mit dem Waffenhandel!"},"content":{"rendered":"<div class=\"page\" title=\"Page 1\">\n<div class=\"layoutArea\">\n<div class=\"column\">\n<p>Wir freuen uns, dass J\u00fcrgen Gr\u00e4sslin, der\u00a0Sprecher der Kampagne \u00bbAktion Aufschrei \u2013 Stoppt den Waffenhandel!\u00ab und Bundessprecher der Deutschen Friedensgesellschaft \u2013 Vereinigte KriegsdienstgegnerInnen (DFG-VK), zu einem h\u00f6chst aktuellen Vortrag nach K\u00f6ln kommt und laden herzlich ein!<\/p>\n<p style=\"text-align: center;\"><strong>Stoppt das profitable Gesch\u00e4ft\u00a0mit dem Waffenhandel!\u00a0Wie skrupellose Waffenh\u00e4ndler, Politiker,\u00a0R\u00fcstungsmanager und Banker Geld mit Kriegen\u00a0verdienen \u2013\u00a0und wie wir dem weltweiten Waffenhandel erfolgreich entgegentreten<\/strong><\/p>\n<p style=\"text-align: center;\"><strong>Vortrag und Diskussion mit J\u00fcrgen Gr\u00e4sslin,<\/strong><br \/>\n<strong> Autor von \u00bbNetzwerk des Todes\u00ab u. \u00bbSchwarzbuch Waffenhandel!\u00ab<\/strong><\/p>\n<p style=\"text-align: center;\"><strong>Freitag, den 13. April 2018, um 19:30 Uhr<\/strong><br \/>\n<strong> im Kleinen Saal des B\u00fcrgerzentrums Ehrenfeld, Venloer Str. 429<\/strong><\/p>\n<p>Zurzeit toben weltweit mehr als 30 Kriege und bewaffnete Auseinandersetzungen. Von Kriegen und B\u00fcrgerkriegen profitierten allen voran die R\u00fcstungsproduzenten und -exporteure in den USA, Russland, China, Frankreich und Deutschland. Das schwedische Friedensforschungsinstitut SIPRI dokumentiert die weltweite Steigerung des R\u00fcstungsexportvolumens von 2002 bis heute um mehr als 50 Prozent. Unterst\u00fctzt wird diese Entwicklung von Regierungen, die von Frieden reden und zugleich Kriege erm\u00f6glichen. Aktuell geht es um die Waffenlieferungen aus der BRD in die T\u00fcrkei mit v\u00f6lkerrechtswidrigem Einsatz in Afrin und der Region.<\/p>\n<p>J\u00fcrgen Gr\u00e4sslin bringt Licht ins Dunkel des weltweiten Waffenhandels und er beantwortet die zentralen Fragen:<\/p>\n<ul>\n<li>Wie werden Kriege durch Waffenhandel eingeheizt und verl\u00e4ngert?<\/li>\n<li>Wer profitiert vom Gesch\u00e4ft mit dem Tod?<\/li>\n<li>Was muss sich \u00e4ndern, damit Waffenexporte in Krisen- und Kriegsgebiete gestoppt werden?<\/li>\n<li>Wie k\u00f6nnen wir als Friedenskr\u00e4fte einen weltweiten Stopp des Waffenhandels bef\u00f6rdern?<\/li>\n<\/ul>\n<p>Zum Autor:<br \/>\nJ\u00fcrgen Gr\u00e4sslin ist unter anderem Sprecher der Kampagne \u00bbAktion Aufschrei \u2013 Stoppt den Waffenhandel!\u00ab und Bundessprecher der Deutschen Friedensgesellschaft \u2013 Vereinigte KriegsdienstgegnerInnen (DFG-VK) sowie Mitbegr\u00fcnder von \u00bbGLOBAL NET \u2013 STOP THE ARMS TRADE\u00ab. Er ist Autor zahlreicher kritischer Sachb\u00fccher \u00fcber R\u00fcstungsexporte sowie Milit\u00e4r- und Wirtschaftspolitik.<\/p>\n<p>Eine Veranstaltung vom K\u00f6lner Friedensforum, der DFG-VK K\u00f6ln, dem Friedensbildungswerk K\u00f6ln, der Friedensinitiative S\u00fclz-Klettenberg, der F\u00f6deration demokratischer Arbeitervereine (DIDF K\u00f6ln) und dem Arbeitskreis Zivilklausel an der Uni K\u00f6ln.<\/p>\n<\/div>\n<\/div>\n<div class=\"layoutArea\">\n<div class=\"column\">\n<p>V.i.S.d.P.: Michael S\u00fcnner, Wilhelm-Sollmann-Str. 16, 50737 K\u00f6ln.<\/p>\n<\/div>\n<p><a href=\"http:\/\/www.friedenkoeln.de\/wp-content\/uploads\/2018\/03\/Waffenhandel-VA-J\u00fcrgen-Gr\u00e4sslin_20180413-K\u00f6ln.pdf\">Flyer zum Download<\/a>.<a href=\"http:\/\/www.friedenkoeln.de\/wp-content\/uploads\/2017\/04\/KFF-Logo-2.jpg\" data-rel=\"lightbox-image-0\" data-rl_title=\"\" data-rl_caption=\"\" title=\"\"><img loading=\"lazy\" decoding=\"async\" class=\" wp-image-10634 alignright\" src=\"http:\/\/www.friedenkoeln.de\/wp-content\/uploads\/2017\/04\/KFF-Logo-2.jpg\" alt=\"Auf k\u00f6nigsblauem Grund ist in rot rechts das Peace-Zeichen und links der K\u00f6lner Dom skizziert.\" width=\"206\" height=\"232\" \/><\/a><\/p>\n<p>Spendenkonto:<\/p>\n<\/div>\n<div>F\u00f6rderverein K\u00f6lner Friedensforum e.V.<br \/>\nSPARDA Bank West<br \/>\nIBAN: DE09 3706 0590 0004 1572 30<br \/>\nBIC: GENODED\u00a0 1SPK<\/div>\n<div><\/div>\n<div>Spendenquittung kann hier angefordert werden: koelner-friedensforum@web.de.<\/div>\n<\/div>\n","protected":false},"excerpt":{"rendered":"<p>Wir freuen uns, dass J\u00fcrgen Gr\u00e4sslin, der\u00a0Sprecher der Kampagne \u00bbAktion Aufschrei \u2013 Stoppt den Waffenhandel!\u00ab und Bundessprecher der Deutschen Friedensgesellschaft \u2013 Vereinigte KriegsdienstgegnerInnen (DFG-VK), zu einem h\u00f6chst aktuellen Vortrag nach K\u00f6ln kommt und laden&#46;&#46;&#46;<\/p>\n","protected":false},"author":110,"featured_media":0,"comment_status":"open","ping_status":"open","sticky":false,"template":"","format":"standard","meta":{"footnotes":""},"categories":[2],"tags":[37,71,76],"class_list":["post-11820","post","type-post","status-publish","format-standard","hentry","category-aktionen","tag-ruestungsexporte","tag-waffenhandel","tag-wirtschaft"],"_links":{"self":[{"href":"https:\/\/www.friedenkoeln.de\/index.php?rest_route=\/wp\/v2\/posts\/11820","targetHints":{"allow":["GET"]}}],"collection":[{"href":"https:\/\/www.friedenkoeln.de\/index.php?rest_route=\/wp\/v2\/posts"}],"about":[{"href":"https:\/\/www.friedenkoeln.de\/index.php?rest_route=\/wp\/v2\/types\/post"}],"author":[{"embeddable":true,"href":"https:\/\/www.friedenkoeln.de\/index.php?rest_route=\/wp\/v2\/users\/110"}],"replies":[{"embeddable":true,"href":"https:\/\/www.friedenkoeln.de\/index.php?rest_route=%2Fwp%2Fv2%2Fcomments&post=11820"}],"version-history":[{"count":6,"href":"https:\/\/www.friedenkoeln.de\/index.php?rest_route=\/wp\/v2\/posts\/11820\/revisions"}],"predecessor-version":[{"id":11827,"href":"https:\/\/www.friedenkoeln.de\/index.php?rest_route=\/wp\/v2\/posts\/11820\/revisions\/11827"}],"wp:attachment":[{"href":"https:\/\/www.friedenkoeln.de\/index.php?rest_route=%2Fwp%2Fv2%2Fmedia&parent=11820"}],"wp:term":[{"taxonomy":"category","embeddable":true,"href":"https:\/\/www.friedenkoeln.de\/index.php?rest_route=%2Fwp%2Fv2%2Fcategories&post=11820"},{"taxonomy":"post_tag","embeddable":true,"href":"https:\/\/www.friedenkoeln.de\/index.php?rest_route=%2Fwp%2Fv2%2Ftags&post=11820"}],"curies":[{"name":"wp","href":"https:\/\/api.w.org\/{rel}","templated":true}]}}