{"id":11828,"date":"2018-03-17T07:00:12","date_gmt":"2018-03-17T05:00:12","guid":{"rendered":"http:\/\/www.friedenkoeln.de\/?p=11828"},"modified":"2018-03-16T21:35:10","modified_gmt":"2018-03-16T19:35:10","slug":"sommerurlaub-eintragen-friedensfahrradtour-nrw-2018","status":"publish","type":"post","link":"https:\/\/www.friedenkoeln.de\/?p=11828","title":{"rendered":"Sommerurlaub eintragen: FriedensFahrradtour NRW 2018!"},"content":{"rendered":"<p>Genie\u00dfen und Gutes tun: am 4. &#8211; 11. August 2018 ist die\u00a0FriedensFahrradtour NRW 2018 auf\u00a0Achse f\u00fcr Frieden und Abr\u00fcstung, Klima- und Umweltschutz. In Kooperation mit dem ForumZFD und der Agenda21 Ratingen l\u00e4dt der Landesverband NRW der DFG-VK zur Tour quer durch Nordrhein-Westfalen mit Abstechern zu unseren niederl\u00e4ndischen und belgischen Nachbar*innen ein.<\/p>\n<p>Die Mischung aus Genuss, frischer Luft, Sport, Spa\u00df und politischer Aktion verspricht wieder eine gro\u00dfartige Erholung zu werden.<\/p>\n<p>Hinweis am Rande: die Unterk\u00fcnfte sind voraussichtlich eher rustikal, gekocht (und gesp\u00fclt) wird gemeinsam, und geradelt wird bei jedem Wetter!<\/p>\n<p><i><\/i><b>4.8.<\/b>\u00a0 M\u00fcnster (Schnelle NATO-Eingreiftruppe)\u2013 D\u00fclmen (US-Waffendepot) &#8211; Haltern<br \/>\n<b>5.8.<\/b>\u00a0 Duisburg (100 Jahre Ende I. Weltkrieg)<br \/>\n<b>6.8. \u00a0<\/b>D\u00fcsseldorf (Rheinmetall-Zentrale) \u2013 K\u00f6ln (Atomwaffen-Gedenkaktion)<br \/>\n<b>7.8.<\/b>\u00a0 Rasttag in K\u00f6ln<br \/>\n<b>8.8. \u00a0<\/b>Hambacher Forst (Tagebau) &#8211; J\u00fclich (Atomm\u00fcll)<br \/>\n<b>9.8.<\/b>\u00a0 Kerkrade (NL) (US-Panzerdepot)<br \/>\n<b>10.8.<\/b> Kleine Brogel (B) (US-Atombomben-Standort)<br \/>\n<b>11.8.<\/b> Roermond (NL)<\/p>\n<p><a href=\"http:\/\/www.friedenkoeln.de\/wp-content\/uploads\/2018\/03\/Zeichnung-Flyer_dr.jpg\" data-rel=\"lightbox-image-0\" data-rl_title=\"\" data-rl_caption=\"\" title=\"\"><img loading=\"lazy\" decoding=\"async\" class=\" wp-image-11833 alignright\" src=\"http:\/\/www.friedenkoeln.de\/wp-content\/uploads\/2018\/03\/Zeichnung-Flyer_dr-1024x859.jpg\" alt=\"Ein gezeichnetes Bild, auf dem eine Reihe Radfahrer mit Friedensfahnen regenbogenfarbig von links nach rechts \u00fcber einen Bogen fahren; erst beim zweiten Hinschauen erkennt man, dass sich darunter eine Art Teppich aus lauter Kriegsmaterialien wie Flugzeugen und Panzern in dunklen Farben aufzurollen scheint; dar\u00fcber sieht man eine angedeutete Stadtsilouette.\" width=\"454\" height=\"381\" srcset=\"https:\/\/www.friedenkoeln.de\/wp-content\/uploads\/2018\/03\/Zeichnung-Flyer_dr-1024x859.jpg 1024w, https:\/\/www.friedenkoeln.de\/wp-content\/uploads\/2018\/03\/Zeichnung-Flyer_dr-768x644.jpg 768w, https:\/\/www.friedenkoeln.de\/wp-content\/uploads\/2018\/03\/Zeichnung-Flyer_dr.jpg 1181w\" sizes=\"auto, (max-width: 454px) 100vw, 454px\" \/><\/a>Ab hier k\u00f6nnen wir \u00fcbrigens empfehlen, individuell entlang der Maas durch die Provinz Limburg zur\u00fcckzufahren.<\/p>\n<p><b>Kosten:<\/b><br \/>\nDie Tour kostet pro Tag\u00a0f\u00fcr Organisation, Verpflegung und \u00dcbernachtung im Gemeinschaftsquartier oder eigenem Zelt:<br \/>\nNormal: 30 &#8211; 40 \u20ac (Selbsteinsch\u00e4tzung)<br \/>\nWenigverdiener und Jugendliche: 10 \u20ac<\/p>\n<p>Ohne \u00dcbernachtung: 10 \u20ac<\/p>\n<p><strong>Anmeldung:<\/strong><br \/>\n<a href=\"mailto:fft18@web.de?subject=Anmeldung%20FriedensFahrradtour%20NRW%202018&amp;body=Hiermit%20melde%20ich%20mich%20zur%20FriedensFahrradtour%20NRW%202017%20an%21%0ADie%20Tourinfo%20habe%20ich%20zur%20Kenntnis%20genommen.%0A%0AVorname,%20Name:%20%20%0AStrasse:%20%0APLZ+Ort:%20%0AE-Mail:%20%0ATelefon:%20%0A%0ABitte%20angeben:%0AMitfahrt%20von%20-%20bis:%20%0AAnzahl%20der%20Etappen:%20%0ABeitrag%20pro%20Etappe:%20%0AEvent.%20Spende:%0AIch%20ueberweise%20also%20xx%20Euro%20%0Aauf%20das%20Konto%20der%20DFG-VK%20NRW,%0AIBAN%20DE87%204306%200967%204006%201617%2020%0A%0AIch%20bringe%20ein%20Zelt%20mit%20%28ja\/nein%29:\">Ich melde mich zur Friedensfahrradtour NRW 2018 an!\u00a0<\/a><\/p>\n<p><b>Zum Appetitanregen: <\/b><br \/>\nGro\u00dfartige Fotogalerien und Audiomitschnitte von unserer Friedensfahrradtour NRW 2017 hat Bodo Schmitz in sechs Kapiteln auf <a href=\"http:\/\/www.mutbuergerdokus.de\/html\/aktionen\/2017_08_05_friedensfahrradtour-nrw_teil1.htm\">www.mutbuergerdokus.de<\/a>\u00a0zur Verf\u00fcgung gestellt.<\/p>\n<p><strong>Unsere Vorstellung eines friedlichen Nordrhein-Westfalen:<\/strong><br \/>\n<a href=\"http:\/\/www.friedenkoeln.de\/wp-content\/uploads\/2018\/03\/DFG-VK-NRW_Friedensland-NRW_20160924.pdf\">Friedensland NRW: Zivil statt Milit\u00e4r. Ma\u00dfnahmen zur St\u00e4rkung der friedenspolitischen Positionierung unseres Bundeslandes<\/a>.<\/p>\n","protected":false},"excerpt":{"rendered":"<p>Genie\u00dfen und Gutes tun: am 4. &#8211; 11. August 2018 ist die\u00a0FriedensFahrradtour NRW 2018 auf\u00a0Achse f\u00fcr Frieden und Abr\u00fcstung, Klima- und Umweltschutz. In Kooperation mit dem ForumZFD und der Agenda21 Ratingen l\u00e4dt der Landesverband&#46;&#46;&#46;<\/p>\n","protected":false},"author":110,"featured_media":0,"comment_status":"open","ping_status":"open","sticky":false,"template":"","format":"standard","meta":{"footnotes":""},"categories":[2],"tags":[42,33,32,94,36,3],"class_list":["post-11828","post","type-post","status-publish","format-standard","hentry","category-aktionen","tag-abruestung","tag-atomwaffen","tag-information-diskussion","tag-nato","tag-oekologie-und-frieden","tag-pazifismus"],"_links":{"self":[{"href":"https:\/\/www.friedenkoeln.de\/index.php?rest_route=\/wp\/v2\/posts\/11828","targetHints":{"allow":["GET"]}}],"collection":[{"href":"https:\/\/www.friedenkoeln.de\/index.php?rest_route=\/wp\/v2\/posts"}],"about":[{"href":"https:\/\/www.friedenkoeln.de\/index.php?rest_route=\/wp\/v2\/types\/post"}],"author":[{"embeddable":true,"href":"https:\/\/www.friedenkoeln.de\/index.php?rest_route=\/wp\/v2\/users\/110"}],"replies":[{"embeddable":true,"href":"https:\/\/www.friedenkoeln.de\/index.php?rest_route=%2Fwp%2Fv2%2Fcomments&post=11828"}],"version-history":[{"count":7,"href":"https:\/\/www.friedenkoeln.de\/index.php?rest_route=\/wp\/v2\/posts\/11828\/revisions"}],"predecessor-version":[{"id":11837,"href":"https:\/\/www.friedenkoeln.de\/index.php?rest_route=\/wp\/v2\/posts\/11828\/revisions\/11837"}],"wp:attachment":[{"href":"https:\/\/www.friedenkoeln.de\/index.php?rest_route=%2Fwp%2Fv2%2Fmedia&parent=11828"}],"wp:term":[{"taxonomy":"category","embeddable":true,"href":"https:\/\/www.friedenkoeln.de\/index.php?rest_route=%2Fwp%2Fv2%2Fcategories&post=11828"},{"taxonomy":"post_tag","embeddable":true,"href":"https:\/\/www.friedenkoeln.de\/index.php?rest_route=%2Fwp%2Fv2%2Ftags&post=11828"}],"curies":[{"name":"wp","href":"https:\/\/api.w.org\/{rel}","templated":true}]}}