{"id":11845,"date":"2018-03-20T07:30:46","date_gmt":"2018-03-20T05:30:46","guid":{"rendered":"http:\/\/www.friedenkoeln.de\/?p=11845"},"modified":"2018-03-20T08:27:03","modified_gmt":"2018-03-20T06:27:03","slug":"tanztheater-als-friedenskundgebung-auf-dem-roncalliplatz-in-koeln","status":"publish","type":"post","link":"https:\/\/www.friedenkoeln.de\/?p=11845","title":{"rendered":"Tanztheater als Friedenskundgebung auf dem Roncalliplatz in K\u00f6ln"},"content":{"rendered":"<p>Wir freuen uns, dass die T\u00e4nzer*innen von\u00a0T E R R A R I S T i_x am Sonntag nach K\u00f6ln kommen und sind gespannt auf die Mischung von Tanz, Musik und politischer Aktion. Thema ist der US-Drohnenkrieg, der seit Jahren \u00fcber die US-Airbase Ramstein \/ Rheinland-Pfalz durchgef\u00fchrt und von den jeweiligen Bundesregierungen totgeschwiegen wird.<\/p>\n<p>Der k\u00fcnstlerische Leiter, Tim\u00a0\u010ce\u010datka,\u00a0ist T\u00e4nzer und Choreograph, ausgebildet an der Folkwang Universit\u00e4t der K\u00fcnste.<\/p>\n<hr \/>\n<p>Liebe Freunde, Kollegen und TanzInteressierte<br \/>\n\u2026<br \/>\nes ist wieder so weit<br \/>\n<strong>T E R R A R I S T i_x<\/strong> geht mit der Freiluft-Tanztheater-Produktion \u201e<strong>Die BERECHNUNG<\/strong>\u201c in die n\u00e4chste Runde:<\/p>\n<p style=\"text-align: center;\">25. M\u00e4rz 2018<br \/>\n<strong>Friedenskundgebung auf dem Roncalliplatz (Domplatte S\u00fcdseite) in K\u00f6ln<br \/>\n14 \u2013 17 Uhr<\/strong><\/p>\n<p style=\"text-align: left;\">Im Anschluss an unsere getanzte Intervention wird <strong>Peter J\u00fcriens<\/strong> (Referent der <strong>Kampagne Stopp Air Base Ramstein<\/strong>)\u00a0Sie noch auf kognitiver Ebene in die Thematik \u201eDrohnenkriege\u201c einf\u00fchren.<\/p>\n<div id=\"attachment_11847\" style=\"width: 295px\" class=\"wp-caption alignleft\"><a href=\"http:\/\/www.friedenkoeln.de\/wp-content\/uploads\/2018\/03\/T-E-R-R-A-R-I-S-T-i_x.jpg\" data-rel=\"lightbox-image-0\" data-rl_title=\"\" data-rl_caption=\"\" title=\"\"><img loading=\"lazy\" decoding=\"async\" aria-describedby=\"caption-attachment-11847\" class=\" wp-image-11847\" src=\"http:\/\/www.friedenkoeln.de\/wp-content\/uploads\/2018\/03\/T-E-R-R-A-R-I-S-T-i_x.jpg\" alt=\"Es ist ein Platz mit einem bekritzelten Karton und einigen kleinen, gef\u00fcllten M\u00fcllt\u00fcten zu sehen. \" width=\"285\" height=\"159\" srcset=\"https:\/\/www.friedenkoeln.de\/wp-content\/uploads\/2018\/03\/T-E-R-R-A-R-I-S-T-i_x.jpg 800w, https:\/\/www.friedenkoeln.de\/wp-content\/uploads\/2018\/03\/T-E-R-R-A-R-I-S-T-i_x-768x428.jpg 768w\" sizes=\"auto, (max-width: 285px) 100vw, 285px\" \/><\/a><p id=\"caption-attachment-11847\" class=\"wp-caption-text\">Foto: T E R R A R I S T i_x<\/p><\/div>\n<p>!!<em> Bitte beachten Sie, dass es sich um ein Tanztheater im \u00f6ffentlichen Raum handelt.\u00a0Da wir kein Dach \u00fcber dem Kopf haben kann es sein, dass die Veranstaltung bei starkem Regen abgesagt werden muss.<br \/>\nInformieren Sie sich bitte hierzu auf unserer Facebook-Seite <a href=\"http:\/\/www.facebook.com\/Terraristix\">www.facebook.com\/Terraristix<\/a> <\/em>!!<\/p>\n<p><strong>T E R R A R I S T i_x <\/strong>sind:<\/p>\n<p><strong><em>Tim \u010ce\u010datka<\/em><\/strong> \u2013 k\u00fcnstlerischer Leiter und Choreograph<br \/>\n<strong><em>L\u2019Esprit du Temps <\/em><\/strong>\u2013 Musik (<strong><em>Chris LeClou<\/em><\/strong> \u2013 Gitarre \/ <strong><em>Paul Fassbinder<\/em><\/strong> \u2013 Gesang)<br \/>\n<strong><em>Alejandro Russo \/ Camila Scholtbach \/ Fuuko Shimazaki \/ Jonas K.K. Onny \/ Klaus Borkens \/ Lola Villegas-Fragoso<\/em><\/strong> \u2013 Tanz \/ Performance \/ Artistik<br \/>\n<strong><em>Esteban Vincenti<\/em><\/strong><em> \u2013 Dokumentation<\/em><\/p>\n","protected":false},"excerpt":{"rendered":"<p>Wir freuen uns, dass die T\u00e4nzer*innen von\u00a0T E R R A R I S T i_x am Sonntag nach K\u00f6ln kommen und sind gespannt auf die Mischung von Tanz, Musik und politischer Aktion. Thema&#46;&#46;&#46;<\/p>\n","protected":false},"author":110,"featured_media":0,"comment_status":"open","ping_status":"open","sticky":false,"template":"","format":"standard","meta":{"footnotes":""},"categories":[2],"tags":[68,39,47,27,9],"class_list":["post-11845","post","type-post","status-publish","format-standard","hentry","category-aktionen","tag-bundesregierung","tag-kampfdrohnen","tag-krieg-gegen-terror","tag-kultur","tag-frieden-und-kunst"],"_links":{"self":[{"href":"https:\/\/www.friedenkoeln.de\/index.php?rest_route=\/wp\/v2\/posts\/11845","targetHints":{"allow":["GET"]}}],"collection":[{"href":"https:\/\/www.friedenkoeln.de\/index.php?rest_route=\/wp\/v2\/posts"}],"about":[{"href":"https:\/\/www.friedenkoeln.de\/index.php?rest_route=\/wp\/v2\/types\/post"}],"author":[{"embeddable":true,"href":"https:\/\/www.friedenkoeln.de\/index.php?rest_route=\/wp\/v2\/users\/110"}],"replies":[{"embeddable":true,"href":"https:\/\/www.friedenkoeln.de\/index.php?rest_route=%2Fwp%2Fv2%2Fcomments&post=11845"}],"version-history":[{"count":3,"href":"https:\/\/www.friedenkoeln.de\/index.php?rest_route=\/wp\/v2\/posts\/11845\/revisions"}],"predecessor-version":[{"id":11849,"href":"https:\/\/www.friedenkoeln.de\/index.php?rest_route=\/wp\/v2\/posts\/11845\/revisions\/11849"}],"wp:attachment":[{"href":"https:\/\/www.friedenkoeln.de\/index.php?rest_route=%2Fwp%2Fv2%2Fmedia&parent=11845"}],"wp:term":[{"taxonomy":"category","embeddable":true,"href":"https:\/\/www.friedenkoeln.de\/index.php?rest_route=%2Fwp%2Fv2%2Fcategories&post=11845"},{"taxonomy":"post_tag","embeddable":true,"href":"https:\/\/www.friedenkoeln.de\/index.php?rest_route=%2Fwp%2Fv2%2Ftags&post=11845"}],"curies":[{"name":"wp","href":"https:\/\/api.w.org\/{rel}","templated":true}]}}