{"id":11868,"date":"2018-03-28T00:24:01","date_gmt":"2018-03-27T22:24:01","guid":{"rendered":"http:\/\/www.friedenkoeln.de\/?p=11868"},"modified":"2018-03-28T00:24:01","modified_gmt":"2018-03-27T22:24:01","slug":"einladung-offenes-vorbereitungstreffen-fuer-buechel-aktion-2018","status":"publish","type":"post","link":"https:\/\/www.friedenkoeln.de\/?p=11868","title":{"rendered":"Einladung: offenes Vorbereitungstreffen f\u00fcr B\u00fcchel-Aktion 2018"},"content":{"rendered":"<div id=\"attachment_11870\" style=\"width: 306px\" class=\"wp-caption alignright\"><a href=\"http:\/\/www.friedenkoeln.de\/wp-content\/uploads\/2018\/03\/DSC_0066-e1522188262597.jpg\" data-rel=\"lightbox-image-0\" data-rl_title=\"\" data-rl_caption=\"\" title=\"\"><img loading=\"lazy\" decoding=\"async\" aria-describedby=\"caption-attachment-11870\" class=\"wp-image-11870 \" src=\"http:\/\/www.friedenkoeln.de\/wp-content\/uploads\/2018\/03\/DSC_0066-e1522188262597-683x1024.jpg\" alt=\"Ein \u00e4lterer Herr mit Halbglatze und grauem Bart schaut freundlich am Fotographen vorbei offensichtlich zu einer anderen Person\" width=\"296\" height=\"443\" srcset=\"https:\/\/www.friedenkoeln.de\/wp-content\/uploads\/2018\/03\/DSC_0066-e1522188262597-683x1024.jpg 683w, https:\/\/www.friedenkoeln.de\/wp-content\/uploads\/2018\/03\/DSC_0066-e1522188262597-768x1152.jpg 768w\" sizes=\"auto, (max-width: 296px) 100vw, 296px\" \/><\/a><p id=\"caption-attachment-11870\" class=\"wp-caption-text\">Ernst-Ludwig &#8222;Elu&#8220; Iskenius (IPPNW) bei einem Vortrag am 4.3.2017 im Friedensbildungswerk K\u00f6ln. Foto: Stefanie Intveen.<\/p><\/div>\n<p>Wir laden herzlich zum offenen Vorbereitungstreffen f\u00fcr unsere B\u00fcchel-Aktion 2018<\/p>\n<p style=\"text-align: center;\">am <strong>Donnerstag, den 12. April 2018 um 19:00 Uhr<\/strong> in das<\/p>\n<p style=\"text-align: center;\"><strong>Friedensbildungswerk K\u00f6ln, Obenmarspforten 7-11, K\u00f6ln<\/strong> ein.<\/p>\n<p style=\"text-align: left;\">Ernst-Ludwig Iskenius (IPPNW) f\u00fchrt uns in die Thematik (Atomare Abr\u00fcstung) und die Situation in B\u00fcchel \/ Eifel ein. Dort befinden sich US-Atombomben im Rahmen der sog. Nuklearen Teilhabe Deutschlands auf einem Bundeswehr-St\u00fctzpunkt.<\/p>\n<p>Wir beteiligen uns an der Kampagne &#8222;<a href=\"http:\/\/www.atomwaffenfrei.de\/\">B\u00fcchel ist \u00fcberall &#8211; Atomwaffenfrei jetzt!<\/a>&#8220; und planen einen Ausflug nach Cochem und B\u00fcchel am 3.\/4.6.2018 (Sonntag auf Montag). Wir wollen gemeinsam \u00fcberlegen, wie wir die zwei Tage gestalten. Der Rahmen ist im <a href=\"https:\/\/buechel-atombombenfrei.jimdo.com\/gruppen\/aktionsrahmen\/\">Aktionskonsens<\/a> vorgegeben.<\/p>\n<p>Bitte meldet Euch unbedingt bei stefanie.intveen@web.de oder kontakt@friedenkoeln.de an, da der Platz leider begrenzt ist.<\/p>\n<p>Wir freuen uns!<\/p>\n<p>Zur Einstimmung empfehlen wir das Feature des Deutschlandfunk vom 27. M\u00e4rz 2018: &#8222;<a href=\"http:\/\/www.deutschlandfunk.de\/us-atomsprengkoepfe-in-einem-eifeldorf-die-bomben-von.1247.de.html?dram:article_id=411276\"><span class=\"overline\">US-Atomsprengk\u00f6pfe in einem Eifeldorf.\u00a0<\/span>Die Bomben von B\u00fcchel<\/a>&#8220; von Gerhard Klas.<\/p>\n","protected":false},"excerpt":{"rendered":"<p>Wir laden herzlich zum offenen Vorbereitungstreffen f\u00fcr unsere B\u00fcchel-Aktion 2018 am Donnerstag, den 12. April 2018 um 19:00 Uhr in das Friedensbildungswerk K\u00f6ln, Obenmarspforten 7-11, K\u00f6ln ein. Ernst-Ludwig Iskenius (IPPNW) f\u00fchrt uns in die&#46;&#46;&#46;<\/p>\n","protected":false},"author":110,"featured_media":0,"comment_status":"open","ping_status":"open","sticky":false,"template":"","format":"standard","meta":{"footnotes":""},"categories":[2],"tags":[42,33,64],"class_list":["post-11868","post","type-post","status-publish","format-standard","hentry","category-aktionen","tag-abruestung","tag-atomwaffen","tag-zivilcourage"],"_links":{"self":[{"href":"https:\/\/www.friedenkoeln.de\/index.php?rest_route=\/wp\/v2\/posts\/11868","targetHints":{"allow":["GET"]}}],"collection":[{"href":"https:\/\/www.friedenkoeln.de\/index.php?rest_route=\/wp\/v2\/posts"}],"about":[{"href":"https:\/\/www.friedenkoeln.de\/index.php?rest_route=\/wp\/v2\/types\/post"}],"author":[{"embeddable":true,"href":"https:\/\/www.friedenkoeln.de\/index.php?rest_route=\/wp\/v2\/users\/110"}],"replies":[{"embeddable":true,"href":"https:\/\/www.friedenkoeln.de\/index.php?rest_route=%2Fwp%2Fv2%2Fcomments&post=11868"}],"version-history":[{"count":4,"href":"https:\/\/www.friedenkoeln.de\/index.php?rest_route=\/wp\/v2\/posts\/11868\/revisions"}],"predecessor-version":[{"id":11873,"href":"https:\/\/www.friedenkoeln.de\/index.php?rest_route=\/wp\/v2\/posts\/11868\/revisions\/11873"}],"wp:attachment":[{"href":"https:\/\/www.friedenkoeln.de\/index.php?rest_route=%2Fwp%2Fv2%2Fmedia&parent=11868"}],"wp:term":[{"taxonomy":"category","embeddable":true,"href":"https:\/\/www.friedenkoeln.de\/index.php?rest_route=%2Fwp%2Fv2%2Fcategories&post=11868"},{"taxonomy":"post_tag","embeddable":true,"href":"https:\/\/www.friedenkoeln.de\/index.php?rest_route=%2Fwp%2Fv2%2Ftags&post=11868"}],"curies":[{"name":"wp","href":"https:\/\/api.w.org\/{rel}","templated":true}]}}