{"id":11874,"date":"2018-03-28T08:42:11","date_gmt":"2018-03-28T06:42:11","guid":{"rendered":"http:\/\/www.friedenkoeln.de\/?p=11874"},"modified":"2018-03-28T18:50:03","modified_gmt":"2018-03-28T16:50:03","slug":"koelner-stimmen-fuer-eine-atomwaffenfreie-welt","status":"publish","type":"post","link":"https:\/\/www.friedenkoeln.de\/?p=11874","title":{"rendered":"K\u00f6lner Stimmen f\u00fcr eine atomwaffenfreie Welt"},"content":{"rendered":"<div class=\"page\" title=\"Page 1\">\n<div class=\"layoutArea\">\n<div class=\"column\">\n<p><a href=\"http:\/\/www.friedenkoeln.de\/wp-content\/uploads\/2017\/12\/ICAN-Stempel-8.png\" data-rel=\"lightbox-image-0\" data-rl_title=\"\" data-rl_caption=\"\" title=\"\"><img loading=\"lazy\" decoding=\"async\" class=\"wp-image-11572 alignright\" src=\"http:\/\/www.friedenkoeln.de\/wp-content\/uploads\/2017\/12\/ICAN-Stempel-8.png\" alt=\"\" width=\"188\" height=\"175\" srcset=\"https:\/\/www.friedenkoeln.de\/wp-content\/uploads\/2017\/12\/ICAN-Stempel-8.png 863w, https:\/\/www.friedenkoeln.de\/wp-content\/uploads\/2017\/12\/ICAN-Stempel-8-768x715.png 768w\" sizes=\"auto, (max-width: 188px) 100vw, 188px\" \/><\/a><\/p>\n<div class=\"layoutArea\">\n<div class=\"column\">\n<p><em>Das K\u00f6lner Friedensforum schreibt:<\/em><\/p>\n<\/div>\n<\/div>\n<p>Mit dem <a href=\"http:\/\/www.friedenkoeln.de\/wp-content\/uploads\/2018\/03\/K\u00f6lner-Friedensforum_B\u00fcrgerantrag-gegen-Atomwaffen_20180300.pdf\">B\u00fcrgerantrag \u201eF\u00dcR das Leben &#8211; JA zur Initiative der Vereinten\u00a0Nationen zur Abschaffung von Atomwaffen\u201c<\/a> setzen sich zahlreiche\u00a0K\u00f6lnerinnen und K\u00f6lner f\u00fcr eine Abschaffung dieser Vernichtungswaffen, f\u00fcr eine Welt des Friedens und der Menschenw\u00fcrde ein. Wir haben als K\u00f6lner Friedensforum pers\u00f6nliche Beitr\u00e4ge einiger Erstunterzeichner der Kampagne dokumentiert und w\u00fcnschen eine angeregte Lekt\u00fcre.<\/p>\n<\/div>\n<\/div>\n<div class=\"layoutArea\">\n<div class=\"column\">\n<hr \/>\n<h4>Dogan Akhanli, Autor und Menschenrechtsaktivist<\/h4>\n<p>\u201eVor kurzem habe ich einen Artikel \u00fcber Kazuo Soda gelesen. 1991, In dem Jahr, als ich nach Deutschland geflohen bin, war auch Kazuo zum ersten Mal in K\u00f6ln und hat gegen Atomwaffen gesprochen. Zu diesem Zeitpunkt<\/p>\n<\/div>\n<\/div>\n<div class=\"layoutArea\">\n<div class=\"column\">\n<p>lebten noch \u00fcber eine halbe Million Menschen, die unter den Folgen des Atombombenabwurf von Hiroshima und Nagasiki litten. Er hat seine Eltern und seinen Bruder durch die Folgen der Atombombenabw\u00fcrfe verloren, seitdem hat er nie aufgeh\u00f6rt, gegen diese Waffe zu k\u00e4mpfen. Jahrelang ist er in die ganze Welt, um den Kampf gegen eine Waffe zu gewinnen, die das menschliche Leben auf diesem Planeten immer noch gef\u00e4hrdet.<\/p>\n<p>Menschen wie Kasuo haben das Schweigen und Tabus gebrochen. Ihr Mut hat den Weg bereitet f\u00fcr den Beschluss der Vereinten Nationen, Atomwaffen weltweit zu verbieten. Sie machen es uns heute leichter, unsere Stimme zu erheben, f\u00fcr eine Welt ohne Atomwaffen, f\u00fcr Menschlichkeit und Menschenrechte statt der Logik der Angst und des Hasses.<\/p>\n<p>Die Stimmen der Menschen, deren Schatten an den W\u00e4nden von Hiroshima und Nagasaki geblieben sind, sind nicht verstummt. Sie rufen die ganze Welt, uns alle auf, den Wahnsinn der Atombombe nicht mehr zu dulden und diese Waffe endg\u00fcltig zu verbannen. Ich hoffe von ganzem Herzen, dass der Stadtrat der Stadt K\u00f6ln den Antrag gegen Atomwaffen beschlie\u00dft. Ich bin optimistisch, denn ich wei\u00df: Die Kraft der Solidarit\u00e4t kann st\u00e4rker sein als Einsch\u00fcchterung und Gewalt. Daher w\u00fcnsche ich uns allen Optimismus und Mut f\u00fcr eine bessere Welt ohne Atomwaffen, f\u00fcr eine Welt des Friedens und der Menschlichkeit.\u201c<\/p>\n<hr \/>\n<h4>Prof. Dietrich Stauffer, Physiker<\/h4>\n<p>\u201eIch habe 1987 im Bonner Hofgarten f\u00fcr die nukleare Abruestung demonstriert, wo auch ein Physik-Nobelpreistraeger zu uns sprach. Aber erst nach meiner Pensionierung lernte ich im Geschichtsstudium und aus<\/p>\n<\/div>\n<\/div>\n<\/div>\n<div class=\"page\" title=\"Page 2\">\n<div class=\"layoutArea\">\n<div class=\"column\">\n<p>Zeitungen, wie nahe wir an einem Atomkrieg aus Versehen waren (1962, 1979, 1983). 1983 entschied der Oberstleutnant Stanislaw Jewgrafowitsch Petrow einen von der sowjetischen Satelliten\u00fcberwachung gemeldeten Angriff der USA mit nuklearen Interkontinentalraketen als Fehlalarm einzustufen. Er hielt einen Erstschlag der USA f\u00fcr unwahrscheinlich. H\u00e4tte er blind in die Technik vertraut, w\u00e4re wom\u00f6glich ein vermeintlicher russischer atomarer &#8222;Gegenschlag&#8220; und ein Atomkrieg die Folge gewesen. Die Abschaffung der Atomwaffen ist die einzige M\u00f6glichkeit, in Zukunft ein neues Hiroshima auszuschlie\u00dfen.<\/p>\n<p>Deswegen unterst\u00fctze ich die Kampagne &#8222;F\u00dcR das Leben &#8211; JA zur Initiative der Vereinten Nationen zur Abschaffung von Atomwaffen&#8220;. Als erster Schritt hier ein Vorschlag (FAZ 21.9.2016) zur akuten NATO- Russland-Spannung in Polen und Baltikum: Zwei Kernwaffenfreie Zonen Rheinland-Pfalz sowie Kaliningrad (russische Exklave zwischen Litauen und Polen). Noch besser: Ganz (West-)Deutschland sowie Russland westlich von 31 Grad \u00f6stlicher L\u00e4nge. Nachfragen zum Vorschlag an: dstauff@thp.uni-koeln.de. \u201c<\/p>\n<hr \/>\n<h4>J\u00f6rg M\u00e4hrle, Gesch\u00e4ftsf\u00fchrer DGB-Region K\u00f6ln-Bonn<\/h4>\n<p>\u201eDer Einsatz f\u00fcr Frieden und Entspannungspolitik geh\u00f6rt<br \/>\nzur \u201eDNA\u201c der deutschen Gewerkschaften nach dem<br \/>\nZweiten Weltkrieg. Im Aufruf zu den Maikundgebungen<br \/>\n1962 hie\u00df es unter anderem: \u201eNur wenn es gelingt, die Atomwaffen in der ganzen Welt zu \u00e4chten und zu vernichten, und nur, wenn eine allgemeine Abr\u00fcstung herbeigef\u00fchrt wird, kann die Gefahr der v\u00f6lkervernichtenden Katastrophe abgewendet und der Frieden der Welt gesichert werden.\u201c Diese Position ist bis heute g\u00fcltig. Denn: Bisher hatten wir einfach nur Gl\u00fcck &#8230; Gl\u00fcck, dass es keine technischen Fehlfunktionen gab &#8230; Gl\u00fcck, dass es keine falsche Lageeinsch\u00e4tzungen gab, die zu einem Einsatz von Atomwaffen f\u00fchrten &#8230; Gl\u00fcck, dass niemand auf den \u201eroten Knopf\u201c gedr\u00fcckt hat. Gl\u00fcck ist aber nicht dauerhaft. Deswegen forderte der DGB anl\u00e4sslich der UN-Konferenz zum Atomwaffensperrvertrag 2015 erneut ein internationales Verbot von Nuklearwaffen. Ein Abzug der in B\u00fcchel stationierten Atomwaffen und ein Beitritt zu dem im letzten Jahr beschlossenen Vertrag der Vereinten Nationen zur Abschaffung und \u00c4chtung von Atomwaffen sind wichtige Schritte auf dem Weg zu einem internationalen Verbot.\u201c<\/p>\n<hr \/>\n<h4>Hans M\u00f6rter, Pfarrer der Lutherkirche<\/h4>\n<p>\u201eDie Produktion, Lagerung in B\u00fcchel, Eifel und das \u00dcben der Luftwaffe mit Atomwaffen ist in sich ein Verbrechen gegen die Menschlichkeit.<\/p>\n<p>Weil damit gerechnet wird, sie im Zweifelsfall einzusetzen. Die milit\u00e4rische Option im Denken ist fatal. Sie rechnet mit der M\u00f6glichkeit eines Einsatzes, stellt sich darauf ein und ist bereit dazu. Nach der Unmenschlichkeit von Hiroshima und Nagasaki gibt es da nur ein ganz klares Nein!<\/p>\n<p>Atomwaffen d\u00fcrfen keine Option sein, weil die Drohung und der m\u00f6gliche Einsatz eine gnadenlose f\u00fcrchterliche Perversion des Menschseins sind.\u201c<\/p>\n<\/div>\n<\/div>\n<\/div>\n<div class=\"page\" title=\"Page 3\">\n<div class=\"layoutArea\">\n<div class=\"column\">\n<hr \/>\n<h4>Erasmus Sch\u00f6fer, Autor<\/h4>\n<\/div>\n<\/div>\n<div class=\"layoutArea\">\n<div class=\"column\">\n<p>\u201eSeit ich um 1950 konkreter erfahren habe, welche furchtbaren Folgen die amerikanischen Atombombenabw\u00fcrfe auf Hiroshima und Nagasaki hatte, habe ich mit meinen Mitteln als Schriftsteller und B\u00fcrger immer wieder versucht, die Menschen in Deutschland aufzukl\u00e4ren \u00fcber die apokalyptische Bedrohung der Menschheit durch diese Waffen.<\/p>\n<p>Es entsetzt mich, dass heute von Politikern, vorerst nur verbal, in<br \/>\nunglaublicher Verblendung oder abgrundtiefem Zynismus, gedroht wird, erneut diese Waffen einzusetzen. Und es emp\u00f6rt mich, dass unsere Regierung es bisher ablehnt, den von der UNO beschlossenen Vertrag f\u00fcr die Abschaffung aller Atomwaffen zu unterzeichnen und die Stationierung US-amerikanischer Atomwaffen auf deutschem Boden zu verbieten.\u201c<\/p>\n<hr \/>\n<h4>Eren \u00d6ns\u00f6z, Filmemacherin und freie Autorin<\/h4>\n<p>\u201e,Der Irre mit der Atombombe\u2018. Wenn dieses Bild bem\u00fcht wird, ist meist vom nordkoreanischen Staatschef die Rede. Doch was ist mit den 8 \u00fcbrigen Nuklearm\u00e4chten? Sind sie etwa weniger \u201eirre\u201c..!?<\/p>\n<p>51 Staaten haben ein historisches Abkommen zum Atomwaffenverbot unterzeichnet. Bitter, dass Deutschland nicht unterzeichnet hat. Auch die \u00fcbrigen Nato-Staaten haben den Vertrag boykottiert und bejahen stattdessen die Atombombe als probates Kriegsmittel. Im Rahmen der \u201eNuklearen Teilhabe\u201c beherbergt Deutschland gesch\u00e4tzte 20 US-Atombomben. Nicht ihre Abschaffung, sondern \u201eModernisierung\u201c ist das Thema&#8230;<\/p>\n<p>Menschen wollen Teilhabe, ja. Aber gesellschaftliche und nicht nukleare! Statt in Waffen und Milit\u00e4r muss endlich in gesunde Nahrung, Zugang zu sauberem Wasser, bezahlbaren Wohnraum und kostenlose Bildung investiert werden. Forschung muss der Menschheit dienen &#8211; und darf nicht an ihrer Ausl\u00f6schung arbeiten.\u201c<\/p>\n<hr \/>\n<h4>Rolly Brings, S\u00e4nger und Autor<\/h4>\n<p>\u201eDear Government &#8211; old and new.<\/p>\n<p>Let me preach you a sermon about Old Man Atom. I don&#8217;t mean the Adam in the Bible datum.<br \/>\nI don&#8217;t mean the Adam that Mother Eve elated.<br \/>\nI mean that thing that science liberated.<\/p>\n<p>The thing that Einstein said he&#8217;s scared of.<\/p>\n<p>When Einstein&#8217;s scared,<br \/>\ndear Government, old and new,<br \/>\nyou&#8217;d better be scared, too.\u201c (singing the Old Man Atom Talking Blues)<\/p>\n<hr \/>\n<p><a href=\"http:\/\/www.friedenkoeln.de\/wp-content\/uploads\/2018\/03\/K\u00f6lner-Friedensforum_K\u00f6lner-Stimmen-f\u00fcr-eine-Atomwaffenfreie-Welt_20180300.pdf\">Hier<\/a> ist der formatierte Text mit Fotos zum Download (pdf).<\/p>\n<p>V.i.S.d.P.: Peter F\u00f6rster, Marientstr. 3d, 50825 K\u00f6ln<\/p>\n<\/div>\n<\/div>\n<\/div>\n","protected":false},"excerpt":{"rendered":"<p>Das K\u00f6lner Friedensforum schreibt: Mit dem B\u00fcrgerantrag \u201eF\u00dcR das Leben &#8211; JA zur Initiative der Vereinten\u00a0Nationen zur Abschaffung von Atomwaffen\u201c setzen sich zahlreiche\u00a0K\u00f6lnerinnen und K\u00f6lner f\u00fcr eine Abschaffung dieser Vernichtungswaffen, f\u00fcr eine Welt des&#46;&#46;&#46;<\/p>\n","protected":false},"author":110,"featured_media":0,"comment_status":"open","ping_status":"open","sticky":false,"template":"","format":"standard","meta":{"footnotes":""},"categories":[2],"tags":[42,33],"class_list":["post-11874","post","type-post","status-publish","format-standard","hentry","category-aktionen","tag-abruestung","tag-atomwaffen"],"_links":{"self":[{"href":"https:\/\/www.friedenkoeln.de\/index.php?rest_route=\/wp\/v2\/posts\/11874","targetHints":{"allow":["GET"]}}],"collection":[{"href":"https:\/\/www.friedenkoeln.de\/index.php?rest_route=\/wp\/v2\/posts"}],"about":[{"href":"https:\/\/www.friedenkoeln.de\/index.php?rest_route=\/wp\/v2\/types\/post"}],"author":[{"embeddable":true,"href":"https:\/\/www.friedenkoeln.de\/index.php?rest_route=\/wp\/v2\/users\/110"}],"replies":[{"embeddable":true,"href":"https:\/\/www.friedenkoeln.de\/index.php?rest_route=%2Fwp%2Fv2%2Fcomments&post=11874"}],"version-history":[{"count":2,"href":"https:\/\/www.friedenkoeln.de\/index.php?rest_route=\/wp\/v2\/posts\/11874\/revisions"}],"predecessor-version":[{"id":11882,"href":"https:\/\/www.friedenkoeln.de\/index.php?rest_route=\/wp\/v2\/posts\/11874\/revisions\/11882"}],"wp:attachment":[{"href":"https:\/\/www.friedenkoeln.de\/index.php?rest_route=%2Fwp%2Fv2%2Fmedia&parent=11874"}],"wp:term":[{"taxonomy":"category","embeddable":true,"href":"https:\/\/www.friedenkoeln.de\/index.php?rest_route=%2Fwp%2Fv2%2Fcategories&post=11874"},{"taxonomy":"post_tag","embeddable":true,"href":"https:\/\/www.friedenkoeln.de\/index.php?rest_route=%2Fwp%2Fv2%2Ftags&post=11874"}],"curies":[{"name":"wp","href":"https:\/\/api.w.org\/{rel}","templated":true}]}}