{"id":11892,"date":"2018-03-29T18:58:27","date_gmt":"2018-03-29T16:58:27","guid":{"rendered":"http:\/\/www.friedenkoeln.de\/?p=11892"},"modified":"2018-03-29T18:58:27","modified_gmt":"2018-03-29T16:58:27","slug":"auftakt-des-ostermarsches-rheinland-2018-am-samstag-um-1200-in-koeln","status":"publish","type":"post","link":"https:\/\/www.friedenkoeln.de\/?p=11892","title":{"rendered":"Auftakt des Ostermarsches Rheinland 2018 am Samstag um 12:00 in K\u00f6ln"},"content":{"rendered":"<p>In K\u00f6ln startet der Ostermarsch Rhein-Ruhr mit einer Auftaktkundgebung am<\/p>\n<p style=\"text-align: center;\"><strong>Samstag, den\u00a0<span class=\"date-display-single\">31. M\u00e4rz 2018 um 12:00 auf dem Bahnhofsvorplatz K\u00f6ln.\u00a0<\/span><\/strong><\/p>\n<div class=\"main-section\" role=\"main\">\n<div class=\"region region-content\">\n<section id=\"block-system-main\" class=\"block block-system clearfix\">\n<div class=\"node node-event view-mode-full \">\n<div class=\"row\">\n<div class=\"col-sm-12 \">\n<div class=\"field field-name-body field-type-text-with-summary field-label-hidden text\">\n<p>Anschlie\u00dfend Fahrt mit dem Zug zum Ostermarsch Rheinland 2018 in D\u00fcsseldorf &#8222;<a href=\"https:\/\/www.friedenskooperative.de\/ostermarsch-2018\/aufrufe\/rhein-ruhr\">Abr\u00fcsten statt Aufr\u00fcsten! Aomwaffen abschaffen! Friedenspolitik statt Konfrontation<\/a>&#8222;.<\/p>\n<p>Redner sind <strong>Heiner Kockerbeck<\/strong> (Ratsmitglied Die Linke K\u00f6ln), <strong>Sakine Esen Yilmaz<\/strong> (ehem. Generalsekret\u00e4rin der Lehrergewerkschaft Egitim Sen in der T\u00fcrkei), <strong>Bernd Hahnfeld<\/strong> (IALANA) und <strong>G\u00fcnter K\u00fcsters<\/strong> (attac)<\/p>\n<p>Veranstalter ist das K\u00f6lner Friedensforum.<\/p>\n<\/div>\n<\/div>\n<\/div>\n<\/div>\n<\/section>\n<\/div>\n<\/div>\n","protected":false},"excerpt":{"rendered":"<p>In K\u00f6ln startet der Ostermarsch Rhein-Ruhr mit einer Auftaktkundgebung am Samstag, den\u00a031. M\u00e4rz 2018 um 12:00 auf dem Bahnhofsvorplatz K\u00f6ln.\u00a0 Anschlie\u00dfend Fahrt mit dem Zug zum Ostermarsch Rheinland 2018 in D\u00fcsseldorf &#8222;Abr\u00fcsten statt Aufr\u00fcsten!&#46;&#46;&#46;<\/p>\n","protected":false},"author":110,"featured_media":0,"comment_status":"open","ping_status":"open","sticky":false,"template":"","format":"standard","meta":{"footnotes":""},"categories":[2],"tags":[42,33,95,4],"class_list":["post-11892","post","type-post","status-publish","format-standard","hentry","category-aktionen","tag-abruestung","tag-atomwaffen","tag-friedenslogik","tag-zivile-konfliktloesung"],"_links":{"self":[{"href":"https:\/\/www.friedenkoeln.de\/index.php?rest_route=\/wp\/v2\/posts\/11892","targetHints":{"allow":["GET"]}}],"collection":[{"href":"https:\/\/www.friedenkoeln.de\/index.php?rest_route=\/wp\/v2\/posts"}],"about":[{"href":"https:\/\/www.friedenkoeln.de\/index.php?rest_route=\/wp\/v2\/types\/post"}],"author":[{"embeddable":true,"href":"https:\/\/www.friedenkoeln.de\/index.php?rest_route=\/wp\/v2\/users\/110"}],"replies":[{"embeddable":true,"href":"https:\/\/www.friedenkoeln.de\/index.php?rest_route=%2Fwp%2Fv2%2Fcomments&post=11892"}],"version-history":[{"count":2,"href":"https:\/\/www.friedenkoeln.de\/index.php?rest_route=\/wp\/v2\/posts\/11892\/revisions"}],"predecessor-version":[{"id":11894,"href":"https:\/\/www.friedenkoeln.de\/index.php?rest_route=\/wp\/v2\/posts\/11892\/revisions\/11894"}],"wp:attachment":[{"href":"https:\/\/www.friedenkoeln.de\/index.php?rest_route=%2Fwp%2Fv2%2Fmedia&parent=11892"}],"wp:term":[{"taxonomy":"category","embeddable":true,"href":"https:\/\/www.friedenkoeln.de\/index.php?rest_route=%2Fwp%2Fv2%2Fcategories&post=11892"},{"taxonomy":"post_tag","embeddable":true,"href":"https:\/\/www.friedenkoeln.de\/index.php?rest_route=%2Fwp%2Fv2%2Ftags&post=11892"}],"curies":[{"name":"wp","href":"https:\/\/api.w.org\/{rel}","templated":true}]}}