{"id":11936,"date":"2018-04-01T22:35:44","date_gmt":"2018-04-01T20:35:44","guid":{"rendered":"http:\/\/www.friedenkoeln.de\/?p=11936"},"modified":"2018-04-01T22:35:44","modified_gmt":"2018-04-01T20:35:44","slug":"nachdenkseiten-herausgeber-mueller-und-redakteur-berger-zu-gast-bei-praesident-putins-wiederwahlfeier-im-kreml","status":"publish","type":"post","link":"https:\/\/www.friedenkoeln.de\/?p=11936","title":{"rendered":"NachDenkSeiten-Herausgeber M\u00fcller und Redakteur Berger zu Gast bei Pr\u00e4sident Putins Wiederwahlfeier im Kreml"},"content":{"rendered":"<div id=\"attachment_11938\" style=\"width: 476px\" class=\"wp-caption alignright\"><a href=\"http:\/\/www.friedenkoeln.de\/wp-content\/uploads\/2018\/04\/Moscow_Kremlin_Towers_of_south_wall.jpg\" data-rel=\"lightbox-image-0\" data-rl_title=\"\" data-rl_caption=\"\" title=\"\"><img loading=\"lazy\" decoding=\"async\" aria-describedby=\"caption-attachment-11938\" class=\" wp-image-11938\" src=\"http:\/\/www.friedenkoeln.de\/wp-content\/uploads\/2018\/04\/Moscow_Kremlin_Towers_of_south_wall-1024x674.jpg\" alt=\"\" width=\"466\" height=\"307\" srcset=\"https:\/\/www.friedenkoeln.de\/wp-content\/uploads\/2018\/04\/Moscow_Kremlin_Towers_of_south_wall.jpg 1024w, https:\/\/www.friedenkoeln.de\/wp-content\/uploads\/2018\/04\/Moscow_Kremlin_Towers_of_south_wall-768x506.jpg 768w\" sizes=\"auto, (max-width: 466px) 100vw, 466px\" \/><\/a><p id=\"caption-attachment-11938\" class=\"wp-caption-text\">By Dmitry Ivanov. (Own work, CC BY-SA 4.0, https:\/\/creativecommons.org\/licenses\/by-sa\/4.0)<\/p><\/div>\n<p class=\"entry_date \"><em>Von Stefanie Intveen, 1. April 2018<\/em>.<\/p>\n<p class=\"entry_date \">Wie die <a href=\"https:\/\/www.nachdenkseiten.de\">NachDenkSeiten<\/a>\u00a0heute berichten,\u00a0hatte der russische Pr\u00e4sident Wladimir Putin f\u00fcr Gr\u00fcndonnerstag zu einem Empfang im Kreml eingeladen. Nur wenige G\u00e4ste aus dem Westen seien geladen worden, mit dabei Albrecht M\u00fcller und Jens Berger von den NachDenkSeiten. Der lesenswerte Bericht ist <a href=\"https:\/\/www.nachdenkseiten.de\/?p=43218#more-43218\">hier<\/a>.<\/p>\n","protected":false},"excerpt":{"rendered":"<p>Von Stefanie Intveen, 1. April 2018. Wie die NachDenkSeiten\u00a0heute berichten,\u00a0hatte der russische Pr\u00e4sident Wladimir Putin f\u00fcr Gr\u00fcndonnerstag zu einem Empfang im Kreml eingeladen. Nur wenige G\u00e4ste aus dem Westen seien geladen worden, mit dabei&#46;&#46;&#46;<\/p>\n","protected":false},"author":110,"featured_media":0,"comment_status":"open","ping_status":"open","sticky":false,"template":"","format":"standard","meta":{"footnotes":""},"categories":[2],"tags":[41],"class_list":["post-11936","post","type-post","status-publish","format-standard","hentry","category-aktionen","tag-satire"],"_links":{"self":[{"href":"https:\/\/www.friedenkoeln.de\/index.php?rest_route=\/wp\/v2\/posts\/11936","targetHints":{"allow":["GET"]}}],"collection":[{"href":"https:\/\/www.friedenkoeln.de\/index.php?rest_route=\/wp\/v2\/posts"}],"about":[{"href":"https:\/\/www.friedenkoeln.de\/index.php?rest_route=\/wp\/v2\/types\/post"}],"author":[{"embeddable":true,"href":"https:\/\/www.friedenkoeln.de\/index.php?rest_route=\/wp\/v2\/users\/110"}],"replies":[{"embeddable":true,"href":"https:\/\/www.friedenkoeln.de\/index.php?rest_route=%2Fwp%2Fv2%2Fcomments&post=11936"}],"version-history":[{"count":2,"href":"https:\/\/www.friedenkoeln.de\/index.php?rest_route=\/wp\/v2\/posts\/11936\/revisions"}],"predecessor-version":[{"id":11939,"href":"https:\/\/www.friedenkoeln.de\/index.php?rest_route=\/wp\/v2\/posts\/11936\/revisions\/11939"}],"wp:attachment":[{"href":"https:\/\/www.friedenkoeln.de\/index.php?rest_route=%2Fwp%2Fv2%2Fmedia&parent=11936"}],"wp:term":[{"taxonomy":"category","embeddable":true,"href":"https:\/\/www.friedenkoeln.de\/index.php?rest_route=%2Fwp%2Fv2%2Fcategories&post=11936"},{"taxonomy":"post_tag","embeddable":true,"href":"https:\/\/www.friedenkoeln.de\/index.php?rest_route=%2Fwp%2Fv2%2Ftags&post=11936"}],"curies":[{"name":"wp","href":"https:\/\/api.w.org\/{rel}","templated":true}]}}