{"id":11950,"date":"2018-04-04T07:00:04","date_gmt":"2018-04-04T05:00:04","guid":{"rendered":"http:\/\/www.friedenkoeln.de\/?p=11950"},"modified":"2018-04-02T21:34:07","modified_gmt":"2018-04-02T19:34:07","slug":"wider%c2%a7pruch-vor-gericht-wegen-zivilem-ungehorsam-im-kampf-fuer-abschaffung-der-atomwaffen","status":"publish","type":"post","link":"https:\/\/www.friedenkoeln.de\/?p=11950","title":{"rendered":"&#8222;Wider\u00a7pruch&#8220;: Vor Gericht wegen zivilem Ungehorsam im Kampf f\u00fcr Abschaffung der Atomwaffen"},"content":{"rendered":"<div class=\"page\" title=\"Page 1\">\n<div class=\"layoutArea\">\n<div class=\"column\">\n<p>Am <a href=\"https:\/\/www.friedenkoeln.de\/?p=9849\">Morgen des 12. September 2016<\/a> haben einige junge Leute des Jugendnetzwerks f\u00fcr politische Aktionen, JunepA, die Landebahn des Bundeswehrflughafens B\u00fcchel \/ Eifel besetzt. Sie wurden durch das\u00a0Amtsgericht Cochem wegen Hausfriedensbruchs verurteilt und sind dagegen in Revision gegangen.<\/p>\n<p>Die Berufungsprozesse werden vor dem <strong>Landgericht Koblenz<\/strong> gef\u00fchrt &#8211; der erste \u00f6ffentliche Prozesstermin ist voraussichtlich der\u00a0<strong>12. April 2018 um 9:00 Uhr (Sitzungssaal 137, 1. OG, Karmeliterstra\u00dfe 14, Koblenz)<\/strong>. Vor dem Gerichtsgeb\u00e4ude soll eine Mahnwache stattfinden.<\/p>\n<p>Die Gruppe bittet um Unterst\u00fctzung f\u00fcr die bevorstehenden Prozesse. Sie ben\u00f6tigt gem\u00e4\u00df den Angaben \u00a0<a href=\"http:\/\/junepa.blogsport.eu\/aktionen\/widerspruch\/wie-unterstuetzen\/\">auf ihrer Webseite<\/a>:<\/p>\n<\/div>\n<ul>\n<li>Menschen die zu unseren Gerichtsterminen kommen und\/ oder von ihnen Berichten<\/li>\n<li>Schlafpl\u00e4tzen w\u00e4rend der Gerichtstermine<\/li>\n<li>R\u00e4ume (m\u00f6glichst kostenlos) in denen wir plenieren k\u00f6nnen<\/li>\n<li>Moderationsmaterial<\/li>\n<li>Geld<\/li>\n<li>Menschen, die Aktionen gegen Atomwaffen organisieren<\/li>\n<li>Mentale Unterst\u00fctzung<\/li>\n<li>Flyer verteilen (Wenn ihr welche haben wollt schreibt uns einfach eine Mail: <a class=\"moz-txt-link-abbreviated\" href=\"mailto:widerspruch-atomwaffen@riseup.net\">widerspruch-atomwaffen@riseup.net )<\/a><\/li>\n<\/ul>\n<p>Spendenkonto:<br \/>\nKURVE Wustrow, Stichwort: Wider\u00a7pruch,<br \/>\nIBAN: DE 23 4306 0967 2041 6468 01<br \/>\nBIC: GENODEM1GLS<br \/>\nGLS Gemeinschaftsbank<\/p>\n<div>Die bisherigen Texte der Angeklagten aus dem Gerichtssaal sind <a href=\"http:\/\/junepa.blogsport.eu\/aktionen\/widerspruch\/texte-aus-dem-gerichtssaal\/\">hier<\/a>.<\/div>\n<div><\/div>\n<div>Im Folgenden ver\u00f6ffentlichen wir den &#8222;Wider\u00a7pruch Infobrief M\u00e4rz 2018&#8220; der Gruppe mit weiteren Hintergr\u00fcnden und Begr\u00fcndungen der Aktionen.<\/div>\n<div>\n<hr \/>\n<\/div>\n<\/div>\n<div class=\"layoutArea\">\n<div class=\"column\">\n<p>Hallo liebe Leute,<\/p>\n<p>Bald k\u00f6nnte es spannend werden, unser Berufungsprozess in Koblenz steht kurz bevor. Aber erst mal der Reihe nach.<\/p>\n<p>Wir m\u00f6chten euch mit diesem ersten Infobrief<\/p>\n<ol>\n<li>unsere Prozessgruppe vorstellen,<\/li>\n<li>die Prozesskampagne erl\u00e4utern,<\/li>\n<li>unseren Flyer weit streuen,<\/li>\n<li>&#8230; und euch einladen,<\/li>\n<li>&#8230; zu spenden<\/li>\n<\/ol>\n<\/div>\n<\/div>\n<div class=\"layoutArea\">\n<div class=\"column\">\n<h4>1. Wer sind wir?<\/h4>\n<\/div>\n<\/div>\n<div class=\"layoutArea\">\n<div id=\"attachment_11952\" style=\"width: 649px\" class=\"wp-caption aligncenter\"><a href=\"http:\/\/www.friedenkoeln.de\/wp-content\/uploads\/2018\/04\/praesentation2-1060x650.jpg\" data-rel=\"lightbox-image-0\" data-rl_title=\"\" data-rl_caption=\"\" title=\"\"><img loading=\"lazy\" decoding=\"async\" aria-describedby=\"caption-attachment-11952\" class=\"size-large wp-image-11952\" src=\"http:\/\/www.friedenkoeln.de\/wp-content\/uploads\/2018\/04\/praesentation2-1060x650-1024x628.jpg\" alt=\"Die genannten Personen halten ein Transparent mit der Aufschrift &quot;Grenzen \u00fcberwinden(d) Krieg beenden&quot;\" width=\"639\" height=\"392\" srcset=\"https:\/\/www.friedenkoeln.de\/wp-content\/uploads\/2018\/04\/praesentation2-1060x650-1024x628.jpg 1024w, https:\/\/www.friedenkoeln.de\/wp-content\/uploads\/2018\/04\/praesentation2-1060x650-768x471.jpg 768w, https:\/\/www.friedenkoeln.de\/wp-content\/uploads\/2018\/04\/praesentation2-1060x650-80x50.jpg 80w, https:\/\/www.friedenkoeln.de\/wp-content\/uploads\/2018\/04\/praesentation2-1060x650.jpg 1060w\" sizes=\"auto, (max-width: 639px) 100vw, 639px\" \/><\/a><p id=\"caption-attachment-11952\" class=\"wp-caption-text\">Von links:: Elu, Ronja, Katja, Clara, David- es fehlen C. und Karen. Foto: JunepA.<\/p><\/div>\n<div class=\"column\"><\/div>\n<\/div>\n<div class=\"layoutArea\">\n<div class=\"column\">\n<p>Unsere Prozessgruppe besteht zur Zeit aus sieben Menschen. Dazu geh\u00f6ren:<\/p>\n<ul>\n<li>C., Studentin<\/li>\n<li>Clara Tempel, 22 Jahre, Studentin Studium Individuale in L\u00fcneburg<\/li>\n<li>David Haase, 23 Jahre, Geschichts- und Politikstudent in Berlin<\/li>\n<li>Ernst-Ludwig Iskenius, Kinderarzt und IPPNW Mitglied aus Rostock<\/li>\n<li>Karen Welh\u00f6ner, Studentin<\/li>\n<li>Katja Tempel, 55 Jahre, Hebamme aus dem Wendland<\/li>\n<li>Ronja, lebt gerade in Budapest<\/li>\n<\/ul>\n<p>Wir sind die Angeklagten (obwohl wir uns gar nicht nur so sehen, weil wir ja auch die Bundesrepublik anklagen, wegen Versto\u00dfes gegen das V\u00f6lkerrecht).<\/p>\n<p>Wir werden in der Prozessgruppe unterst\u00fctzt von einigen bei JunepA aktiven Menschen, was Layout, Pressearbeit und sonstige Hilfe angeht.<\/p>\n<p>Dazu kommt die rechtliche Begleitung von Holger-Isabelle J\u00e4nicke vom Rechtshilfeb\u00fcro Hamburg. Speziell f\u00fcr die n\u00e4chsten Gerichtsinstanzen ist Rechtsanwalt Christian Mertens aus K\u00f6ln hinzugekommen.<\/p>\n<\/div>\n<\/div>\n<div class=\"layoutArea\">\n<div class=\"column\">\n<p>Die KURVE Wustrow unterst\u00fctzt uns mit der Abwicklung unseres Spendenkontos.<\/p>\n<\/div>\n<\/div>\n<\/div>\n<div class=\"page\" title=\"Page 2\">\n<div class=\"layoutArea\">\n<div class=\"column\">\n<h4>2. Wider\u00a7pruch- Vom Atomwaffenlager bis in den Gerichtssaal<\/h4>\n<p>Im September 2016 haben wir die Landebahn des Atomwaffenlagers B\u00fcchel besetzt. Nun sind wir in die rechtliche Auseinandersetzung \u00fcber unsere Aktion und die Atomwaffen gegangen. Daf\u00fcr haben wir die Prozesskampagne \u201eWider\u00a7pruch\u201c ins Leben gerufen.<\/p>\n<div id=\"attachment_10085\" style=\"width: 437px\" class=\"wp-caption alignright\"><a href=\"http:\/\/www.friedenkoeln.de\/wp-content\/uploads\/2016\/11\/29159419113_ff15c6bd3a_z.jpg\" data-rel=\"lightbox-image-1\" data-rl_title=\"\" data-rl_caption=\"\" title=\"\"><img loading=\"lazy\" decoding=\"async\" aria-describedby=\"caption-attachment-10085\" class=\" wp-image-10085\" src=\"http:\/\/www.friedenkoeln.de\/wp-content\/uploads\/2016\/11\/29159419113_ff15c6bd3a_z.jpg\" alt=\"\" width=\"427\" height=\"320\" \/><\/a><p id=\"caption-attachment-10085\" class=\"wp-caption-text\">Protest gegen Atombomben am 27.9.2016 in B\u00fcchel. Foto: JunepA<\/p><\/div>\n<p>JunepA, das Jugendnetzwerk f\u00fcr politische Aktionen, ist eine offene Gruppe, die vor allem Aktionen Zivilen Ungehorsams mit und f\u00fcr junge Leute organisiert. Seit unserer Gr\u00fcndung 2013 waren wir jedes Jahr mindestens ein Mal in B\u00fcchel und haben dort meistens die Zufahrten blockiert. Im September 2016 wollten wir diese klassische Aktionsform um die Aktionsform des Go-Ins erweitern. So sind wir mit 9 Menschen (vier von JunepA und f\u00fcnf anderen Aktivist_innen) an einem fr\u00fchen Herbstmorgen auf das Gel\u00e4nde des Fliegerhorsts gegangen und haben dort die Start- und Landebahn der Milit\u00e4rflugzeuge besetzt, w\u00e4hrend die Tore des Gel\u00e4ndes von Anderen blockiert wurden. Die Soldat_innen der Bundeswehr \u00fcben dort, die amerikanischen Atomwaffen, die auf dem St\u00fctzpunkt gelagert sind, abzuwerfen. Diese Kriegs\u00fcbungen wollten wir an dem Morgen st\u00f6ren und damit ein deutliches Zeichen gegen die Existenz von Atomwaffen setzen.<\/p>\n<p>Nach einer Stunde auf dem milit\u00e4rischen Gel\u00e4nde wurden wir von Feldj\u00e4ger_innen aufgegriffen und in Milit\u00e4rgewahrsam genommen. Fast ein Jahr sp\u00e4ter folgten Briefe von der Staatsanwaltschaft \u2013 die Vorw\u00fcrfe waren Hausfriedensbruch und Sachbesch\u00e4digung. Wir haben die Herausforderung angenommen und uns intensiv in die juristischen und inhaltlichen Themen eingearbeitet. Im Herbst 2017 war es dann soweit, wir standen in drei Verhandlungsterminen vor dem Amtsgericht Cochem.<\/p>\n<p>Auch wenn wir eine vielf\u00e4ltige Gruppe mit unterschiedlichen Ans\u00e4tzen waren, konnten wir uns gemeinsam darauf einigen, dass wir unsere Prozesse politisch f\u00fchren wollen. Mit mehreren Beweisantr\u00e4gen und unseren Pl\u00e4doyers haben wir immer wieder die Atomwaffen und die Notwendigkeit von Zivilem Ungehorsam mit ins Spiel gebracht und haben uns somit den Raum genommen, unseren Widerstand vom Atomwaffenlager in den Gerichtssaal zu tragen. Wir wurden zu jeweils 30 Tagess\u00e4tzen wegen Hausfriedensbruchs verurteilt. Der Vorwurf der Sachbesch\u00e4digung wurde fallengelassen, weil wir nichts zerst\u00f6rt hatten und das auch bewiesen.<\/p>\n<p>Ein Gro\u00dfteil unserer Gruppe hat Widerspruch gegen dieses Urteil eingelegt. Denn f\u00fcr uns ist unsere Aktion und die damit verbundene Kritik an Regierung, NATO, Bundeswehr und einer Gesellschaft, die Atomwaffen zul\u00e4sst, mit diesem ersten Urteil nicht zu Ende. Wir wollen weiter durch die Gerichtsinstanzen gehen und auch dort die Notwendigkeit unserer Aktion Zivilen Ungehorsams deutlich machen. Nun kommen Berufungsprozesse vor dem Landgericht Koblenz auf uns zu, die uns noch mehr M\u00f6glichkeiten bieten, Menschen mit unserer Aktion zu konfrontieren und deutlich zu machen, dass wir uns nicht entmutigen lassen.<\/p>\n<p>Da uns der vom Gericht vorgeschlagene Prozesstermin Mitte April nicht passte, haben wir um Verlegung gebeten und warten jetzt auf die Entscheidung.<\/p>\n<p>Ziele unserer und jetzt auch eurer Prozesskampagne sind:<\/p>\n<p>1. Vor Gericht die Rechtswidrigkeit der Atomwaffen thematisieren<br \/>\n2. Andere Aktivist_innen ermutigen, in B\u00fcchel aktiv zu werden und die Auseinandersetzung vor Gericht nicht zu scheuen<br \/>\n3. Die Prozesse mit \u00d6ffentlichkeitsarbeit und guter juristischer Beratung begleiten<br \/>\n4. Die Kosten f\u00fcr eine Prozessf\u00fchrung mit langem Atem solidarisch auf viele Schultern verteilen.<\/p>\n<p>F\u00fcr uns ist es eine besondere Erfahrung, unseren Widerstand in den Gerichtssaal zu tragen und damit in einem teils v\u00f6llig neuen Umfeld zu agieren. Wir halten diese Form von Einmischung f\u00fcr genauso wichtig, wie Demonstrationen und eingreifende Aktionen drau\u00dfen auf der Stra\u00dfe oder direkt an den Orten des Unrechts. Denn auch ein Gericht kann ein Ort des Unrechts sein, wenn Aktivist_innen verurteilt werden. Hier wird die Tatsachenlage verdreht \u2013 denn nicht unser Widerstand ist das Verbrechen, sondern die Existenz der Atomwaffen. Vor der Auseinandersetzung vor Gericht nicht zur\u00fcckzuschrecken, sondern sich ihr zu stellen und sie anzustreben, ist ein besonders erm\u00e4chtigendes Gef\u00fchl. F\u00fcr uns ist es eine spannende Erfahrung, die Aktion weiterzudenken, als bis zur R\u00e4umung durch die Polizei. Wenn wir gemeinsam im Gerichtssaal sitzen, k\u00f6nnen wir erleben, was es bedeutet, konsequent f\u00fcr die eigene Sache einzustehen und sich mit Mut den Strukturen entgegenzustellen, die die Existenz von Massenvernichtungswaffen erm\u00f6glichen.<\/p>\n<\/div>\n<\/div>\n<\/div>\n<div class=\"page\" title=\"Page 3\">\n<div class=\"layoutArea\">\n<div class=\"column\">\n<h4>3. Bestellt Flyer<\/h4>\n<p>Wir haben einen doppelseitigen Flyer (&#8230;) erstellt, den ihr zum Auslegen und Weitergeben bei uns bestellen k\u00f6nnt.<\/p>\n<p>Bitte schickt eine E-mail mit eurer Postadresse und der gew\u00fcnschten Anzahl an widerspruch-atomwaffen@riseup.net<\/p>\n<h4>4. Einladung<\/h4>\n<p>Wir m\u00f6chten euch ganz herzlich einladen, euch an zwei Protestaktionen in B\u00fcchel zu beteiligen.<\/p>\n<p>Am Montag, den 26. M\u00e4rz 2018 beginnt mit einem gro\u00dfen Auftakt die Aktionspr\u00e4senz &#8222;20 Wochen gegen 20 Atombomben&#8220; vor dem Fliegerhorst in B\u00fcchel.<\/p>\n<p>Am Ostermontag, den 2. April 2018 findet dort der traditionelle Ostermarsch statt.<\/p>\n<p>Beides sind gute Gelegenheiten mal wieder in die Eifel zu fahren und dort \u00f6ffentlich (und ohne rechtliche Konsequenzen bef\u00fcrchten zu m\u00fcssen (zwinker)) zu zeigen, dass die Atomwaffen nicht nur von einer kleinen &#8222;Extremisten&#8220;-Gruppe abgelehnt werden, sondern auch von dem \u00fcberwiegenden Teil der Bev\u00f6lkerung.<\/p>\n<p>Wenn euch der Weg in die Eifel zu weit ist, schlie\u00dft euch einem der zahlreichen Osterm\u00e4rsche im ganzen Bundesgebiet an! Gerade jetzt bei steigender Kriegsgefahr weltweit ist es so wichtig, wie seit den 80er Jahren nicht mehr, auf die Stra\u00dfe zu gehen und lauthals zu sagen: Not in my name!<\/p>\n<p>Trotzdem behaltet bitte im Hinterkopf, dass wir euch voraussichtlich im Mai auch als \u00f6ffentliche &#8222;Zeug_innen&#8220; in unserem Prozess brauchen!<\/p>\n<h4>5. Vielen Dank f\u00fcr eure Spenden!<\/h4>\n<p>Nachdem wir uns jetzt entschieden haben, uns auch anwaltlich in der Berufungsinstanz vertreten zu lassen und die kontinuierliche Begleitung vom Rechtshilfeb\u00fcro Hamburg anzunehmen, sind wir damit finanzielle Verbindlichkeiten eingegangen. Deshalb m\u00f6chten wir euch ganz herzlich bitten: Tragt auch finanziell zu einer erfolgreichen Prozesskampagne bei! Am meisten w\u00e4ren wir aus der finanziellen Sorge raus, wenn m\u00f6glichst viele Menschen einen Dauerauftrag einrichten. 5\u20ac, 50\u20ac oder 500\u20ac &#8211; es gibt keine Grenzen. Alle Unterst\u00fctzung wird begr\u00fc\u00dft. Auf Wunsch, ab einer Summe von 200\u20ac , auch gegen Spendenbescheinigung (da unter 200\u20ac auch der Kontoauszug mit der \u00dcberweisung vom Finanzamt anerkannt wird). Falls wir irgendwann mal zu viel Geld eingesammelt haben, werden wir diese Summe selbstverst\u00e4ndlich in die Arbeit gegen Atomwaffen stecken. Und euch dar\u00fcber nat\u00fcrlich auf dem Laufenden halten.<\/p>\n<p>mit widerst\u00e4ndigen Gr\u00fc\u00dfen<br \/>\nMenschen der Prozesskampagne Wider\u00a7pruch<\/p>\n<\/div>\n<\/div>\n<\/div>\n","protected":false},"excerpt":{"rendered":"<p>Am Morgen des 12. September 2016 haben einige junge Leute des Jugendnetzwerks f\u00fcr politische Aktionen, JunepA, die Landebahn des Bundeswehrflughafens B\u00fcchel \/ Eifel besetzt. Sie wurden durch das\u00a0Amtsgericht Cochem wegen Hausfriedensbruchs verurteilt und sind&#46;&#46;&#46;<\/p>\n","protected":false},"author":110,"featured_media":0,"comment_status":"open","ping_status":"open","sticky":false,"template":"","format":"standard","meta":{"footnotes":""},"categories":[2],"tags":[42,33,48,80,91,64],"class_list":["post-11950","post","type-post","status-publish","format-standard","hentry","category-aktionen","tag-abruestung","tag-atomwaffen","tag-bundeswehr","tag-rechtsprechung","tag-voelkerrecht","tag-zivilcourage"],"_links":{"self":[{"href":"https:\/\/www.friedenkoeln.de\/index.php?rest_route=\/wp\/v2\/posts\/11950","targetHints":{"allow":["GET"]}}],"collection":[{"href":"https:\/\/www.friedenkoeln.de\/index.php?rest_route=\/wp\/v2\/posts"}],"about":[{"href":"https:\/\/www.friedenkoeln.de\/index.php?rest_route=\/wp\/v2\/types\/post"}],"author":[{"embeddable":true,"href":"https:\/\/www.friedenkoeln.de\/index.php?rest_route=\/wp\/v2\/users\/110"}],"replies":[{"embeddable":true,"href":"https:\/\/www.friedenkoeln.de\/index.php?rest_route=%2Fwp%2Fv2%2Fcomments&post=11950"}],"version-history":[{"count":4,"href":"https:\/\/www.friedenkoeln.de\/index.php?rest_route=\/wp\/v2\/posts\/11950\/revisions"}],"predecessor-version":[{"id":11955,"href":"https:\/\/www.friedenkoeln.de\/index.php?rest_route=\/wp\/v2\/posts\/11950\/revisions\/11955"}],"wp:attachment":[{"href":"https:\/\/www.friedenkoeln.de\/index.php?rest_route=%2Fwp%2Fv2%2Fmedia&parent=11950"}],"wp:term":[{"taxonomy":"category","embeddable":true,"href":"https:\/\/www.friedenkoeln.de\/index.php?rest_route=%2Fwp%2Fv2%2Fcategories&post=11950"},{"taxonomy":"post_tag","embeddable":true,"href":"https:\/\/www.friedenkoeln.de\/index.php?rest_route=%2Fwp%2Fv2%2Ftags&post=11950"}],"curies":[{"name":"wp","href":"https:\/\/api.w.org\/{rel}","templated":true}]}}