{"id":12019,"date":"2018-04-14T17:12:59","date_gmt":"2018-04-14T15:12:59","guid":{"rendered":"http:\/\/www.friedenkoeln.de\/?p=12019"},"modified":"2018-04-14T17:29:00","modified_gmt":"2018-04-14T15:29:00","slug":"voelkerrechtswidrige-bombardierung-syriens-deutsche-politik-darf-kein-oel-ins-feuer-giessen","status":"publish","type":"post","link":"https:\/\/www.friedenkoeln.de\/?p=12019","title":{"rendered":"V\u00f6lkerrechtswidrige Bombardierung Syriens &#8211; deutsche Politik darf kein \u00d6l ins Feuer gie\u00dfen!"},"content":{"rendered":"<p><em>Pressemitteilung der Kampagne &#8222;MACHT FRIEDEN.&#8220;<\/em><\/p>\n<h4 class=\"page-header\">Kampagne \u201eMACHT FRIEDEN.\u201c verurteilt die v\u00f6lkerrechtswidrige Bombardierung Syriens<\/h4>\n<article class=\"article is-promoted full clearfix\" role=\"article\" data-history-node-id=\"123\">\n<div class=\"content\">\n<div class=\"field field--name-field-image field--type-image field--label-hidden field--item\">Berlin\/Bonn.\u00a0 \u2013\u00a0 Die Kampagne \u201eMACHT FRIEDEN. Zivile L\u00f6sungen f\u00fcr Syrien\u201c verurteilt die v\u00f6lkerrechtswidrige Bombardierung Syriens durch die USA, Gro\u00dfbritannien und Frankreich. Die Milit\u00e4rschl\u00e4ge erfolgten ohne Mandat des UN-Sicherheitsrats und noch bevor die unabh\u00e4ngigen Expert*innen der OPCW ihre Untersuchung zum mutma\u00dflichen Giftgaseinsatz vom vergangenen Samstag im syrischen Douma \u00fcberhaupt aufnehmen konnten.<\/div>\n<div><\/div>\n<div class=\"field field--name-field-image field--type-image field--label-hidden field--item\">\n<div id=\"attachment_12022\" style=\"width: 457px\" class=\"wp-caption alignleft\"><a href=\"http:\/\/www.friedenkoeln.de\/wp-content\/uploads\/2018\/04\/Macht-Frieden_Logo-Flagge-vor-Reichstag_20161110_31256604196_0d7f5b8dec_k.jpg\" data-rel=\"lightbox-image-0\" data-rl_title=\"\" data-rl_caption=\"\" title=\"\"><img loading=\"lazy\" decoding=\"async\" aria-describedby=\"caption-attachment-12022\" class=\" wp-image-12022\" src=\"http:\/\/www.friedenkoeln.de\/wp-content\/uploads\/2018\/04\/Macht-Frieden_Logo-Flagge-vor-Reichstag_20161110_31256604196_0d7f5b8dec_k-1024x683.jpg\" alt=\"Zu sehen ist ein riesiges Banner, das von zahlreichen Leuten mit Friedensflaggen gehalten wird und einen gelben Pfeil auf pinkem Grund zeigt, aus der Vogelperspektive. Im Hintergrund das Reichstagsgeb\u00e4ude. Der Pfeil ist auf das Geb\u00e4ude gerichtet. Darauf steht: &quot;Macht Frieden. Zivile L\u00f6sungen f\u00fcr Syrien&quot;.\" width=\"447\" height=\"298\" srcset=\"https:\/\/www.friedenkoeln.de\/wp-content\/uploads\/2018\/04\/Macht-Frieden_Logo-Flagge-vor-Reichstag_20161110_31256604196_0d7f5b8dec_k-1024x683.jpg 1024w, https:\/\/www.friedenkoeln.de\/wp-content\/uploads\/2018\/04\/Macht-Frieden_Logo-Flagge-vor-Reichstag_20161110_31256604196_0d7f5b8dec_k-768x512.jpg 768w, https:\/\/www.friedenkoeln.de\/wp-content\/uploads\/2018\/04\/Macht-Frieden_Logo-Flagge-vor-Reichstag_20161110_31256604196_0d7f5b8dec_k.jpg 2048w\" sizes=\"auto, (max-width: 447px) 100vw, 447px\" \/><\/a><p id=\"caption-attachment-12022\" class=\"wp-caption-text\">Banneraktion der Kampagne &#8222;Macht Frieden.&#8220; am 10.11.2016 vor dem Reichstag, Berlin. Foto: Jonas Klein.<\/p><\/div>\n<p>Die Kampagne verurteilt gleicherma\u00dfen die politische Unterst\u00fctzung der Bombardierung von Seiten der deutschen Bundesregierung. Bundeskanzlerin Merkel hatte den Milit\u00e4rschlag heute Vormittag als \u201eerforderlich und angemessen\u201c bezeichnet und begr\u00fc\u00dft, dass die USA, Gro\u00dfbritannien und Frankreich auf diese Weise \u201eVerantwortung \u00fcbernommen\u201c h\u00e4tten. \u00c4hnlich unterst\u00fctzend hatten sich in den vergangenen Tagen bereits CDU-Generalsekret\u00e4rin Annegret Kramp-Karrenbauer und Bundesau\u00dfenminister Heiko Maas (SPD) ge\u00e4u\u00dfert. Der stellvertretende Fraktionsvorsitzende der FDP Alexander Graf Lambsdorff wollte sogar eine milit\u00e4rische Beteiligung Deutschlands nicht ausschlie\u00dfen.<\/p>\n<\/div>\n<div class=\"field field--name-body field--type-text-with-summary field--label-hidden field--item\">\n<p>Die Kampagne \u201eMACHT FRIEDEN.\u201c zeigt sich besorgt \u00fcber diese potentiell konflikteskalierende Haltung der deutschen Politik. Kampagnen-Co-Sprecher Berthold Keunecke erkl\u00e4rt dazu:<\/p>\n<blockquote><p>Ein geopolitischer Machtkampf darf nicht auf dem R\u00fccken der syrischen Bev\u00f6lkerung ausgetragen werden. Deutschland muss jetzt deeskalierend auf seine Partnerl\u00e4nder und Russland einwirken.<\/p><\/blockquote>\n<p>Kampagnen-Koordinator Philipp Ingenleuf erg\u00e4nzt:<\/p>\n<blockquote><p>Syrien braucht Frieden und nicht noch mehr Krieg. Das Land ist zum Schlachtfeld weltweiter Interessen geworden, bei dem sich Russland und die NATO gegen\u00fcberstehen. Die derzeitige Eskalation bedroht den Weltfrieden und muss beendet werden, bevor aus Unvernunft oder Fahrl\u00e4ssigkeit ein nuklearer Krieg ausgel\u00f6st wird.<\/p><\/blockquote>\n<p>Die Kampagne wendet sich an alle friedensbewegten Menschen mit dem Aufruf, die Abgeordneten des Bundestags sowie die Bundesregierung anzuschreiben und zu fordern, dass v\u00f6lkerrechtswidrige Milit\u00e4rschl\u00e4ge wie die der USA von Seiten der deutschen Politik weder milit\u00e4rische noch politische Unterst\u00fctzung erfahren sollten. Auch eventuelle Gegenschl\u00e4ge von russischer Seite d\u00fcrfen nicht milit\u00e4risch beantwortet werden, um eine weitere Eskalation zu verhindern.<\/p>\n<p>Die Kampagne ruft au\u00dferdem zur Teilnahme an spontanen Protestaktionen der Friedensbewegung auf: <a href=\"http:\/\/www.friedenskooperative.de\/termine\/syrien\">www.friedenskooperative.de\/termine\/syrien<\/a>.<i><a href=\"http:\/\/www.friedenkoeln.de\/wp-content\/uploads\/2017\/05\/logo-machtfrieden-bunt_0.jpg\" data-rel=\"lightbox-image-1\" data-rl_title=\"\" data-rl_caption=\"\" title=\"\"><img loading=\"lazy\" decoding=\"async\" class=\"wp-image-10803 aligncenter\" src=\"http:\/\/www.friedenkoeln.de\/wp-content\/uploads\/2017\/05\/logo-machtfrieden-bunt_0.jpg\" alt=\"\" width=\"623\" height=\"222\" srcset=\"https:\/\/www.friedenkoeln.de\/wp-content\/uploads\/2017\/05\/logo-machtfrieden-bunt_0.jpg 805w, https:\/\/www.friedenkoeln.de\/wp-content\/uploads\/2017\/05\/logo-machtfrieden-bunt_0-768x274.jpg 768w\" sizes=\"auto, (max-width: 623px) 100vw, 623px\" \/><\/a>\u00dcber weitere konkrete <b>Initiativen und Aktionen von Seiten der Friedensbewegung<\/b> zum Thema Eskalation in Syrien informiert u.a. das Netzwerk Friedenskooperative: <\/i><a href=\"https:\/\/www.friedenskooperative.de\/eskalation-usa-russland-syrien\"><i>https:\/\/www.friedenskooperative.de\/eskalation-usa-russland-syrien<\/i><\/a><i>\u00a0 <\/i><\/p>\n<p><i>Die Kampagne &#8222;MACHT FRIEDEN. Zivile L\u00f6sungen f\u00fcr Syrien&#8220; wird getragen von 25 Organisationen und Gruppen der deutschen Friedensbewegung, darunter die IPPNW, die DFG-VK, das Netzwerk Friedenskooperative, der Vers\u00f6hnungsbund und pax christi. Mehr Informationen \u00fcber die Kampagne und die beteiligten <b>Tr\u00e4gerorganisationen<\/b>: <\/i><a href=\"http:\/\/www.macht-frieden.de\/\"><span class=\"Internetlink\"><i>www.macht-frieden.de<\/i><\/span><\/a><\/p>\n<p><i>Die generellen <b>Forderungen<\/b> der Kampagne sowie konkrete Vorschl\u00e4ge f\u00fcr zivile L\u00f6sungsans\u00e4tze im Syrienkonflikt finden Sie unter <\/i><a href=\"http:\/\/www.macht-frieden.de\/sites\/default\/files\/inline-files\/MACHT_FRIEDEN_Forderungspapier_Maerz_2017.pdf\"><span class=\"Internetlink\"><i>http:\/\/www.macht-frieden.de\/sites\/default\/files\/inline-files\/MACHT_FRIEDEN_Forderungspapier_Maerz_2017.pdf <\/i><\/span><\/a><\/p>\n<hr \/>\n<p>Hinweis der DFG-VK Gruppe K\u00f6ln: am <strong>18. April 2018 um 16:00 Uhr ist eine Kundgebung des K\u00f6lner Friedensforums am Neumarkt \/ Ecke Schildergasse<\/strong> geplant. N\u00e4here Informationen folgen.<\/p>\n<\/div>\n<\/div>\n<\/article>\n","protected":false},"excerpt":{"rendered":"<p>Pressemitteilung der Kampagne &#8222;MACHT FRIEDEN.&#8220; Kampagne \u201eMACHT FRIEDEN.\u201c verurteilt die v\u00f6lkerrechtswidrige Bombardierung Syriens Berlin\/Bonn.\u00a0 \u2013\u00a0 Die Kampagne \u201eMACHT FRIEDEN. Zivile L\u00f6sungen f\u00fcr Syrien\u201c verurteilt die v\u00f6lkerrechtswidrige Bombardierung Syriens durch die USA, Gro\u00dfbritannien und Frankreich.&#46;&#46;&#46;<\/p>\n","protected":false},"author":110,"featured_media":0,"comment_status":"open","ping_status":"open","sticky":false,"template":"","format":"standard","meta":{"footnotes":""},"categories":[2,87],"tags":[33,68,96,73,91],"class_list":["post-12019","post","type-post","status-publish","format-standard","hentry","category-aktionen","category-pressemitteilung","tag-atomwaffen","tag-bundesregierung","tag-chemiewaffen","tag-vereinte-nationen","tag-voelkerrecht"],"_links":{"self":[{"href":"https:\/\/www.friedenkoeln.de\/index.php?rest_route=\/wp\/v2\/posts\/12019","targetHints":{"allow":["GET"]}}],"collection":[{"href":"https:\/\/www.friedenkoeln.de\/index.php?rest_route=\/wp\/v2\/posts"}],"about":[{"href":"https:\/\/www.friedenkoeln.de\/index.php?rest_route=\/wp\/v2\/types\/post"}],"author":[{"embeddable":true,"href":"https:\/\/www.friedenkoeln.de\/index.php?rest_route=\/wp\/v2\/users\/110"}],"replies":[{"embeddable":true,"href":"https:\/\/www.friedenkoeln.de\/index.php?rest_route=%2Fwp%2Fv2%2Fcomments&post=12019"}],"version-history":[{"count":5,"href":"https:\/\/www.friedenkoeln.de\/index.php?rest_route=\/wp\/v2\/posts\/12019\/revisions"}],"predecessor-version":[{"id":12025,"href":"https:\/\/www.friedenkoeln.de\/index.php?rest_route=\/wp\/v2\/posts\/12019\/revisions\/12025"}],"wp:attachment":[{"href":"https:\/\/www.friedenkoeln.de\/index.php?rest_route=%2Fwp%2Fv2%2Fmedia&parent=12019"}],"wp:term":[{"taxonomy":"category","embeddable":true,"href":"https:\/\/www.friedenkoeln.de\/index.php?rest_route=%2Fwp%2Fv2%2Fcategories&post=12019"},{"taxonomy":"post_tag","embeddable":true,"href":"https:\/\/www.friedenkoeln.de\/index.php?rest_route=%2Fwp%2Fv2%2Ftags&post=12019"}],"curies":[{"name":"wp","href":"https:\/\/api.w.org\/{rel}","templated":true}]}}