{"id":12026,"date":"2018-04-15T14:04:13","date_gmt":"2018-04-15T12:04:13","guid":{"rendered":"http:\/\/www.friedenkoeln.de\/?p=12026"},"modified":"2018-04-17T08:22:00","modified_gmt":"2018-04-17T06:22:00","slug":"bundesausschuss-friedensratschlag-friedensbewegung-verurteilt-voelkerrechtswidrigen-angriff-auf-syrien","status":"publish","type":"post","link":"https:\/\/www.friedenkoeln.de\/?p=12026","title":{"rendered":"Bundesausschuss Friedensratschlag: Friedensbewegung verurteilt v\u00f6lkerrechtswidrigen Angriff auf Syrien"},"content":{"rendered":"<div class=\"page\" title=\"Page 1\">\n<div class=\"layoutArea\">\n<div class=\"column\">\n<p><em>Stellungnahme des Bundesausschusses Friedensratschlag vom 15.4.2018.\u00a0<\/em><\/p>\n<h4>Bundesregierung soll sich distanzieren und die Bundeswehr abziehen! Beziehungen zu Russland entspannen! Abr\u00fcsten statt Aufr\u00fcsten! Friedensbewegung zu Protesten aufgerufen!<\/h4>\n<p>Anl\u00e4sslich des Luftangriffs f\u00fchrender NATO\u2010Staaten auf Syrien erkl\u00e4ren die Sprecher des Bundesausschusses Friedensratschlag L\u00fchr Henken (Berlin) und Willi van Ooyen (Frankfurt am Main) in einer ersten Stellungnahme:<\/p>\n<p><a href=\"http:\/\/www.friedenkoeln.de\/wp-content\/uploads\/2016\/12\/fullsizeoutput_25d.jpeg\" data-rel=\"lightbox-image-0\" data-rl_title=\"\" data-rl_caption=\"\" title=\"\"><img loading=\"lazy\" decoding=\"async\" class=\" wp-image-10212 alignleft\" src=\"http:\/\/www.friedenkoeln.de\/wp-content\/uploads\/2016\/12\/fullsizeoutput_25d.jpeg\" alt=\"Logo des Bundesausschuss Friedensratschlag.\" width=\"394\" height=\"281\" \/><\/a>Ohne dass gesicherte Erkenntnisse \u00fcber den Einsatz chemische Kampfstoffe in Douma vorliegen, haben US\u2010amerikanische, franz\u00f6sische und britische Marine\u2010 und Luftstreitkr\u00e4fte in der Nacht auf den 14. April 2018 \u00fcber 100 Raketen und Marschflugk\u00f6rpern auf staatliche syrische Ziele abgefeuert.<\/p>\n<p>Obwohl die Beratungen im UN\u2010Sicherheitsrat nicht abgeschlossen waren, erteilten die Staatsoberh\u00e4upter der USA, Frankreichs und Gro\u00dfbritannien den Einsatzbefehl. Weder lag ein Angriff auf diese Staaten vor, der Selbstverteidigungsma\u00dfnahmen gerechtfertigt h\u00e4tte, noch ein Mandat des UN\u2010Sicherheitsrats. Die Handlungen dieser drei westlichen UN\u2010 Sicherheitsratsmitglieder haben das V\u00f6lkerrecht gebrochen. Donald Trump, Emmanuel Macron und Theresa May m\u00fcssen daf\u00fcr angeklagt werden \u2013 ebenso wie die T\u00e4terschaft des mutma\u00dflichen Chemiewaffenangriffs auf Douma strafrechtlich verfolgt werden muss.<\/p>\n<p>Die Bundesregierung hat sich gegen eine milit\u00e4rische Beteiligung an einen Angriff auf Syrien ausgesprochen. Die Bundesregierung muss den v\u00f6lkerrechtwidrigen Angriff verurteilen. Wir fordern, dass die Bundeswehr aus der Region unverz\u00fcglich abgezogen wird.<\/p>\n<p>Wir verlangen von der Bundesregierung zu unterbinden, dass milit\u00e4rische Einrichtungen auf deutschem Territorium von NATO\u2010Verb\u00fcndeten f\u00fcr v\u00f6lkerrechtswidrige Angriffshandlungen genutzt werden.<\/p>\n<p>Wir sehen mit sehr gro\u00dfer Sorge, dass das V\u00f6lkerrecht als Eckpfeiler der internationalen Beziehungen durch Kriegshandlungen westlicher Staaten fortgesetzt verletzt wird. Um hier nur die gravierendsten Beispiele zu nennen: Der NATO\u2010Angriffskrieg gegen Jugoslawien 1999, der US\u2010amerikanisch\u2010britische Angriffskrieg gegen den Irak 2003, die Marschflugk\u00f6rperangriffe der USA auf das syrische Al\u2010Schairat am 7.4.2017 und jetzt wieder.<\/p>\n<\/div>\n<\/div>\n<\/div>\n<div class=\"page\" title=\"Page 2\">\n<div class=\"layoutArea\">\n<div class=\"column\">\n<p>Es bedarf seitens der Bundesregierung gro\u00dfer Anstrengungen, das Verh\u00e4ltnis zu Russland zu entspannen, eine gleichberechtigte Beziehung aufzubauen, um die Kontroversen konstruktiv zu l\u00f6sen. Wir brauchen Abr\u00fcstung statt Aufr\u00fcstung.<\/p>\n<p>Wir fordern die Friedensbewegung weiter auf, ihre Proteste auf die Stra\u00dfe zu tragen, um ihren Forderungen Nachdruck zu verleihen.<\/p>\n<p>Weitere Ausk\u00fcnfte erteilen\u00a0L\u00fchr Henken (Mob. 016040 66630) und \u00a0Willi van Ooyen (Mob. 0170 185 15 17)<\/p>\n<hr \/>\n<p><em>Hinweis der Redaktion: Der Bundesausschuss Friedensratschlag hat ein &#8222;<a href=\"http:\/\/www.friedensratschlag.de\/?2018-04_Syrien\">Syrien-Dossier<\/a>&#8220; mit Quellen und Hinweisen zur aktuellen Zuspitzung ver\u00f6ffentlicht.<\/em><\/p>\n<\/div>\n<\/div>\n<\/div>\n","protected":false},"excerpt":{"rendered":"<p>Stellungnahme des Bundesausschusses Friedensratschlag vom 15.4.2018.\u00a0 Bundesregierung soll sich distanzieren und die Bundeswehr abziehen! Beziehungen zu Russland entspannen! Abr\u00fcsten statt Aufr\u00fcsten! Friedensbewegung zu Protesten aufgerufen! Anl\u00e4sslich des Luftangriffs f\u00fchrender NATO\u2010Staaten auf Syrien erkl\u00e4ren die&#46;&#46;&#46;<\/p>\n","protected":false},"author":110,"featured_media":0,"comment_status":"open","ping_status":"open","sticky":false,"template":"","format":"standard","meta":{"footnotes":""},"categories":[2,87],"tags":[42,68,49,48,96,73,91],"class_list":["post-12026","post","type-post","status-publish","format-standard","hentry","category-aktionen","category-pressemitteilung","tag-abruestung","tag-bundesregierung","tag-bundestag","tag-bundeswehr","tag-chemiewaffen","tag-vereinte-nationen","tag-voelkerrecht"],"_links":{"self":[{"href":"https:\/\/www.friedenkoeln.de\/index.php?rest_route=\/wp\/v2\/posts\/12026","targetHints":{"allow":["GET"]}}],"collection":[{"href":"https:\/\/www.friedenkoeln.de\/index.php?rest_route=\/wp\/v2\/posts"}],"about":[{"href":"https:\/\/www.friedenkoeln.de\/index.php?rest_route=\/wp\/v2\/types\/post"}],"author":[{"embeddable":true,"href":"https:\/\/www.friedenkoeln.de\/index.php?rest_route=\/wp\/v2\/users\/110"}],"replies":[{"embeddable":true,"href":"https:\/\/www.friedenkoeln.de\/index.php?rest_route=%2Fwp%2Fv2%2Fcomments&post=12026"}],"version-history":[{"count":2,"href":"https:\/\/www.friedenkoeln.de\/index.php?rest_route=\/wp\/v2\/posts\/12026\/revisions"}],"predecessor-version":[{"id":12036,"href":"https:\/\/www.friedenkoeln.de\/index.php?rest_route=\/wp\/v2\/posts\/12026\/revisions\/12036"}],"wp:attachment":[{"href":"https:\/\/www.friedenkoeln.de\/index.php?rest_route=%2Fwp%2Fv2%2Fmedia&parent=12026"}],"wp:term":[{"taxonomy":"category","embeddable":true,"href":"https:\/\/www.friedenkoeln.de\/index.php?rest_route=%2Fwp%2Fv2%2Fcategories&post=12026"},{"taxonomy":"post_tag","embeddable":true,"href":"https:\/\/www.friedenkoeln.de\/index.php?rest_route=%2Fwp%2Fv2%2Ftags&post=12026"}],"curies":[{"name":"wp","href":"https:\/\/api.w.org\/{rel}","templated":true}]}}