{"id":12030,"date":"2018-04-17T07:00:52","date_gmt":"2018-04-17T05:00:52","guid":{"rendered":"http:\/\/www.friedenkoeln.de\/?p=12030"},"modified":"2018-04-16T23:09:28","modified_gmt":"2018-04-16T21:09:28","slug":"attac-beiratsmitglieder-verurteilen-verbrecherische-kriegspolitik-von-usa-grossbritannien-und-frankreich","status":"publish","type":"post","link":"https:\/\/www.friedenkoeln.de\/?p=12030","title":{"rendered":"Attac-Beiratsmitglieder verurteilen &#8222;verbrecherische Kriegspolitik von USA, Gro\u00dfbritannien und Frankreich&#8220;"},"content":{"rendered":"<p><em>Stellungnahme von Mitgliedern des wissenschaftl. Beirats von Attac Deutschland; Berlin, 15.04.2018<\/em><\/p>\n<p><strong>Wir verurteilen die Ausweitung der verbrecherischen Kriegspolitik von USA, Gro\u00dfbritannien und Frankreich auf dem syrischen Territorium mit Zustimmung der Bundeskanzlerin<\/strong><\/p>\n<p>Die massive Schuldzuweisung der USA und ihrer Verb\u00fcndeten an die Adresse der syrischen und russischen Pr\u00e4sidenten Assad und Putin nach dem mutma\u00dflichen Giftgaseinsatz im syrischen Duma sowie die j\u00fcngsten Milit\u00e4reins\u00e4tze, verbunden mit der Kriegsdrohung des US-Pr\u00e4sidenten Trump gegen Russland erwecken den Eindruck einer von langer Hand geplanten Inszenierung zur Vorbereitung eines in letzter Konsequenz gegen Russland gerichteten Krieges, der in einen unkontrollierbaren globalen Fl\u00e4chenbrand einzum\u00fcnden droht.<\/p>\n<div id=\"attachment_11773\" style=\"width: 456px\" class=\"wp-caption alignright\"><a href=\"http:\/\/www.friedenkoeln.de\/wp-content\/uploads\/2018\/02\/fullsizeoutput_91c.jpeg\" data-rel=\"lightbox-image-0\" data-rl_title=\"\" data-rl_caption=\"\" title=\"\"><img loading=\"lazy\" decoding=\"async\" aria-describedby=\"caption-attachment-11773\" class=\" wp-image-11773\" src=\"http:\/\/www.friedenkoeln.de\/wp-content\/uploads\/2018\/02\/fullsizeoutput_91c-1024x625.jpeg\" alt=\"Zwei auf eine Wand gemalte olivgr\u00fcne Panzer richten ihre Kanonen aufeinander. Dar\u00fcber steht in roter Schrift: &quot;War is not the answer!&quot;\" width=\"446\" height=\"272\" srcset=\"https:\/\/www.friedenkoeln.de\/wp-content\/uploads\/2018\/02\/fullsizeoutput_91c-1024x625.jpeg 1024w, https:\/\/www.friedenkoeln.de\/wp-content\/uploads\/2018\/02\/fullsizeoutput_91c-768x469.jpeg 768w, https:\/\/www.friedenkoeln.de\/wp-content\/uploads\/2018\/02\/fullsizeoutput_91c-80x50.jpeg 80w\" sizes=\"auto, (max-width: 446px) 100vw, 446px\" \/><\/a><p id=\"caption-attachment-11773\" class=\"wp-caption-text\">&#8222;War is not the answer!&#8220; Graffito in K\u00f6ln, vermutlich aus 2003. Foto (Ausschnitt): privat.<\/p><\/div>\n<p>Wir sind \u00e4u\u00dferst emp\u00f6rt und besorgt \u00fcber den verantwortungslosen Umgang nicht zuletzt der Bundesregierung angesichts ihrer leichtfertigen Unterst\u00fctzung der Position der Regierungen in Gro\u00dfbritannien, Frankreich und den USA. Anstatt auf diese m\u00e4\u00dfigend Einfluss zu nehmen, gie\u00dft sie \u00d6l in das Feuer.<\/p>\n<p>Wir erkl\u00e4ren: Giftgaseins\u00e4tze sind Kriegsverbrechen. Diese m\u00fcssen vor dem Haager Tribunal mit entsprechenden Konsequenzen verhandelt werden. Jedwede kriegerische Handlungen auf Grund von Mutma\u00dfungen durch einen Staat oder ein B\u00fcndnis von Staaten stellen selbst ein Kriegsverbrechen dar. Sie geh\u00f6ren ebenfalls vor das UN-Kriegsverbrecher-Tribunal.<\/p>\n<p>Wir verurteilen die Haltung der deutschen Bundesregierung im aktuellen Konflikt:<\/p>\n<ul>\n<li>Es ist politisch unverantwortlich, dass die Bundeskanzlerin und der Au\u00dfenminister sich im Skripal-Fall die Schuldzuweisungen der britischen Regierung gegen Russland zu eigen gemacht haben.<\/li>\n<li>Es ist ein Skandal, wenn der Vorsitzende des Ausw\u00e4rtigen Ausschusses im Bundestag, Norbert R\u00f6ttgen, \u00f6ffentlich und bisher unwidersprochen kundtut, dass \u201e<em>Unschuldsvermutung und rechtstaatliche Verfahren nur f\u00fcr innerstaatliche Strafverfahren<\/em>\u201c gelten und <em>\u201e<\/em><em>die \u00dcbertragung rechtsstaatlicher Grunds\u00e4tze auf internationale Beziehungen wirklich Unsinn\u201c<\/em> <em>sei<\/em><em>. <\/em>Herr R\u00f6ttgen wirft damit s\u00e4mtliche auf Grund der Nazi-Kriegsverbrechen entwickelten UN-Regeln, -Verfahren und -Institutionen, wie den Haager Gerichtshof und die Menschenrechtkonvention, ja das V\u00f6lkerrecht insgesamt, \u00fcber Bord.<\/li>\n<li>Es ist nicht nachvollziehbar, wenn Frau Merkel sich faktisch hinter Trump, den unberechenbaren US-Pr\u00e4sidenten, stellt und behauptet,<em> \u201edie Evidenz, dass dort Chemiewaffen eingesetzt wurden,&#8220; sei &#8222;sehr, sehr klar und sehr deutlich&#8220;, um dann<\/em> indirekt Assad und Putin f\u00fcr den angeblichen Giftgaseinsatz in Syrien verantwortlich zu machen. Es ist nicht hinnehmbar, dass sie die Mitwirkung der Bundesrepublik an einem v\u00f6lkerrechtswidrigen Angriffskrieg ank\u00fcndigt.<\/li>\n<li>Wir verlangen von der Bundesregierung, sich von der Politik der Regierungen in Gro\u00dfbritannien, Frankreich und den USA, die den Weltfrieden aufs \u00c4u\u00dferste bedrohen, klar zu distanzieren und deutsche AWACS-Flugzeuge im Rahmen der US-gef\u00fchrten \u201eAnti-IS-Allianz\u201c sofort zur\u00fcckzubeordern.<\/li>\n<li>Wir fordern die Bundesregierung und das deutsche Parlament eindringlich auf, die R\u00fcstungsausgaben unter keinen Umst\u00e4nden zu erh\u00f6hen und darauf hinzuwirken, dass der NATO-Beschluss zu ihrer Erh\u00f6hung auf zwei Prozent des Bruttoinlandsprodukts ersatzlos zur\u00fcckgenommen wird.<\/li>\n<\/ul>\n<p>V.i.S.d.P.: Prof. Dr. Mohssen Massarrat, <a href=\"mailto:Mohssen.Massarrat@uos.de\">Mohssen.Massarrat@uos.de<\/a>, Tel: 0176-96746309<\/p>\n<p>UnterzeichnerInnen:<\/p>\n<p>Prof. Dr. Michael Brie, Prof. Dr. Wolfgang D\u00e4ubler, Prof. Dr. Peter Herrmann, Prof. Dr. Rudolf Hickel, Dr. Fritz Storim, Prof. Dr. Michael Schneider, Prof. Dr. Mohssen Massarrat, Prof. Dr. Christoph Butterwegge, Prof. Dr. Armin Bernhard, Prof. Dr. Frigga Haug, Prof. Dr. Wolfgang Fritz Haug, Dr. Werner R\u00fcgemer, Prof. Dr. Wolfgang Neef, Prof. Dr. Frieder Otto Wolf, Prof. Dr. Stefan Bestmann, Dr. Lydia Kr\u00fcger, Prof. Dr. Rudolph Bauer, Prof. Dr. Birgit Mahnkopf, apl. Prof. Dr. Nico Paech, Prof. Dr. John Neelsen, Prof. Dr. Ulrich Duchrow, Prof. Dr. Ingrid Lohmann, Dr. Lutz Mez, Prof. Dr. Ulrich Brand, Prof. Dr. Klaus Meschkat, Dr. Thomas Sablowski, Dr. Josef Berghold, Prof. Dr. J\u00f6rg Reitzig, Prof. Dr. Norman Paech<\/p>\n","protected":false},"excerpt":{"rendered":"<p>Stellungnahme von Mitgliedern des wissenschaftl. Beirats von Attac Deutschland; Berlin, 15.04.2018 Wir verurteilen die Ausweitung der verbrecherischen Kriegspolitik von USA, Gro\u00dfbritannien und Frankreich auf dem syrischen Territorium mit Zustimmung der Bundeskanzlerin Die massive Schuldzuweisung&#46;&#46;&#46;<\/p>\n","protected":false},"author":110,"featured_media":0,"comment_status":"open","ping_status":"open","sticky":false,"template":"","format":"standard","meta":{"footnotes":""},"categories":[87],"tags":[42,70,68,96,94,73,91],"class_list":["post-12030","post","type-post","status-publish","format-standard","hentry","category-pressemitteilung","tag-abruestung","tag-auslandseinsaetze-der-bundeswehr","tag-bundesregierung","tag-chemiewaffen","tag-nato","tag-vereinte-nationen","tag-voelkerrecht"],"_links":{"self":[{"href":"https:\/\/www.friedenkoeln.de\/index.php?rest_route=\/wp\/v2\/posts\/12030","targetHints":{"allow":["GET"]}}],"collection":[{"href":"https:\/\/www.friedenkoeln.de\/index.php?rest_route=\/wp\/v2\/posts"}],"about":[{"href":"https:\/\/www.friedenkoeln.de\/index.php?rest_route=\/wp\/v2\/types\/post"}],"author":[{"embeddable":true,"href":"https:\/\/www.friedenkoeln.de\/index.php?rest_route=\/wp\/v2\/users\/110"}],"replies":[{"embeddable":true,"href":"https:\/\/www.friedenkoeln.de\/index.php?rest_route=%2Fwp%2Fv2%2Fcomments&post=12030"}],"version-history":[{"count":4,"href":"https:\/\/www.friedenkoeln.de\/index.php?rest_route=\/wp\/v2\/posts\/12030\/revisions"}],"predecessor-version":[{"id":12034,"href":"https:\/\/www.friedenkoeln.de\/index.php?rest_route=\/wp\/v2\/posts\/12030\/revisions\/12034"}],"wp:attachment":[{"href":"https:\/\/www.friedenkoeln.de\/index.php?rest_route=%2Fwp%2Fv2%2Fmedia&parent=12030"}],"wp:term":[{"taxonomy":"category","embeddable":true,"href":"https:\/\/www.friedenkoeln.de\/index.php?rest_route=%2Fwp%2Fv2%2Fcategories&post=12030"},{"taxonomy":"post_tag","embeddable":true,"href":"https:\/\/www.friedenkoeln.de\/index.php?rest_route=%2Fwp%2Fv2%2Ftags&post=12030"}],"curies":[{"name":"wp","href":"https:\/\/api.w.org\/{rel}","templated":true}]}}