{"id":12043,"date":"2018-04-23T08:30:02","date_gmt":"2018-04-23T06:30:02","guid":{"rendered":"http:\/\/www.friedenkoeln.de\/?p=12043"},"modified":"2018-04-23T08:31:04","modified_gmt":"2018-04-23T06:31:04","slug":"einladung-zur-tagung-keine-jugendlichen-zur-bundeswehr-nein-zur-aufruestung-der-armee","status":"publish","type":"post","link":"https:\/\/www.friedenkoeln.de\/?p=12043","title":{"rendered":"Einladung zur Tagung: Keine Jugendlichen zur Bundeswehr \u2013 Nein zur Aufr\u00fcstung der Armee!"},"content":{"rendered":"<div class=\"header\">\n<div class=\"teaser-text\">Das B\u00fcndnis \u201eSchule ohne Bundeswehr NRW\u201c l\u00e4dt gemeinsam mit der GEW NRW und dem Landesverband NRW der Deutschen Friedensgesellschaft &#8211; Vereinigte KriegsdienstgegnerInnen zu einer Tagung ein:<\/div>\n<div><\/div>\n<div class=\"teaser-text\" style=\"text-align: center;\"><strong>am 28. April 2018, 13:00\u201317:00 Uhr,<\/strong><\/div>\n<div class=\"teaser-text\" style=\"text-align: center;\"><strong>im DGB-Haus, Teichstra\u00dfe 4, 45127 Essen<\/strong><\/div>\n<\/div>\n<div class=\"body row\">\n<div class=\"col-md-12 body-wrap\">\n<p class=\"bodytext\">Die Gro\u00dfe Koalition ist Realit\u00e4t geworden, und damit geht die Militarisierung der deutschen Au\u00dfenpolitik weiter. Kanzlerin Angela Merkel hat die geplante Verdoppelung des Milit\u00e4retats auf zwei Prozent der deutschen Wirtschaftsleistung best\u00e4tigt, Verteidigungsministerin Ursula von der Leyen will die Aufstockung der Bundeswehr um 20.000 Soldat*innen. Die Bundestagsmehrheit wird die Verl\u00e4ngerung von sechs Auslands- und Kriegseins\u00e4tzen beschlie\u00dfen, darunter die in Afghanistan, Mali und Irak. F\u00fcr all das muss die Bundeswehr weiter Nachwuchs anwerben \u2013 in Schulen und anderswo.<\/p>\n<p class=\"bodytext\"><a href=\"http:\/\/www.friedenkoeln.de\/wp-content\/uploads\/2018\/04\/fullsizeoutput_946.jpeg\" data-rel=\"lightbox-image-0\" data-rl_title=\"\" data-rl_caption=\"\" title=\"\"><img loading=\"lazy\" decoding=\"async\" class=\"size-full wp-image-12045 aligncenter\" src=\"http:\/\/www.friedenkoeln.de\/wp-content\/uploads\/2018\/04\/fullsizeoutput_946.jpeg\" alt=\"Logo-Banner der Kampagne &quot;Schule ohne Bundeswehr&quot;. Zu sehen ist eine Schultafel mit derselben Aufschrift und einem mit Schulkreide gezeichneten durchgestrichenen Soldatenhelm.\" width=\"940\" height=\"198\" srcset=\"https:\/\/www.friedenkoeln.de\/wp-content\/uploads\/2018\/04\/fullsizeoutput_946.jpeg 940w, https:\/\/www.friedenkoeln.de\/wp-content\/uploads\/2018\/04\/fullsizeoutput_946-768x162.jpeg 768w\" sizes=\"auto, (max-width: 940px) 100vw, 940px\" \/><\/a>Die Tagung greift zwei zentrale Themen auf: die <strong>Rekrutierung von Minderj\u00e4hrigen<\/strong> und die <strong>Aufr\u00fcstung<\/strong>, die mit der Erh\u00f6hung des Milit\u00e4retats verbunden ist. Was kann man gegen diese Entwicklung tun? Welche Argumentationen und Aktionen gegen eine weitere Militarisierung der Au\u00dfenpolitik und gegen die Werbung vor allem von Minderj\u00e4hrigen sind effektiv? Welche Aktionen gegen Bundeswehr an Schulen waren erfolgreich? Was muss anders gemacht werden?<\/p>\n<h4>Programm<\/h4>\n<ul class=\"disadvantages\">\n<li>13:15 Uhr: <strong>Michael Schulze von Gla\u00dfer (DFG-VK)<\/strong>: Nein zur Rekrutierung von Minderj\u00e4hrigen durch die Bundeswehr,<\/li>\n<li>14:15 Uhr: <strong>L\u00fchr Henken, Kasseler Friedensratschlag<\/strong>: Verdopplung des Milit\u00e4retas \u2013 Wozu und mit welchen Konsequenzen?<\/li>\n<li>16:00 Uhr:<strong> Ideenb\u00f6rse mit Berichten, Erfahrungsaustausch und Strategie\u00fcberlegungen<\/strong>:\u00a0Bundeswehr an Schulen entgegentreten<\/li>\n<\/ul>\n<p class=\"bodytext\"><strong>Kosten:<\/strong> 5,- Euro<\/p>\n<p class=\"bodytext\"><strong>Anmeldung: <\/strong>Bettina Beeftink nimmt per E-Mail an <a class=\"mail\" title=\"E-Mail an bettina.beeftink@gew-nrw.de\">bettina.beeftink@gew-nrw.de <\/a>Anmeldungen entgegen.<\/p>\n<p class=\"bodytext\"><strong><a href=\"http:\/\/www.schule-ohne-bundeswehr-nrw.de\/wp-content\/uploads\/Flyer_Tagung0418_web.pdf\">Flyer zur Tagung\u00a0<\/a><\/strong><\/p>\n<\/div>\n<\/div>\n","protected":false},"excerpt":{"rendered":"<p>Das B\u00fcndnis \u201eSchule ohne Bundeswehr NRW\u201c l\u00e4dt gemeinsam mit der GEW NRW und dem Landesverband NRW der Deutschen Friedensgesellschaft &#8211; Vereinigte KriegsdienstgegnerInnen zu einer Tagung ein: am 28. April 2018, 13:00\u201317:00 Uhr, im DGB-Haus,&#46;&#46;&#46;<\/p>\n","protected":false},"author":110,"featured_media":0,"comment_status":"open","ping_status":"open","sticky":false,"template":"","format":"standard","meta":{"footnotes":""},"categories":[2],"tags":[42,48,38,97,5,31,89,65],"class_list":["post-12043","post","type-post","status-publish","format-standard","hentry","category-aktionen","tag-abruestung","tag-bundeswehr","tag-bundeswehr-und-schule","tag-gewerkschaft","tag-kindersoldaten","tag-konferenzen","tag-militarisierung-der-gesellschaft","tag-schule"],"_links":{"self":[{"href":"https:\/\/www.friedenkoeln.de\/index.php?rest_route=\/wp\/v2\/posts\/12043","targetHints":{"allow":["GET"]}}],"collection":[{"href":"https:\/\/www.friedenkoeln.de\/index.php?rest_route=\/wp\/v2\/posts"}],"about":[{"href":"https:\/\/www.friedenkoeln.de\/index.php?rest_route=\/wp\/v2\/types\/post"}],"author":[{"embeddable":true,"href":"https:\/\/www.friedenkoeln.de\/index.php?rest_route=\/wp\/v2\/users\/110"}],"replies":[{"embeddable":true,"href":"https:\/\/www.friedenkoeln.de\/index.php?rest_route=%2Fwp%2Fv2%2Fcomments&post=12043"}],"version-history":[{"count":4,"href":"https:\/\/www.friedenkoeln.de\/index.php?rest_route=\/wp\/v2\/posts\/12043\/revisions"}],"predecessor-version":[{"id":12048,"href":"https:\/\/www.friedenkoeln.de\/index.php?rest_route=\/wp\/v2\/posts\/12043\/revisions\/12048"}],"wp:attachment":[{"href":"https:\/\/www.friedenkoeln.de\/index.php?rest_route=%2Fwp%2Fv2%2Fmedia&parent=12043"}],"wp:term":[{"taxonomy":"category","embeddable":true,"href":"https:\/\/www.friedenkoeln.de\/index.php?rest_route=%2Fwp%2Fv2%2Fcategories&post=12043"},{"taxonomy":"post_tag","embeddable":true,"href":"https:\/\/www.friedenkoeln.de\/index.php?rest_route=%2Fwp%2Fv2%2Ftags&post=12043"}],"curies":[{"name":"wp","href":"https:\/\/api.w.org\/{rel}","templated":true}]}}