{"id":12186,"date":"2018-05-06T07:00:36","date_gmt":"2018-05-06T05:00:36","guid":{"rendered":"http:\/\/www.friedenkoeln.de\/?p=12186"},"modified":"2020-11-14T23:16:20","modified_gmt":"2020-11-14T21:16:20","slug":"aus-der-vergangenheit-lernen-guido-gruenewald-erforscht-vergangenheit-der-dfg-vk-gruppe-koeln","status":"publish","type":"post","link":"https:\/\/www.friedenkoeln.de\/?p=12186","title":{"rendered":"Aus der Vergangenheit lernen &#8211; Guido Gr\u00fcnewald erforscht Geschichte der DFG-VK Gruppe K\u00f6ln"},"content":{"rendered":"<p><em>Von Stefanie Intveen.<\/em>\u00a0Dr. Guido Gr\u00fcnewald ist Historiker und seit Jahrzehnten aktives Mitglied der DFG-VK. Er hat die Geschichte der DFG-VK Gruppe K\u00f6ln erforscht und uns seine Ergebnisse zur Verf\u00fcgung gestellt. Wir bedanken uns sehr herzlich f\u00fcr das Vertrauen und die kenntnisreiche und gro\u00dfz\u00fcgige Unterst\u00fctzung unserer Arbeit!<\/p>\n<p>Zun\u00e4chst m\u00f6chten wir aber seinen Aufsatz &#8222;<a href=\"https:\/\/www.friedenkoeln.de\/wp-content\/uploads\/2018\/04\/Guido-Gr\u00fcnewald_Der-bewaffnete-Friede-ist-bankerott_Bertha-von-Suttner-und-der-gro\u00dfe-Krieg_2014_FP-41-42-GR\u00dcNEWALD-72dpi.pdf\">&#8218;Der bewaffnete Friede ist bankerott&#8216;. Bertha von Suttner, ihre MitstreiterInnen und der gro\u00dfe Krieg<\/a>&#8220;\u00a0empfehlen. Darin beschreibt der Verfasser, wie die Pazifist*innen vor 1914 den gro\u00dfen Krieg kommen sahen und \u00a0mit welchen Mitteln und Argumenten sie versuchten, die Katastrophe zu verhindern. Die Geschichte wiederholt sich nicht, aber einige Parallelen zur heutigen Zeit sind erkennbar. Die damaligen Diskussionen nachzuvollziehen, ist unterhaltsam, eine gute Vorbereitung f\u00fcr die heutige politische Arbeit und hilft bei der Orientierung.<\/p>\n<div id=\"attachment_12106\" style=\"width: 726px\" class=\"wp-caption aligncenter\"><a href=\"http:\/\/www.friedenkoeln.de\/wp-content\/uploads\/2018\/04\/Bertha-von-Suttner-1906.jpg\" data-rel=\"lightbox-image-0\" data-rl_title=\"\" data-rl_caption=\"\" title=\"\"><img loading=\"lazy\" decoding=\"async\" aria-describedby=\"caption-attachment-12106\" class=\"size-full wp-image-12106\" src=\"http:\/\/www.friedenkoeln.de\/wp-content\/uploads\/2018\/04\/Bertha-von-Suttner-1906.jpg\" alt=\"Die Schwarzwei\u00dffotographie zeigt eine junge, etwas korpulente, h\u00fcbsche Frau, die ernst in die Kamera blickt. Sie tr\u00e4gt ein dunkles Kleid mit weiten \u00c4rmeln und eine dunkle Kopfbedeckung mit einer Art schmalen Schleier, der \u00fcber Hinterkopf und R\u00fccken herabf\u00e4llt.\" width=\"716\" height=\"974\" \/><\/a><p id=\"caption-attachment-12106\" class=\"wp-caption-text\">Bertha von Suttner (1906). Foto: Carl Pietzner<\/p><\/div>\n","protected":false},"excerpt":{"rendered":"<p>Von Stefanie Intveen.\u00a0Dr. Guido Gr\u00fcnewald ist Historiker und seit Jahrzehnten aktives Mitglied der DFG-VK. Er hat die Geschichte der DFG-VK Gruppe K\u00f6ln erforscht und uns seine Ergebnisse zur Verf\u00fcgung gestellt. Wir bedanken uns sehr&#46;&#46;&#46;<\/p>\n","protected":false},"author":110,"featured_media":0,"comment_status":"open","ping_status":"open","sticky":false,"template":"","format":"standard","meta":{"footnotes":""},"categories":[105],"tags":[45,3],"class_list":["post-12186","post","type-post","status-publish","format-standard","hentry","category-bericht","tag-geschichte","tag-pazifismus"],"_links":{"self":[{"href":"https:\/\/www.friedenkoeln.de\/index.php?rest_route=\/wp\/v2\/posts\/12186","targetHints":{"allow":["GET"]}}],"collection":[{"href":"https:\/\/www.friedenkoeln.de\/index.php?rest_route=\/wp\/v2\/posts"}],"about":[{"href":"https:\/\/www.friedenkoeln.de\/index.php?rest_route=\/wp\/v2\/types\/post"}],"author":[{"embeddable":true,"href":"https:\/\/www.friedenkoeln.de\/index.php?rest_route=\/wp\/v2\/users\/110"}],"replies":[{"embeddable":true,"href":"https:\/\/www.friedenkoeln.de\/index.php?rest_route=%2Fwp%2Fv2%2Fcomments&post=12186"}],"version-history":[{"count":8,"href":"https:\/\/www.friedenkoeln.de\/index.php?rest_route=\/wp\/v2\/posts\/12186\/revisions"}],"predecessor-version":[{"id":12194,"href":"https:\/\/www.friedenkoeln.de\/index.php?rest_route=\/wp\/v2\/posts\/12186\/revisions\/12194"}],"wp:attachment":[{"href":"https:\/\/www.friedenkoeln.de\/index.php?rest_route=%2Fwp%2Fv2%2Fmedia&parent=12186"}],"wp:term":[{"taxonomy":"category","embeddable":true,"href":"https:\/\/www.friedenkoeln.de\/index.php?rest_route=%2Fwp%2Fv2%2Fcategories&post=12186"},{"taxonomy":"post_tag","embeddable":true,"href":"https:\/\/www.friedenkoeln.de\/index.php?rest_route=%2Fwp%2Fv2%2Ftags&post=12186"}],"curies":[{"name":"wp","href":"https:\/\/api.w.org\/{rel}","templated":true}]}}