{"id":12195,"date":"2018-05-07T07:00:54","date_gmt":"2018-05-07T05:00:54","guid":{"rendered":"http:\/\/www.friedenkoeln.de\/?p=12195"},"modified":"2020-11-14T23:16:06","modified_gmt":"2020-11-14T21:16:06","slug":"kaufmann-joseph-hausmann-aus-koeln-nippes-bittet-wehrverein-vernuenftige-menschen-mit-eseleien-zu-verschonen","status":"publish","type":"post","link":"https:\/\/www.friedenkoeln.de\/?p=12195","title":{"rendered":"Kaufmann Joseph Hausmann aus K\u00f6ln-Nippes bittet Wehrverein, &#8222;vern\u00fcnftige Menschen mit (&#8230;) Eseleien zu verschonen&#8220;"},"content":{"rendered":"<p><em>Von Stefanie Intveen.\u00a0<\/em>Eine Anekdote aus 1912 wirft ein Schlaglicht auf die politische Stimmung in der Gr\u00fcndungsphase der Ortsgruppe K\u00f6ln der Deutschen Friedensgesellschaft (DFG). Ein Mitglied der DFG, der Kaufmann Joseph Hausmann aus K\u00f6ln-Nippes erhielt eine Einladung, dem Deutschen Wehrverein beizutreten. Hausmann schickte die Einladung mit der Bemerkung, man m\u00f6ge<\/p>\n<blockquote><p>vern\u00fcnftige Menschen mit derartigen Eseleien verschonen<\/p><\/blockquote>\n<p>zur\u00fcck an den Absender, woraufhin die Staatsanwaltschaft Anklage wegen Beleidigung erhob.<\/p>\n<p>Diese und weitere <a href=\"https:\/\/www.friedenkoeln.de\/?page_id=11235\">Details aus der Gr\u00fcndungszeit hat Guido Gr\u00fcnewald f\u00fcr uns recherchiert<\/a>.<\/p>\n<p>&nbsp;<\/p>\n<p>&nbsp;<\/p>\n<p>&nbsp;<\/p>\n<p>&nbsp;<\/p>\n","protected":false},"excerpt":{"rendered":"<p>Von Stefanie Intveen.\u00a0Eine Anekdote aus 1912 wirft ein Schlaglicht auf die politische Stimmung in der Gr\u00fcndungsphase der Ortsgruppe K\u00f6ln der Deutschen Friedensgesellschaft (DFG). Ein Mitglied der DFG, der Kaufmann Joseph Hausmann aus K\u00f6ln-Nippes erhielt&#46;&#46;&#46;<\/p>\n","protected":false},"author":110,"featured_media":0,"comment_status":"open","ping_status":"open","sticky":false,"template":"","format":"standard","meta":{"footnotes":""},"categories":[106,105],"tags":[45,89,3],"class_list":["post-12195","post","type-post","status-publish","format-standard","hentry","category-analyse","category-bericht","tag-geschichte","tag-militarisierung-der-gesellschaft","tag-pazifismus"],"_links":{"self":[{"href":"https:\/\/www.friedenkoeln.de\/index.php?rest_route=\/wp\/v2\/posts\/12195","targetHints":{"allow":["GET"]}}],"collection":[{"href":"https:\/\/www.friedenkoeln.de\/index.php?rest_route=\/wp\/v2\/posts"}],"about":[{"href":"https:\/\/www.friedenkoeln.de\/index.php?rest_route=\/wp\/v2\/types\/post"}],"author":[{"embeddable":true,"href":"https:\/\/www.friedenkoeln.de\/index.php?rest_route=\/wp\/v2\/users\/110"}],"replies":[{"embeddable":true,"href":"https:\/\/www.friedenkoeln.de\/index.php?rest_route=%2Fwp%2Fv2%2Fcomments&post=12195"}],"version-history":[{"count":1,"href":"https:\/\/www.friedenkoeln.de\/index.php?rest_route=\/wp\/v2\/posts\/12195\/revisions"}],"predecessor-version":[{"id":12196,"href":"https:\/\/www.friedenkoeln.de\/index.php?rest_route=\/wp\/v2\/posts\/12195\/revisions\/12196"}],"wp:attachment":[{"href":"https:\/\/www.friedenkoeln.de\/index.php?rest_route=%2Fwp%2Fv2%2Fmedia&parent=12195"}],"wp:term":[{"taxonomy":"category","embeddable":true,"href":"https:\/\/www.friedenkoeln.de\/index.php?rest_route=%2Fwp%2Fv2%2Fcategories&post=12195"},{"taxonomy":"post_tag","embeddable":true,"href":"https:\/\/www.friedenkoeln.de\/index.php?rest_route=%2Fwp%2Fv2%2Ftags&post=12195"}],"curies":[{"name":"wp","href":"https:\/\/api.w.org\/{rel}","templated":true}]}}