{"id":12198,"date":"2018-05-11T07:00:57","date_gmt":"2018-05-11T05:00:57","guid":{"rendered":"http:\/\/www.friedenkoeln.de\/?p=12198"},"modified":"2018-05-10T22:42:28","modified_gmt":"2018-05-10T20:42:28","slug":"bundesausschuss-friedensratschlag-aufruestung-ist-toericht-russland-senkt-ruestungsausgaben","status":"publish","type":"post","link":"https:\/\/www.friedenkoeln.de\/?p=12198","title":{"rendered":"Bundesausschuss Friedensratschlag: Aufr\u00fcstung ist t\u00f6richt &#8211; Russland senkt R\u00fcstungsausgaben"},"content":{"rendered":"<p><em>Stellungnahme des Bundesausschusses Friedensratschlag vom 2. Mai 2018.<\/em><\/p>\n<ul>\n<li><strong>Deutsche Milit\u00e4rausgaben so hoch wie seit fast 20 Jahren nicht<\/strong><\/li>\n<li><strong>Russland senkt Milit\u00e4rhaushalt um 20 Prozent<\/strong><\/li>\n<li><strong>F\u00fcr Entspannung mit Russland! Bundeswehr und NATO abr\u00fcsten!<\/strong><\/li>\n<\/ul>\n<p>Anl\u00e4sslich der Ver\u00f6ffentlichung der Zahlen des Stockholmer Friedensforschungsinstituts SIPRI \u00fcber die j\u00e4hrlichen nationalen R\u00fcstungsausgaben 2017 erkl\u00e4ren die Sprecher des Bundesausschusses Friedensratschlag L\u00fchr Henken (Berlin) und Willi van Ooyen (Frankfurt am Main):<\/p>\n<p>Das renommierte Stockholmer Friedensforschungsinstitut SIPRI errechnete f\u00fcr 2017 die Milit\u00e4rausgaben der Nationalstaaten und erm\u00f6glicht zudem Steigerungsraten und Ausgabenk\u00fcrzungen \u00fcber die Jahre zu vergleichen, indem sie inflationsbedingte Verzerrungen heraus rechnet.<\/p>\n<p>Daraus ergeben sich f\u00fcr 2017 sehr bemerkenswerte Erkenntnisse:<\/p>\n<p><a href=\"http:\/\/www.friedenkoeln.de\/wp-content\/uploads\/2016\/12\/fullsizeoutput_25d.jpeg\" data-rel=\"lightbox-image-0\" data-rl_title=\"\" data-rl_caption=\"\" title=\"\"><img loading=\"lazy\" decoding=\"async\" class=\"size-full wp-image-10212 alignleft\" src=\"http:\/\/www.friedenkoeln.de\/wp-content\/uploads\/2016\/12\/fullsizeoutput_25d.jpeg\" alt=\"Logo des Bundesausschuss Friedensratschlag.\" width=\"254\" height=\"181\" \/><\/a>Die deutschen Milit\u00e4rausgaben waren mit 43,023 Mrd. Dollar (2017) zuletzt im Jahr 1999 h\u00f6her. Von 2014 bis 2017 sind sie um 11,2 Prozent gestiegen. 2014 betrugen sie 38,705 Mrd. US-Dollar. Das hei\u00dft: Die Bundeswehr ist auf Aufr\u00fcstungskurs. Wir sind dar\u00fcber entsetzt, dass dieser Aufr\u00fcstungskurs beschleunigt fortgesetzt werden soll: Finanzminister Scholz will 5,5 Mrd. Euro mehr und Verteidigungsministerin von der Leyen sogar 12 Milliarden Euro mehr bis 2021 ausgeben als die Pl\u00e4ne der alten GroKo vorsahen.<\/p>\n<p>Angesichts des folgenden Faktes ist das eine t\u00f6richte Politik: Russland hat seine Milit\u00e4rausgaben von 69,3 Mrd. (2016) auf 55,3 Mrd. Dollar (2017) gesenkt. Das sind exakt 20 Prozent weniger! Russland belegt damit weltweit nur noch Platz 6 (hinter den USA, China, Saudi-Arabien, Indien und Frankreich) nach Platz 3 im Jahr 2016. Der russische Pr\u00e4sident hat angek\u00fcndigt, auch 2018 und 2019 die R\u00fcstungsausgaben weiter senken zu wollen. Wer angesichts dieser Tendenz weiterhin Russland Kriegsabsichten gegen NATO-L\u00e4nder unterstellt, f\u00fcr Aufr\u00fcstung gegen Russland trommelt, NATO-Man\u00f6ver in Ost-und S\u00fcdeuropa abh\u00e4lt und Sanktionen gegen Russland aufrecht erh\u00e4lt, erh\u00f6ht die Spannungen, obwohl die russischen Signale als Entspannungsversuch zu werten sind.<\/p>\n<p>Die Ausgaben der 29 NATO-Staaten summierten sich 2017 auf 881 Mrd. Dollar. Verglichen mit Russland ist das fast das 16 fache.<\/p>\n<p>Wenn angesichts dieser klaren Faktenlage die NATO an ihrem Ziel weiterhin festh\u00e4lt, dass ihre Mitglieder 2024 m\u00f6glichst 2 Prozent ihres Bruttoinlandsprodukts f\u00fcr das Milit\u00e4r ausgeben sollen, was f\u00fcr die Bundeswehr eine Verdoppelung ihrer Ausgaben auf (nach NATO-Kriterien) etwa 80 Mrd. Euro bedeuten w\u00fcrde, handelt realit\u00e4tsfern und unverantwortlich. Der Aufr\u00fcstungs- und Konfrontationskurs der NATO gegen Russland provoziert russische Gegnma\u00dfnahmen und sch\u00fcrt ein neues Wettr\u00fcsten, von dem wir w\u00fcnschten, es w\u00e4re auch mit dem Ende des Kalten Krieges beendet.<\/p>\n<p>Wir bekr\u00e4ftigen unsere Forderung nach Abr\u00fcstung von Bundeswehr und NATO und f\u00fcr eine Entspannungspolitik mit Russland und fordern die Friedensbewegung auf, verst\u00e4rkt Unterschriften unter den Appell an die Bundesregierung \u0084Abr\u00fcsten statt Aufr\u00fcsten\u0093 zu sammeln. (<a href=\"https:\/\/abruesten.jetzt\/\">https:\/\/abruesten.jetzt\/<\/a>)<\/p>\n<p>L\u00fchr Henken mob. 016040 66630<\/p>\n<p>Willi van Ooyen mob. 0170 185 15 17<\/p>\n","protected":false},"excerpt":{"rendered":"<p>Stellungnahme des Bundesausschusses Friedensratschlag vom 2. Mai 2018. Deutsche Milit\u00e4rausgaben so hoch wie seit fast 20 Jahren nicht Russland senkt Milit\u00e4rhaushalt um 20 Prozent F\u00fcr Entspannung mit Russland! Bundeswehr und NATO abr\u00fcsten! Anl\u00e4sslich der&#46;&#46;&#46;<\/p>\n","protected":false},"author":110,"featured_media":0,"comment_status":"open","ping_status":"open","sticky":false,"template":"","format":"standard","meta":{"footnotes":""},"categories":[87],"tags":[42,33,68,48,98,94],"class_list":["post-12198","post","type-post","status-publish","format-standard","hentry","category-pressemitteilung","tag-abruestung","tag-atomwaffen","tag-bundesregierung","tag-bundeswehr","tag-entspannungspolitik","tag-nato"],"_links":{"self":[{"href":"https:\/\/www.friedenkoeln.de\/index.php?rest_route=\/wp\/v2\/posts\/12198","targetHints":{"allow":["GET"]}}],"collection":[{"href":"https:\/\/www.friedenkoeln.de\/index.php?rest_route=\/wp\/v2\/posts"}],"about":[{"href":"https:\/\/www.friedenkoeln.de\/index.php?rest_route=\/wp\/v2\/types\/post"}],"author":[{"embeddable":true,"href":"https:\/\/www.friedenkoeln.de\/index.php?rest_route=\/wp\/v2\/users\/110"}],"replies":[{"embeddable":true,"href":"https:\/\/www.friedenkoeln.de\/index.php?rest_route=%2Fwp%2Fv2%2Fcomments&post=12198"}],"version-history":[{"count":3,"href":"https:\/\/www.friedenkoeln.de\/index.php?rest_route=\/wp\/v2\/posts\/12198\/revisions"}],"predecessor-version":[{"id":12201,"href":"https:\/\/www.friedenkoeln.de\/index.php?rest_route=\/wp\/v2\/posts\/12198\/revisions\/12201"}],"wp:attachment":[{"href":"https:\/\/www.friedenkoeln.de\/index.php?rest_route=%2Fwp%2Fv2%2Fmedia&parent=12198"}],"wp:term":[{"taxonomy":"category","embeddable":true,"href":"https:\/\/www.friedenkoeln.de\/index.php?rest_route=%2Fwp%2Fv2%2Fcategories&post=12198"},{"taxonomy":"post_tag","embeddable":true,"href":"https:\/\/www.friedenkoeln.de\/index.php?rest_route=%2Fwp%2Fv2%2Ftags&post=12198"}],"curies":[{"name":"wp","href":"https:\/\/api.w.org\/{rel}","templated":true}]}}