{"id":12202,"date":"2018-05-11T23:55:02","date_gmt":"2018-05-11T21:55:02","guid":{"rendered":"http:\/\/www.friedenkoeln.de\/?p=12202"},"modified":"2018-05-11T23:55:02","modified_gmt":"2018-05-11T21:55:02","slug":"illegale-exporte-nach-mexiko-beginn-des-heckler-koch-strafprozesses-in-stuttgart","status":"publish","type":"post","link":"https:\/\/www.friedenkoeln.de\/?p=12202","title":{"rendered":"Illegale Exporte nach Mexiko &#8211; Beginn des Heckler &#038; Koch-Strafprozesses in Stuttgart"},"content":{"rendered":"<p><em>Stuttgart\/Freiburg\/T\u00fcbingen, den 11. Mai 2018.\u00a0Pressemitteilung<\/em><strong><br \/>\n<\/strong><\/p>\n<p>Am kommenden Dienstag, den 15. Mai 2018, beginnt vor dem Landgericht Stuttgart mehr als acht Jahre nach Erstattung der Strafanzeige durch J\u00fcrgen Gr\u00e4sslin und Holger Rothbauer der Prozess gegen Heckler &amp; Koch-Verantwortliche wegen illegaler Exporte von G36-Sturmgewehren nach Mexiko. Der Vorwurf: Von 2006 bis 2009 sollen tausende G36 sowie Zubeh\u00f6rteile wissentlich in mexikanische Bundesstaaten geliefert worden sein, f\u00fcr die keine Exportgenehmigungen existierten.<\/p>\n<div id=\"attachment_12206\" style=\"width: 332px\" class=\"wp-caption alignleft\"><a href=\"http:\/\/www.friedenkoeln.de\/wp-content\/uploads\/2018\/05\/fullsizeoutput_97e.jpeg\" data-rel=\"lightbox-image-0\" data-rl_title=\"\" data-rl_caption=\"\" title=\"\"><img loading=\"lazy\" decoding=\"async\" aria-describedby=\"caption-attachment-12206\" class=\" wp-image-12206\" src=\"http:\/\/www.friedenkoeln.de\/wp-content\/uploads\/2018\/05\/fullsizeoutput_97e-867x1024.jpeg\" alt=\"\" width=\"322\" height=\"380\" srcset=\"https:\/\/www.friedenkoeln.de\/wp-content\/uploads\/2018\/05\/fullsizeoutput_97e-867x1024.jpeg 867w, https:\/\/www.friedenkoeln.de\/wp-content\/uploads\/2018\/05\/fullsizeoutput_97e-768x907.jpeg 768w, https:\/\/www.friedenkoeln.de\/wp-content\/uploads\/2018\/05\/fullsizeoutput_97e.jpeg 1457w\" sizes=\"auto, (max-width: 322px) 100vw, 322px\" \/><\/a><p id=\"caption-attachment-12206\" class=\"wp-caption-text\">J\u00fcrgen Gr\u00e4sslin am 13. April 2018 in K\u00f6ln: &#8222;Stoppt das profitable Gesch\u00e4ft mit dem Waffenhandel!&#8220;. Foto: Stefanie Intveen.<\/p><\/div>\n<p>\u201eIm GLOBAL NET \u2013 STOP THE ARMS TRADE werden wir von allen Prozesstagen in mehreren Sprachen berichten\u201c, k\u00fcndigt J\u00fcrgen Gr\u00e4sslin, Vorsitzender des R\u00fcstungsInformationsB\u00fcros und Bundessprecher der DFG-VK, an. \u201eSomit k\u00f6nnen Interessierte weltweit den Prozessverlauf am Stuttgart Landgericht verfolgen. Ich w\u00fcnsche mir, dass das weltweit wahrgenommene Signal im Falle erwiesener Schuld lautet: Wer illegal T\u00f6tungsmaschinen in ein Krisengebiet ausf\u00fchrt und damit die Ermordung Unschuldiger mitverantwortet, der wird gem\u00e4\u00df Kriegswaffenkontroll- und Au\u00dfenwirtschaftsgesetz mit langj\u00e4hriger Haft bestraft\u201c, so der Anzeigeerstatter.<\/p>\n<p>Der T\u00fcbinger Rechtsanwalt Holger Rothbauer, selbst Anzeigeerstatter und anwaltlicher Vertreter des fr\u00fcheren H &amp; K-Mitarbeiters, dessen Aussage das Verfahren im April 2010 in Gang gebracht hatte, erg\u00e4nzt: \u201eDer Sachverhalt der illegalen Kriegswaffenexporte nach Mexiko, wie ihn die Anklage der Staatsanwaltschaft mit 16 Verbrechenstatbest\u00e4nden des besonders schweren, gewerbsm\u00e4\u00dfigen und bandenm\u00e4\u00dfigen Versto\u00dfes gegen das Kriegswaffenkontrollgesetz beschreibt, steht richtigerweise und unbestreitbar fest. Das bedeutet, dass es bei Mindeststrafen pro Einzeltat von einem Jahr Freiheitsstrafe insbesondere beim fr\u00fcheren Exportbeauftragten von H &amp; K und fr\u00fcheren Landgerichtspr\u00e4sidenten Peter Beyerle mit 12 Verbrechenstatbest\u00e4nden bei aller juristischen Strafzumessungskunst unm\u00f6glich f\u00fcr das Landgericht ist, im \u201eNamen des Volkes\u201c und der Opfer eine Freiheitsstrafe, die zur Bew\u00e4hrung ausgesetzt werden kann, auszusprechen.\u201c<\/p>\n<p>\u201eAnl\u00e4sslich des Prozessbeginns gilt es auch auf die fatalen Folgen hinzuweisen, die die exportierten Gewehre im Empf\u00e4ngerland hervorrufen\u201c, fordert Carola Hausotter. \u201eIn der Nacht vom 26. auf den 27. September 2014 starben im mexikanischen Bundesstaat Guerrero sechs Menschen, als Studenten der Lehramtsuniversit\u00e4t Ayotzinapa von Polizeikr\u00e4ften und weiteren bewaffneten Gruppen angegriffen wurden. 43 Studenten fielen der Praxis des Verschwindenlassens zum Opfer; ihr Fall ist bis heute nicht aufgekl\u00e4rt. Bei dem Angriff wurden von den Sicherheitskr\u00e4ften nachweislich G36 Schnellfeuergewehre aus deutscher Herstellung eingesetzt, die gem\u00e4\u00df der offiziellen Genehmigungen nie nach Guerrero h\u00e4tten gelangen d\u00fcrfen. In dem Prozess wird gekl\u00e4rt, inwieweit gegen das Kriegswaffenkontrollgesetz und das Au\u00dfenwirtschaftsgesetz versto\u00dfen wurde. Damit w\u00e4re auch die direkte Mitverantwortung von Heckler &amp; Koch erwiesen\u201c, so die Koordinatorin der Deutschen Menschenrechtskoordination Mexiko.<\/p>\n<p>Dabei gilt es auch die Bundesregierung sowie die Genehmigungsbeh\u00f6rden in die Verantwortung zu nehmen. \u201eOffensichtliche Gr\u00fcnde wie zunehmende Gewalt, Menschenrechtsverletzungen sowie Korruption und Straflosigkeit h\u00e4tten daf\u00fcr gesprochen, \u00fcberhaupt keine Waffen nach Mexiko zu liefern. Der Versuch der Bundesregierung, den Endverbleib auf bestimmte Bundesstaaten innerhalb Mexikos zu begrenzen, war von Anfang an zum Scheitern verurteilt. Schlie\u00dflich ist erwiesen, dass Waffen nicht einmal vor Staatsgrenzen Halt machen \u2013 geschweige denn vor Grenzen von Bundesstaaten\u201c, stellt Charlotte Kehne fest. \u201eDer Fall Ayotzinapa ist ein Beispiel, das uns auf tragische Weise zeigt, wie einfach Kleinwaffen zu anderen als den vorgesehenen Empf\u00e4ngerinnen und Empf\u00e4ngern gelangen. Kleinwaffen wandern \u2013 deshalb hilft nur ein striktes Kleinwaffenexportverbot!\u201c, fordert die Referentin f\u00fcr R\u00fcstungsexportkontrolle bei Ohne R\u00fcstung Leben.<\/p>\n<p>Wir f\u00fchlen uns den vielen Opfern dieser skrupellosen Gesch\u00e4ftspraxis sowie skandal\u00f6sen Exportpolitik und ihren Angeh\u00f6rigen verbunden und m\u00f6chten ihrer am 15. Mai 2018 gedenken. Vor Prozessbeginn wird eine Mahnwache vor dem Stuttgarter Landgericht stattfinden (Urbanstra\u00dfe 20, 70182 Stuttgart, 8:00 bis 9:00 Uhr). Wir rufen die \u00d6ffentlichkeit dazu auf, an dieserteilzunehmen.<\/p>\n<p><strong>Kontakt:<\/strong><\/p>\n<p><strong>J\u00fcrgen Gr\u00e4sslin, <\/strong>RIB e.V., DFG-VK, Aktion Aufschrei \u2013 Stoppt den Waffenhandel!, Kritische Aktion\u00e4r*innen H&amp;K, Mob.: 0170-6113759, <a href=\"mailto:jg@rib-ev.de\">jg@rib-ev.de<\/a>, <a href=\"http:\/\/www.gn-stat.org\/\">www.gn-stat.org<\/a>, <a href=\"http:\/\/www.rib-ev.de\/\">www.rib-ev.de<\/a><\/p>\n<p><strong>Holger Rothbauer<\/strong>, DEHR-Anw\u00e4lte T\u00fcbingen, Tel.: 07071-1504949, Mob.: 0173-6577693<\/p>\n<p><strong>Carola Hausotter<\/strong>, Deutsche Menschenrechtskoordination Mexiko, Mob.: 0177-9332320, <a href=\"mailto:office@mexiko-koordination.de\">office@mexiko-koordination.de<\/a>, <a href=\"http:\/\/www.mexiko-koordination.de\/\">www.mexiko-koordination.de<\/a><\/p>\n<p><strong>Charlotte Kehne<\/strong>, Ohne R\u00fcstung Leben, Aktion Aufschrei \u2013 Stoppt den Waffenhandel!, Tel.: 0711-62039372, Mob.: 0162-5784235, <a href=\"mailto:orl-kehne@gaia.de\">orl-kehne@gaia.de<\/a>, <a href=\"http:\/\/www.ohne-ruestung-leben.de\/\">www.ohne-ruestung-leben.de<\/a><\/p>\n<p>Interviews w\u00e4hrend der Mahnwache am 15. Mai 2018 zwischen 8:00 und 9:00 Uhr vor dem Landgericht Stuttgart, Urbanstra\u00dfe 20, 70182 Stuttgart.<\/p>\n<p><a href=\"http:\/\/www.juergengraesslin.com\/\">www.juergengraesslin.com<\/a><br \/>\n<a href=\"http:\/\/www.aufschrei-waffenhandel.de\/\">www.aufschrei-waffenhandel.de<\/a><br \/>\n<a href=\"http:\/\/www.rib-ev.de\/\">www.rib-ev.de<\/a><br \/>\n<a href=\"http:\/\/www.dfg-vk.de\/\">www.dfg-vk.de<\/a><br \/>\n<a href=\"http:\/\/www.frieden-geht.de\/\">www.frieden-geht.de\/<\/a><br \/>\n<a href=\"http:\/\/www.kritischeaktionaere.de\/\">www.kritischeaktionaere.de<\/a><\/p>\n<p><em>J\u00fcrgen Gr\u00e4sslin ist einer der Bundessprecher der DFG-VK.<\/em><\/p>\n","protected":false},"excerpt":{"rendered":"<p>Stuttgart\/Freiburg\/T\u00fcbingen, den 11. Mai 2018.\u00a0Pressemitteilung Am kommenden Dienstag, den 15. Mai 2018, beginnt vor dem Landgericht Stuttgart mehr als acht Jahre nach Erstattung der Strafanzeige durch J\u00fcrgen Gr\u00e4sslin und Holger Rothbauer der Prozess gegen&#46;&#46;&#46;<\/p>\n","protected":false},"author":110,"featured_media":0,"comment_status":"open","ping_status":"open","sticky":false,"template":"","format":"standard","meta":{"footnotes":""},"categories":[2,87],"tags":[68,80,37,71],"class_list":["post-12202","post","type-post","status-publish","format-standard","hentry","category-aktionen","category-pressemitteilung","tag-bundesregierung","tag-rechtsprechung","tag-ruestungsexporte","tag-waffenhandel"],"_links":{"self":[{"href":"https:\/\/www.friedenkoeln.de\/index.php?rest_route=\/wp\/v2\/posts\/12202","targetHints":{"allow":["GET"]}}],"collection":[{"href":"https:\/\/www.friedenkoeln.de\/index.php?rest_route=\/wp\/v2\/posts"}],"about":[{"href":"https:\/\/www.friedenkoeln.de\/index.php?rest_route=\/wp\/v2\/types\/post"}],"author":[{"embeddable":true,"href":"https:\/\/www.friedenkoeln.de\/index.php?rest_route=\/wp\/v2\/users\/110"}],"replies":[{"embeddable":true,"href":"https:\/\/www.friedenkoeln.de\/index.php?rest_route=%2Fwp%2Fv2%2Fcomments&post=12202"}],"version-history":[{"count":4,"href":"https:\/\/www.friedenkoeln.de\/index.php?rest_route=\/wp\/v2\/posts\/12202\/revisions"}],"predecessor-version":[{"id":12207,"href":"https:\/\/www.friedenkoeln.de\/index.php?rest_route=\/wp\/v2\/posts\/12202\/revisions\/12207"}],"wp:attachment":[{"href":"https:\/\/www.friedenkoeln.de\/index.php?rest_route=%2Fwp%2Fv2%2Fmedia&parent=12202"}],"wp:term":[{"taxonomy":"category","embeddable":true,"href":"https:\/\/www.friedenkoeln.de\/index.php?rest_route=%2Fwp%2Fv2%2Fcategories&post=12202"},{"taxonomy":"post_tag","embeddable":true,"href":"https:\/\/www.friedenkoeln.de\/index.php?rest_route=%2Fwp%2Fv2%2Ftags&post=12202"}],"curies":[{"name":"wp","href":"https:\/\/api.w.org\/{rel}","templated":true}]}}