{"id":12210,"date":"2018-05-13T22:29:12","date_gmt":"2018-05-13T20:29:12","guid":{"rendered":"http:\/\/www.friedenkoeln.de\/?p=12210"},"modified":"2020-11-14T23:15:52","modified_gmt":"2020-11-14T21:15:52","slug":"weimarer-republik-koelner-pazifistin-hanna-meuter-fordert-geistige-abruestung-und-echte-bildung","status":"publish","type":"post","link":"https:\/\/www.friedenkoeln.de\/?p=12210","title":{"rendered":"Weimarer Republik: K\u00f6lner Pazifistin Hanna Meuter fordert &#8222;geistige Abr\u00fcstung&#8220; und &#8222;echte Bildung&#8220;"},"content":{"rendered":"<p>Die Rheinische Zeitung berichtete am 9. M\u00e4rz 1920, die Ortsgruppe K\u00f6ln der Deutschen Friedensgesellschaft habe an das Ministerium f\u00fcr Wissenschaft, Kunst und Volksbildung und weitere Beh\u00f6rden den Antrag gerichtet,<\/p>\n<blockquote><p>auf die Lehrerbildung im Sinne einer v\u00f6lkervers\u00f6hnenden, alle Kriegstreiberei stark bek\u00e4mpfenden, den Geist der neuen demokratischen Republik pflegenden Erziehung einzuwirken.<\/p><\/blockquote>\n<p>Desweiteren beantragte sie<\/p>\n<blockquote><p>alle Lehrmittel und Lehrb\u00fccher im gleichen Sinne neu zu bearbeiten [und] insbesondere alles zu entfernen, was zum Kriege begeistert und aufreizt (&#8230;).<\/p><\/blockquote>\n<p>Schulb\u00fccher sollten &#8222;der wahren Menschheitskultur dienen&#8220;.<\/p>\n<div id=\"attachment_12050\" style=\"width: 269px\" class=\"wp-caption alignright\"><a href=\"http:\/\/www.friedenkoeln.de\/wp-content\/uploads\/2018\/04\/link-8-Foto-H.-Meuter-News-Review.-The-First-British-Newsmagazine.-August-2-1945-KAV-43096.jpg\" data-rel=\"lightbox-image-0\" data-rl_title=\"\" data-rl_caption=\"\" title=\"\"><img loading=\"lazy\" decoding=\"async\" aria-describedby=\"caption-attachment-12050\" class=\" wp-image-12050\" src=\"http:\/\/www.friedenkoeln.de\/wp-content\/uploads\/2018\/04\/link-8-Foto-H.-Meuter-News-Review.-The-First-British-Newsmagazine.-August-2-1945-KAV-43096-611x1024.jpg\" alt=\"Eine etwas unscharfe Schwarzwei\u00dffotografie einer jungen Freu mit zur\u00fcckgebundenen welligen Haaren, die freundlich und ernst zugleich in die Kamera blickt.\" width=\"259\" height=\"434\" srcset=\"https:\/\/www.friedenkoeln.de\/wp-content\/uploads\/2018\/04\/link-8-Foto-H.-Meuter-News-Review.-The-First-British-Newsmagazine.-August-2-1945-KAV-43096-611x1024.jpg 611w, https:\/\/www.friedenkoeln.de\/wp-content\/uploads\/2018\/04\/link-8-Foto-H.-Meuter-News-Review.-The-First-British-Newsmagazine.-August-2-1945-KAV-43096-768x1287.jpg 768w, https:\/\/www.friedenkoeln.de\/wp-content\/uploads\/2018\/04\/link-8-Foto-H.-Meuter-News-Review.-The-First-British-Newsmagazine.-August-2-1945-KAV-43096.jpg 862w\" sizes=\"auto, (max-width: 259px) 100vw, 259px\" \/><\/a><p id=\"caption-attachment-12050\" class=\"wp-caption-text\">Hanna Meuter. Foto: News Review. The First British Newsmagazine, August 2, 1945; mit freundlicher Genehmigung des Kreisarchivs Viersen (Bild Nr. 43096).<\/p><\/div>\n<p>In einem Beitrag zur Geschichte der DFG-VK Gruppe K\u00f6ln in der Weimarer Republik beschreibt Guido Gr\u00fcnewald, dass Abr\u00fcstung eines der zentralen Themen des K\u00f6lner Ortsvereins der Deutschen Friedensgesellschaft gewesen sei. Die Soziologin und Schulleiterin Hanna Meuter geh\u00f6rte zu den aktiven Mitgliedern der Gruppe. Um die milit\u00e4rische Abr\u00fcstung voranzubringen, hielt sie eine &#8222;geistige Abr\u00fcstung&#8220; und &#8222;echte Bildung&#8220; f\u00fcr notwendig.<\/p>\n<p>Der vollst\u00e4ndige Beitrag ist <a href=\"https:\/\/www.friedenkoeln.de\/?page_id=11240\">hier<\/a>.<\/p>\n<p>&nbsp;<\/p>\n","protected":false},"excerpt":{"rendered":"<p>Die Rheinische Zeitung berichtete am 9. M\u00e4rz 1920, die Ortsgruppe K\u00f6ln der Deutschen Friedensgesellschaft habe an das Ministerium f\u00fcr Wissenschaft, Kunst und Volksbildung und weitere Beh\u00f6rden den Antrag gerichtet, auf die Lehrerbildung im Sinne&#46;&#46;&#46;<\/p>\n","protected":false},"author":110,"featured_media":0,"comment_status":"open","ping_status":"open","sticky":false,"template":"","format":"standard","meta":{"footnotes":""},"categories":[106,105],"tags":[42,45,3,65],"class_list":["post-12210","post","type-post","status-publish","format-standard","hentry","category-analyse","category-bericht","tag-abruestung","tag-geschichte","tag-pazifismus","tag-schule"],"_links":{"self":[{"href":"https:\/\/www.friedenkoeln.de\/index.php?rest_route=\/wp\/v2\/posts\/12210","targetHints":{"allow":["GET"]}}],"collection":[{"href":"https:\/\/www.friedenkoeln.de\/index.php?rest_route=\/wp\/v2\/posts"}],"about":[{"href":"https:\/\/www.friedenkoeln.de\/index.php?rest_route=\/wp\/v2\/types\/post"}],"author":[{"embeddable":true,"href":"https:\/\/www.friedenkoeln.de\/index.php?rest_route=\/wp\/v2\/users\/110"}],"replies":[{"embeddable":true,"href":"https:\/\/www.friedenkoeln.de\/index.php?rest_route=%2Fwp%2Fv2%2Fcomments&post=12210"}],"version-history":[{"count":5,"href":"https:\/\/www.friedenkoeln.de\/index.php?rest_route=\/wp\/v2\/posts\/12210\/revisions"}],"predecessor-version":[{"id":12215,"href":"https:\/\/www.friedenkoeln.de\/index.php?rest_route=\/wp\/v2\/posts\/12210\/revisions\/12215"}],"wp:attachment":[{"href":"https:\/\/www.friedenkoeln.de\/index.php?rest_route=%2Fwp%2Fv2%2Fmedia&parent=12210"}],"wp:term":[{"taxonomy":"category","embeddable":true,"href":"https:\/\/www.friedenkoeln.de\/index.php?rest_route=%2Fwp%2Fv2%2Fcategories&post=12210"},{"taxonomy":"post_tag","embeddable":true,"href":"https:\/\/www.friedenkoeln.de\/index.php?rest_route=%2Fwp%2Fv2%2Ftags&post=12210"}],"curies":[{"name":"wp","href":"https:\/\/api.w.org\/{rel}","templated":true}]}}